{"id":10022,"date":"2023-07-12T09:21:56","date_gmt":"2023-07-12T09:21:56","guid":{"rendered":"https:\/\/semfronteiras.eu\/?p=10022"},"modified":"2023-07-12T09:54:36","modified_gmt":"2023-07-12T09:54:36","slug":"flpc-que-escola-que-pais","status":"publish","type":"post","link":"http:\/\/nsf.pt\/index.php\/2023\/07\/12\/flpc-que-escola-que-pais\/","title":{"rendered":"FLPC &#8211; Que escola? Que pa\u00eds?"},"content":{"rendered":"<div class=\"wp-block-post-date\"><time datetime=\"2023-07-12T09:21:56+00:00\">12 de Julho, 2023<\/time><\/div>\n\n\n<h2 class=\"wp-block-heading\">Textos de motiva\u00e7\u00e3o para o debate no F\u00d3RUM (2)<\/h2>\n\n\n\n<div style=\"height:21px\" aria-hidden=\"true\" class=\"wp-block-spacer\"><\/div>\n\n\n\n<figure class=\"wp-block-gallery has-nested-images columns-default is-cropped wp-block-gallery-1 is-layout-flex wp-block-gallery-is-layout-flex\">\n<figure class=\"wp-block-image size-large is-style-default\"><img decoding=\"async\" loading=\"lazy\" width=\"897\" height=\"445\" data-id=\"10027\" src=\"https:\/\/semfronteiras.eu\/wp-content\/uploads\/2023\/07\/della3.jpg\" alt=\"\" class=\"wp-image-10027\" srcset=\"https:\/\/nsf.pt\/wp-content\/uploads\/2023\/07\/della3.jpg 897w, https:\/\/nsf.pt\/wp-content\/uploads\/2023\/07\/della3-300x149.jpg 300w, https:\/\/nsf.pt\/wp-content\/uploads\/2023\/07\/della3-768x381.jpg 768w\" sizes=\"(max-width: 897px) 100vw, 897px\" \/><\/figure>\n<\/figure>\n\n\n\n<p class=\"has-text-align-center\">Roberto della Santa vai moderar o painel sobre Educa\u00e7\u00e3o no FLPC<\/p>\n\n\n\n<div style=\"height:31px\" aria-hidden=\"true\" class=\"wp-block-spacer\"><\/div>\n\n\n\n<p><strong>Apresentamos o segundo texto de motiva\u00e7\u00e3o para o debate  sobre a Educa\u00e7\u00e3o e a Escola P\u00fablica da autoria de Roberto della Santa, debate que \u00e9 esperado e desejado no F\u00f3rum Liberdade e Pensamento Cr\u00edtico que est\u00e1 agendado para s\u00e1bado dia 15 de julho no Liceu Cam\u00f5es em Lisboa. <\/strong>&#8220;A realidade \u00e9 dura deve ser confrontada frontal e abertamente&#8221; adianta Roberto della Santa que ir\u00e1 moderar um painel com pares habituais da cr\u00edtica pol\u00edtica \u00e0s estrat\u00e9gias e pol\u00edticas p\u00fablicas do desenvolvimento educativo no pa\u00eds.  <mark><strong>CR | Sem Fronteiras<\/strong><\/mark><\/p>\n\n\n\n<h2 class=\"wp-block-heading\">N\u00e3o h\u00e1 futuro \u00e0 vista sem educa\u00e7\u00e3o de qualidade<\/h2>\n\n\n\n<p>por <strong>Roberto della Santa<\/strong><\/p>\n\n\n\n<h3 class=\"wp-block-heading\">A educa\u00e7\u00e3o p\u00fablica est\u00e1 em risco estrutural <\/h3>\n\n\n\n<p>Para al\u00e9m de toda a crise que enfrenta o Estado social em geral, o ensino b\u00e1sico e secund\u00e1rio encontram-se numa encruzilhada hist\u00f3rica. Subfinanciadas, subjugadas e submetidas. As promessas trazidas pela mal-chamada \u201csociedade do conhecimento\u201d transformaram-se no pior pesadelo de professores, alunos e encarregados de educa\u00e7\u00e3o. Nesta sec\u00e7\u00e3o do F\u00f3rum Liberdade e Pensamento Cr\u00edtico vamos debater o estado desta situa\u00e7\u00e3o sem subterf\u00fagios. A realidade \u00e9 dura deve ser confrontada frontal e abertamente. Mas \u00e9 preciso avan\u00e7ar. Depois de oito meses de uma corajosa batalha dos profissionais da educa\u00e7\u00e3o e uma vexat\u00f3ria nega\u00e7\u00e3o dos dirigentes do Estado necessitamos apresentar novas sa\u00eddas para a crise. \u00c9 preciso debater com o conjunto da sociedade \u2014 de forma cr\u00edtica e democr\u00e1tica \u2014 que escola queremos e que pa\u00eds desejamos para as pr\u00f3ximas gera\u00e7\u00f5es. N\u00e3o h\u00e1 futuro \u00e0 vista sem educa\u00e7\u00e3o de qualidade.<\/p>\n\n\n\n<p>Roberto della Santa<\/p>\n","protected":false},"excerpt":{"rendered":"<p>Textos de motiva\u00e7\u00e3o para o debate no F\u00d3RUM (2) Roberto della Santa vai moderar o&#8230;<\/p>\n","protected":false},"author":2,"featured_media":10029,"comment_status":"open","ping_status":"open","sticky":false,"template":"","format":"standard","meta":{"sfsi_plus_gutenberg_text_before_share":"","sfsi_plus_gutenberg_show_text_before_share":"","sfsi_plus_gutenberg_icon_type":"","sfsi_plus_gutenberg_icon_alignemt":"","sfsi_plus_gutenburg_max_per_row":"","ngg_post_thumbnail":0,"footnotes":""},"categories":[238,375],"tags":[444],"featured_image_urls":{"full":["https:\/\/nsf.pt\/wp-content\/uploads\/2023\/07\/della3-1.jpg",897,445,false],"thumbnail":["https:\/\/nsf.pt\/wp-content\/uploads\/2023\/07\/della3-1-150x150.jpg",150,150,true],"medium":["https:\/\/nsf.pt\/wp-content\/uploads\/2023\/07\/della3-1-300x149.jpg",300,149,true],"medium_large":["https:\/\/nsf.pt\/wp-content\/uploads\/2023\/07\/della3-1-768x381.jpg",640,318,true],"large":["https:\/\/nsf.pt\/wp-content\/uploads\/2023\/07\/della3-1.jpg",640,318,false],"1536x1536":["https:\/\/nsf.pt\/wp-content\/uploads\/2023\/07\/della3-1.jpg",897,445,false],"2048x2048":["https:\/\/nsf.pt\/wp-content\/uploads\/2023\/07\/della3-1.jpg",897,445,false],"covernews-slider-full":["https:\/\/nsf.pt\/wp-content\/uploads\/2023\/07\/della3-1.jpg",897,445,false],"covernews-slider-center":["https:\/\/nsf.pt\/wp-content\/uploads\/2023\/07\/della3-1-800x445.jpg",800,445,true],"covernews-featured":["https:\/\/nsf.pt\/wp-content\/uploads\/2023\/07\/della3-1.jpg",897,445,false],"covernews-medium":["https:\/\/nsf.pt\/wp-content\/uploads\/2023\/07\/della3-1-540x340.jpg",540,340,true],"covernews-medium-square":["https:\/\/nsf.pt\/wp-content\/uploads\/2023\/07\/della3-1-400x250.jpg",400,250,true]},"author_info":{"info":["Carlos Ribeiro"]},"category_info":"<a href=\"http:\/\/nsf.pt\/index.php\/category\/destaque\/\" rel=\"category tag\">DESTAQUE<\/a> <a href=\"http:\/\/nsf.pt\/index.php\/category\/forum-lpc\/\" rel=\"category tag\">F\u00d3RUM LPC<\/a>","tag_info":"F\u00d3RUM LPC","comment_count":"0","_links":{"self":[{"href":"http:\/\/nsf.pt\/index.php\/wp-json\/wp\/v2\/posts\/10022"}],"collection":[{"href":"http:\/\/nsf.pt\/index.php\/wp-json\/wp\/v2\/posts"}],"about":[{"href":"http:\/\/nsf.pt\/index.php\/wp-json\/wp\/v2\/types\/post"}],"author":[{"embeddable":true,"href":"http:\/\/nsf.pt\/index.php\/wp-json\/wp\/v2\/users\/2"}],"replies":[{"embeddable":true,"href":"http:\/\/nsf.pt\/index.php\/wp-json\/wp\/v2\/comments?post=10022"}],"version-history":[{"count":3,"href":"http:\/\/nsf.pt\/index.php\/wp-json\/wp\/v2\/posts\/10022\/revisions"}],"predecessor-version":[{"id":10030,"href":"http:\/\/nsf.pt\/index.php\/wp-json\/wp\/v2\/posts\/10022\/revisions\/10030"}],"wp:featuredmedia":[{"embeddable":true,"href":"http:\/\/nsf.pt\/index.php\/wp-json\/wp\/v2\/media\/10029"}],"wp:attachment":[{"href":"http:\/\/nsf.pt\/index.php\/wp-json\/wp\/v2\/media?parent=10022"}],"wp:term":[{"taxonomy":"category","embeddable":true,"href":"http:\/\/nsf.pt\/index.php\/wp-json\/wp\/v2\/categories?post=10022"},{"taxonomy":"post_tag","embeddable":true,"href":"http:\/\/nsf.pt\/index.php\/wp-json\/wp\/v2\/tags?post=10022"}],"curies":[{"name":"wp","href":"https:\/\/api.w.org\/{rel}","templated":true}]}}