{"id":11733,"date":"2024-04-28T11:21:03","date_gmt":"2024-04-28T11:21:03","guid":{"rendered":"https:\/\/nsf.pt\/?p=11733"},"modified":"2024-04-28T11:21:05","modified_gmt":"2024-04-28T11:21:05","slug":"o-regresso-aos-lugares-de-cohn-bendit-e-deleuze","status":"publish","type":"post","link":"http:\/\/nsf.pt\/index.php\/2024\/04\/28\/o-regresso-aos-lugares-de-cohn-bendit-e-deleuze\/","title":{"rendered":"O regresso aos lugares de Cohn-Bendit e Deleuze"},"content":{"rendered":"\n<h2 class=\"wp-block-heading\">O CRILUS &#8211; Universit\u00e9 Paris Nanterre organizou e dinamizou uma sess\u00e3o com as autoras e o editor do livro Exils au F\u00e9minin<\/h2>\n\n\n<div class=\"wp-block-post-date\"><time datetime=\"2024-04-28T11:21:03+00:00\">28 de Abril, 2024<\/time><\/div>\n\n\n<p>Tratou-se de uma aula aberta a alunos de mestrado e de doutoramento que foi dinamizada por Gra\u00e7a dos Santos, professora na universidade e coordenadora do centro de investiga\u00e7\u00e3o [CRILUS-Centre de Recherches Interdisciplinaires sur le Monde Lusophone]. A acompanhar a investigadora de origem portuguesa encontrava-se Jos\u00e9 Manuel Mendes respons\u00e1vel pela Chaire Lindley Cintra criada pelo Cam\u00f5es IP na Universidade de Nanterre em 2002.<\/p>\n\n\n\n<p>Uma das autoras dos textos do livro <strong>Exils au F\u00e9minin<\/strong>, publicado pelo CDMH-Centre de Documentation sur les Migrations Humaines do Luxemburgo com edi\u00e7\u00e3o e coordena\u00e7\u00e3o da tradu\u00e7\u00e3o de Carlos Valentim Ribeiro, Am\u00e9lia Resende, regressou a territ\u00f3rios de mem\u00f3ria viva: a universidade na qual ocorreu o movimento do 22 de mar\u00e7o. Aqui ficam as suas impress\u00f5es de um regresso repleto de emo\u00e7\u00f5es.<\/p>\n\n\n\n<div style=\"height:19px\" aria-hidden=\"true\" class=\"wp-block-spacer\"><\/div>\n\n\n\n<figure class=\"wp-block-gallery has-nested-images columns-default is-cropped wp-block-gallery-1 is-layout-flex wp-block-gallery-is-layout-flex\">\n<figure class=\"wp-block-image size-large\"><img decoding=\"async\" loading=\"lazy\" width=\"1024\" height=\"474\" data-id=\"11735\" src=\"https:\/\/nsf.pt\/wp-content\/uploads\/2024\/04\/graca1-1024x474.jpg\" alt=\"\" class=\"wp-image-11735\" srcset=\"https:\/\/nsf.pt\/wp-content\/uploads\/2024\/04\/graca1-1024x474.jpg 1024w, https:\/\/nsf.pt\/wp-content\/uploads\/2024\/04\/graca1-300x139.jpg 300w, https:\/\/nsf.pt\/wp-content\/uploads\/2024\/04\/graca1-768x355.jpg 768w, https:\/\/nsf.pt\/wp-content\/uploads\/2024\/04\/graca1.jpg 1327w\" sizes=\"(max-width: 1024px) 100vw, 1024px\" \/><\/figure>\n<\/figure>\n\n\n\n<p class=\"has-text-align-center\">Sess\u00e3o em Paris Nanterre Foto \u00a9 Jos\u00e9 Manuel Esteves<\/p>\n\n\n\n<div style=\"height:15px\" aria-hidden=\"true\" class=\"wp-block-spacer\"><\/div>\n\n\n\n<figure class=\"wp-block-gallery has-nested-images columns-default is-cropped wp-block-gallery-3 is-layout-flex wp-block-gallery-is-layout-flex\">\n<figure class=\"wp-block-image size-large\"><img decoding=\"async\" loading=\"lazy\" width=\"1024\" height=\"768\" data-id=\"11736\" src=\"https:\/\/nsf.pt\/wp-content\/uploads\/2024\/04\/IMG_5791.jpeg\" alt=\"\" class=\"wp-image-11736\" srcset=\"https:\/\/nsf.pt\/wp-content\/uploads\/2024\/04\/IMG_5791.jpeg 1024w, https:\/\/nsf.pt\/wp-content\/uploads\/2024\/04\/IMG_5791-300x225.jpeg 300w, https:\/\/nsf.pt\/wp-content\/uploads\/2024\/04\/IMG_5791-768x576.jpeg 768w\" sizes=\"(max-width: 1024px) 100vw, 1024px\" \/><\/figure>\n\n\n\n<figure class=\"wp-block-image size-large\"><img decoding=\"async\" loading=\"lazy\" width=\"1024\" height=\"768\" data-id=\"11739\" src=\"https:\/\/nsf.pt\/wp-content\/uploads\/2024\/04\/IMG_5793-1.jpeg\" alt=\"\" class=\"wp-image-11739\" srcset=\"https:\/\/nsf.pt\/wp-content\/uploads\/2024\/04\/IMG_5793-1.jpeg 1024w, https:\/\/nsf.pt\/wp-content\/uploads\/2024\/04\/IMG_5793-1-300x225.jpeg 300w, https:\/\/nsf.pt\/wp-content\/uploads\/2024\/04\/IMG_5793-1-768x576.jpeg 768w\" sizes=\"(max-width: 1024px) 100vw, 1024px\" \/><\/figure>\n\n\n\n<figure class=\"wp-block-image size-large\"><img decoding=\"async\" loading=\"lazy\" width=\"1024\" height=\"768\" data-id=\"11738\" src=\"https:\/\/nsf.pt\/wp-content\/uploads\/2024\/04\/IMG_5799.jpeg\" alt=\"\" class=\"wp-image-11738\" srcset=\"https:\/\/nsf.pt\/wp-content\/uploads\/2024\/04\/IMG_5799.jpeg 1024w, https:\/\/nsf.pt\/wp-content\/uploads\/2024\/04\/IMG_5799-300x225.jpeg 300w, https:\/\/nsf.pt\/wp-content\/uploads\/2024\/04\/IMG_5799-768x576.jpeg 768w\" sizes=\"(max-width: 1024px) 100vw, 1024px\" \/><\/figure>\n<\/figure>\n\n\n\n<p class=\"has-text-align-center\">Nanterre Fotos @cvr \/NSF<\/p>\n\n\n\n<h2 class=\"wp-block-heading\">Nanterre,\u00a0 ontem e hoje. Maio de 68<\/h2>\n\n\n\n<h4 class=\"wp-block-heading\">Novas gera\u00e7\u00f5es de luso descendentes.<\/h4>\n\n\n\n<p>Era com alguma expectativa que aguardava e ansiava pela\u00a0 sess\u00e3o de lan\u00e7amento do nosso livro Ex\u00edlios no feminino, vers\u00e3o francesa, na universidade de Nanterre, no departamento de Estudos Portugueses.<\/p>\n\n\n\n<p>Primeiro porque guardava na mem\u00f3ria o c\u00e9lebre epis\u00f3dio dos protestos dos estudantes para terem acesso aos dormit\u00f3rios das raparigas (quando Wilhelm Reich era uma leitura obrigat\u00f3ria) que,  conjuntamente com outras causas ( a luta e provoca\u00e7\u00e3o dos movimentos fascistas, no caso o <em>L\u2019 Occident<\/em>), deu origem ao famoso movimento do 22 de Mar\u00e7o. Houve ocupa\u00e7\u00e3o de instala\u00e7\u00f5es e encerramento da universidade. Um dos seus principais dinamizadores, Daniel Cohn-Bendit, ficaria na Hist\u00f3ria pelo papel decisivo que desempenhou em todas as lutas e barricadas de Maio de 68.<\/p>\n\n\n\n<p>\u201c <em>Nous sommes tous des juifs allemands\u201d<\/em>, foi a sua resposta \u00e0 ordem da sua expuls\u00e3o.<\/p>\n\n\n\n<p>\u201c<em> L\u2019 imagination au pouvoi<\/em>r\u201d, \u201c <em>Soyez r\u00e9alistes, demandez l\u2019 Impossible<\/em>\u201d, s\u00f3 para citar algumas das palavras de ordem que ainda vi inscritas nos muros da cidade, quando cheguei a Paris em 71, vinda para um ex\u00edlio que duraria at\u00e9 Abril de 1974.<\/p>\n\n\n\n<h2 class=\"wp-block-heading\">Vincennes, universidade arrasada<\/h2>\n\n\n\n<p>Curiosamente a conversa com um dos tradutores para franc\u00eas do nosso livro, R\u00e9mi Gruber, que cedo se tornou um amigo, deu para saber que Vincennes &#8211; Paris VIII, a verdadeira universidade herdeira do Maio de 68 e onde eu tinha tido o privil\u00e9gio de ser aluna de um dos maiores fil\u00f3sofos do s\u00e9c. XX, Gilles Deleuze, tinha sido completamente arrasada, tornando- se apenas um prolongamento do Bois de Vincennes, ali ao lado. Nem uma \u00fanica placa a assinalar um dos lugares mais ic\u00f3nicos da modernidade do Saber, nos anos 70,\u00a0 em clara ruptura com a Academia cl\u00e1ssica e com o poder.<\/p>\n\n\n\n<p>\u00c9 assim que estamos em 2024. Em Nanterre.<\/p>\n\n\n\n<p>De qualquer forma, a Hist\u00f3ria estava l\u00e1.<\/p>\n\n\n\n<div style=\"height:21px\" aria-hidden=\"true\" class=\"wp-block-spacer\"><\/div>\n\n\n\n<figure class=\"wp-block-gallery has-nested-images columns-default is-cropped wp-block-gallery-5 is-layout-flex wp-block-gallery-is-layout-flex\">\n<figure class=\"wp-block-image size-large\"><img decoding=\"async\" loading=\"lazy\" width=\"771\" height=\"1024\" data-id=\"11740\" src=\"https:\/\/nsf.pt\/wp-content\/uploads\/2024\/04\/am2.jpg\" alt=\"\" class=\"wp-image-11740\" srcset=\"https:\/\/nsf.pt\/wp-content\/uploads\/2024\/04\/am2.jpg 771w, https:\/\/nsf.pt\/wp-content\/uploads\/2024\/04\/am2-226x300.jpg 226w, https:\/\/nsf.pt\/wp-content\/uploads\/2024\/04\/am2-768x1020.jpg 768w\" sizes=\"(max-width: 771px) 100vw, 771px\" \/><\/figure>\n\n\n\n<figure class=\"wp-block-image size-large\"><img decoding=\"async\" loading=\"lazy\" width=\"771\" height=\"1024\" data-id=\"11742\" src=\"https:\/\/nsf.pt\/wp-content\/uploads\/2024\/04\/am9.jpg\" alt=\"\" class=\"wp-image-11742\" srcset=\"https:\/\/nsf.pt\/wp-content\/uploads\/2024\/04\/am9.jpg 771w, https:\/\/nsf.pt\/wp-content\/uploads\/2024\/04\/am9-226x300.jpg 226w, https:\/\/nsf.pt\/wp-content\/uploads\/2024\/04\/am9-768x1020.jpg 768w\" sizes=\"(max-width: 771px) 100vw, 771px\" \/><\/figure>\n\n\n\n<figure class=\"wp-block-image size-large\"><img decoding=\"async\" loading=\"lazy\" width=\"771\" height=\"1024\" data-id=\"11741\" src=\"https:\/\/nsf.pt\/wp-content\/uploads\/2024\/04\/IMG20240403164212-copia.jpeg\" alt=\"\" class=\"wp-image-11741\" srcset=\"https:\/\/nsf.pt\/wp-content\/uploads\/2024\/04\/IMG20240403164212-copia.jpeg 771w, https:\/\/nsf.pt\/wp-content\/uploads\/2024\/04\/IMG20240403164212-copia-226x300.jpeg 226w, https:\/\/nsf.pt\/wp-content\/uploads\/2024\/04\/IMG20240403164212-copia-768x1020.jpeg 768w\" sizes=\"(max-width: 771px) 100vw, 771px\" \/><\/figure>\n<\/figure>\n\n\n\n<p>Fotos \u00a9 Am\u00e9lia Resende<\/p>\n\n\n\n<h2 class=\"wp-block-heading\">A palavra das paredes<\/h2>\n\n\n\n<p>Percorrendo os v\u00e1rios escaparates e vitrinas do hall principal,\u00a0 depar\u00e1mo-nos com alguns cartazes aludindo a eventos na Universidade hoje.<\/p>\n\n\n\n<p>S\u00f3 a t\u00edtulo de exemplo:<\/p>\n\n\n\n<p>1- <em>Le besoin de sens: Repensons n\u00f4tre rapport au temps et au travai<\/em>l. <em>Venez nombreux-ses!<\/em> ( Aten\u00e7\u00e3o aos detalhes da l\u00edngua e da linguagem)<\/p>\n\n\n\n<p>2- <em>Pr\u00e9carit\u00e9 \u00e9tudiante. Comment se manifeste- t- elle? Quels dispositifs pour y faire face?<\/em><\/p>\n\n\n\n<p>3- <em>Les droits des femmes tunisiennes entre acquis constitutionnels et d\u00e9fis l\u00e9gislatifs.<\/em><\/p>\n\n\n\n<p><em>4- R\u00e9ception de l\u2019 h\u00e9ritage de l\u2019 \u00e9migration russe- blanche apr\u00e8s la chute de l\u2019 URSS- une reconstruction de l\u2019 Empire.<\/em><\/p>\n\n\n\n<p><\/p>\n\n\n\n<h2 class=\"wp-block-heading\">Liberdade e pensamento cr\u00edtico<\/h2>\n\n\n\n<p>A Fran\u00e7a a questionar.<em> \u00c7a pense. \u00c7a discute.<\/em><\/p>\n\n\n\n<p>\u00c9 assim que vejo Paris. Foi esta descoberta maravilhosa da <strong>liberdade e pensamento cr\u00edtico<\/strong> em toda a sua pujan\u00e7a que eu conheci nos anos 70. Ficou comigo. Uma marca.<\/p>\n\n\n\n<p>Dizia eu, no princ\u00edpio, que al\u00e9m das refer\u00eancias a um\u00a0 lugar m\u00edtico, havia a expectativa de encontrar os jovens estudantes de Cultura Portuguesa, na maioria lusodescendentes de 3\u00aa gera\u00e7\u00e3o no Departamento de Estudos Portugueses, coordenado pela professora catedr\u00e1tica Gra\u00e7a Santos. Ela\u00a0 \u00e9 simultaneamente dinamizadora e encenadora do grupo de teatro que a todos envolve. Mais forte raz\u00e3o para estar curiosa. Cruzar a literatura com a cultura, com o teatro e com a pedagogia sempre foi tamb\u00e9m uma das minhas paix\u00f5es.<\/p>\n\n\n\n<p><\/p>\n\n\n\n<h2 class=\"wp-block-heading\">Jovens estudantes lusodescendentes<\/h2>\n\n\n\n<p>E ei- los:<\/p>\n\n\n\n<p>Um grupo de jovens a fazerem mestrado cobrindo v\u00e1rios campos de investiga\u00e7\u00e3o: Literatura, Isabel Barreno &#8211; A morte da M\u00e3e; Hist\u00f3ria, os historiadores do Estado Novo; ainda Literatura, Orlanda Mar\u00edlis  uma escritora cabo-verdiana e at\u00e9 outros temas ligados a Macau.<\/p>\n\n\n\n<p>\u00c9 esta diversidade que nos acolhe, curiosa de escutar as vozes das mulheres que nas suas juventudes ousaram partir de um pa\u00eds que as sufocava, que lhes roubava os sonhos e a esperan\u00e7a, que as oprimia. Decididas a uma luta, a uma luta pela mudan\u00e7a.<\/p>\n\n\n\n<p>A alguns, estas mulheres agora nas suas falas, nos seus relatos traziam ecos dos seus pr\u00f3prios familiares, os quais tendo abandonado o pa\u00eds para escaparem \u00e0 mis\u00e9ria, dessa partida e desse \u00eaxodo n\u00e3o falavam. O sil\u00eancio dos seus era por vezes ensurdecedor. Ent\u00e3o essas hist\u00f3rias, estes percursos de luta e de esperan\u00e7a reavivavam neles o desejo de melhor conhecer as suas origens, as suas ra\u00edzes, essa comunidade de que afinal se sentiam parte. De saber mais.<\/p>\n\n\n\n<p>E \u00e9 com eles que sentimos e entendemos a necessidade de criar la\u00e7os, de lan\u00e7ar pontes para um di\u00e1logo cada vez mais premente para a compreens\u00e3o do sentido da vida e da cultura de todos n\u00f3s.<\/p>\n\n\n\n<p>\u00c9 um imperativo pol\u00edtico.<\/p>\n\n\n\n<p>E\u00a0 neste contexto, a prop\u00f3sito dos tempos que hoje vivemos , surgiram v\u00e1rias interven\u00e7\u00f5es.<\/p>\n\n\n\n<p>Am\u00e9lia Resende, 20 de Abril 2024<\/p>\n\n\n\n<p><\/p>\n\n\n\n<h2 class=\"wp-block-heading\">Galeria \u00a9 Am\u00e9lia <\/h2>\n\n\n\n<div style=\"height:24px\" aria-hidden=\"true\" class=\"wp-block-spacer\"><\/div>\n\n\n\n<figure class=\"wp-block-gallery has-nested-images columns-default is-cropped wp-block-gallery-7 is-layout-flex wp-block-gallery-is-layout-flex\">\n<figure class=\"wp-block-image size-large\"><img decoding=\"async\" loading=\"lazy\" width=\"1024\" height=\"566\" data-id=\"11743\" src=\"https:\/\/nsf.pt\/wp-content\/uploads\/2024\/04\/am4-1024x566.jpg\" alt=\"\" class=\"wp-image-11743\" srcset=\"https:\/\/nsf.pt\/wp-content\/uploads\/2024\/04\/am4-1024x566.jpg 1024w, https:\/\/nsf.pt\/wp-content\/uploads\/2024\/04\/am4-300x166.jpg 300w, https:\/\/nsf.pt\/wp-content\/uploads\/2024\/04\/am4-768x425.jpg 768w, https:\/\/nsf.pt\/wp-content\/uploads\/2024\/04\/am4.jpg 1275w\" sizes=\"(max-width: 1024px) 100vw, 1024px\" \/><\/figure>\n\n\n\n<figure class=\"wp-block-image size-large\"><img decoding=\"async\" loading=\"lazy\" width=\"1024\" height=\"554\" data-id=\"11744\" src=\"https:\/\/nsf.pt\/wp-content\/uploads\/2024\/04\/am6-1024x554.jpg\" alt=\"\" class=\"wp-image-11744\" srcset=\"https:\/\/nsf.pt\/wp-content\/uploads\/2024\/04\/am6-1024x554.jpg 1024w, https:\/\/nsf.pt\/wp-content\/uploads\/2024\/04\/am6-300x162.jpg 300w, https:\/\/nsf.pt\/wp-content\/uploads\/2024\/04\/am6-768x415.jpg 768w, https:\/\/nsf.pt\/wp-content\/uploads\/2024\/04\/am6-1536x831.jpg 1536w, https:\/\/nsf.pt\/wp-content\/uploads\/2024\/04\/am6.jpg 1614w\" sizes=\"(max-width: 1024px) 100vw, 1024px\" \/><\/figure>\n\n\n\n<figure class=\"wp-block-image size-large\"><img decoding=\"async\" loading=\"lazy\" width=\"1024\" height=\"642\" data-id=\"11745\" src=\"https:\/\/nsf.pt\/wp-content\/uploads\/2024\/04\/am7-1024x642.jpg\" alt=\"\" class=\"wp-image-11745\" srcset=\"https:\/\/nsf.pt\/wp-content\/uploads\/2024\/04\/am7-1024x642.jpg 1024w, https:\/\/nsf.pt\/wp-content\/uploads\/2024\/04\/am7-300x188.jpg 300w, https:\/\/nsf.pt\/wp-content\/uploads\/2024\/04\/am7-768x481.jpg 768w, https:\/\/nsf.pt\/wp-content\/uploads\/2024\/04\/am7-540x340.jpg 540w, https:\/\/nsf.pt\/wp-content\/uploads\/2024\/04\/am7-400x250.jpg 400w, https:\/\/nsf.pt\/wp-content\/uploads\/2024\/04\/am7.jpg 1363w\" sizes=\"(max-width: 1024px) 100vw, 1024px\" \/><\/figure>\n<\/figure>\n\n\n\n<div style=\"height:18px\" aria-hidden=\"true\" class=\"wp-block-spacer\"><\/div>\n\n\n\n<figure class=\"wp-block-gallery has-nested-images columns-default is-cropped wp-block-gallery-9 is-layout-flex wp-block-gallery-is-layout-flex\">\n<figure class=\"wp-block-image size-large\"><img decoding=\"async\" loading=\"lazy\" width=\"1024\" height=\"583\" data-id=\"11746\" src=\"https:\/\/nsf.pt\/wp-content\/uploads\/2024\/04\/ameliapic-1024x583.jpg\" alt=\"\" class=\"wp-image-11746\" srcset=\"https:\/\/nsf.pt\/wp-content\/uploads\/2024\/04\/ameliapic-1024x583.jpg 1024w, https:\/\/nsf.pt\/wp-content\/uploads\/2024\/04\/ameliapic-300x171.jpg 300w, https:\/\/nsf.pt\/wp-content\/uploads\/2024\/04\/ameliapic-768x438.jpg 768w, https:\/\/nsf.pt\/wp-content\/uploads\/2024\/04\/ameliapic.jpg 1383w\" sizes=\"(max-width: 1024px) 100vw, 1024px\" \/><\/figure>\n\n\n\n<figure class=\"wp-block-image size-large\"><img decoding=\"async\" loading=\"lazy\" width=\"1024\" height=\"768\" data-id=\"11747\" src=\"https:\/\/nsf.pt\/wp-content\/uploads\/2024\/04\/WhatsApp-Image-2024-04-06-at-17.56.34-4-1024x768.jpeg\" alt=\"\" class=\"wp-image-11747\" srcset=\"https:\/\/nsf.pt\/wp-content\/uploads\/2024\/04\/WhatsApp-Image-2024-04-06-at-17.56.34-4-1024x768.jpeg 1024w, https:\/\/nsf.pt\/wp-content\/uploads\/2024\/04\/WhatsApp-Image-2024-04-06-at-17.56.34-4-300x225.jpeg 300w, https:\/\/nsf.pt\/wp-content\/uploads\/2024\/04\/WhatsApp-Image-2024-04-06-at-17.56.34-4-768x576.jpeg 768w, https:\/\/nsf.pt\/wp-content\/uploads\/2024\/04\/WhatsApp-Image-2024-04-06-at-17.56.34-4-1536x1152.jpeg 1536w, https:\/\/nsf.pt\/wp-content\/uploads\/2024\/04\/WhatsApp-Image-2024-04-06-at-17.56.34-4.jpeg 1600w\" sizes=\"(max-width: 1024px) 100vw, 1024px\" \/><\/figure>\n<\/figure>\n","protected":false},"excerpt":{"rendered":"<p>O CRILUS &#8211; Universit\u00e9 Paris Nanterre organizou e dinamizou uma sess\u00e3o com as autoras e&#8230;<\/p>\n","protected":false},"author":2,"featured_media":11736,"comment_status":"open","ping_status":"open","sticky":true,"template":"","format":"standard","meta":{"sfsi_plus_gutenberg_text_before_share":"","sfsi_plus_gutenberg_show_text_before_share":"","sfsi_plus_gutenberg_icon_type":"","sfsi_plus_gutenberg_icon_alignemt":"","sfsi_plus_gutenburg_max_per_row":"","ngg_post_thumbnail":0,"footnotes":""},"categories":[238,514],"tags":[291],"featured_image_urls":{"full":["https:\/\/nsf.pt\/wp-content\/uploads\/2024\/04\/IMG_5791.jpeg",1024,768,false],"thumbnail":["https:\/\/nsf.pt\/wp-content\/uploads\/2024\/04\/IMG_5791-150x150.jpeg",150,150,true],"medium":["https:\/\/nsf.pt\/wp-content\/uploads\/2024\/04\/IMG_5791-300x225.jpeg",300,225,true],"medium_large":["https:\/\/nsf.pt\/wp-content\/uploads\/2024\/04\/IMG_5791-768x576.jpeg",640,480,true],"large":["https:\/\/nsf.pt\/wp-content\/uploads\/2024\/04\/IMG_5791.jpeg",640,480,false],"1536x1536":["https:\/\/nsf.pt\/wp-content\/uploads\/2024\/04\/IMG_5791.jpeg",1024,768,false],"2048x2048":["https:\/\/nsf.pt\/wp-content\/uploads\/2024\/04\/IMG_5791.jpeg",1024,768,false],"covernews-slider-full":["https:\/\/nsf.pt\/wp-content\/uploads\/2024\/04\/IMG_5791-1024x715.jpeg",1024,715,true],"covernews-slider-center":["https:\/\/nsf.pt\/wp-content\/uploads\/2024\/04\/IMG_5791-800x500.jpeg",800,500,true],"covernews-featured":["https:\/\/nsf.pt\/wp-content\/uploads\/2024\/04\/IMG_5791.jpeg",1024,768,false],"covernews-medium":["https:\/\/nsf.pt\/wp-content\/uploads\/2024\/04\/IMG_5791-540x340.jpeg",540,340,true],"covernews-medium-square":["https:\/\/nsf.pt\/wp-content\/uploads\/2024\/04\/IMG_5791-400x250.jpeg",400,250,true]},"author_info":{"info":["Carlos Ribeiro"]},"category_info":"<a href=\"http:\/\/nsf.pt\/index.php\/category\/destaque\/\" rel=\"category tag\">DESTAQUE<\/a> <a href=\"http:\/\/nsf.pt\/index.php\/category\/exils-au-feminin\/\" rel=\"category tag\">Exils au f\u00e9minin<\/a>","tag_info":"Exils au f\u00e9minin","comment_count":"0","_links":{"self":[{"href":"http:\/\/nsf.pt\/index.php\/wp-json\/wp\/v2\/posts\/11733"}],"collection":[{"href":"http:\/\/nsf.pt\/index.php\/wp-json\/wp\/v2\/posts"}],"about":[{"href":"http:\/\/nsf.pt\/index.php\/wp-json\/wp\/v2\/types\/post"}],"author":[{"embeddable":true,"href":"http:\/\/nsf.pt\/index.php\/wp-json\/wp\/v2\/users\/2"}],"replies":[{"embeddable":true,"href":"http:\/\/nsf.pt\/index.php\/wp-json\/wp\/v2\/comments?post=11733"}],"version-history":[{"count":1,"href":"http:\/\/nsf.pt\/index.php\/wp-json\/wp\/v2\/posts\/11733\/revisions"}],"predecessor-version":[{"id":11749,"href":"http:\/\/nsf.pt\/index.php\/wp-json\/wp\/v2\/posts\/11733\/revisions\/11749"}],"wp:featuredmedia":[{"embeddable":true,"href":"http:\/\/nsf.pt\/index.php\/wp-json\/wp\/v2\/media\/11736"}],"wp:attachment":[{"href":"http:\/\/nsf.pt\/index.php\/wp-json\/wp\/v2\/media?parent=11733"}],"wp:term":[{"taxonomy":"category","embeddable":true,"href":"http:\/\/nsf.pt\/index.php\/wp-json\/wp\/v2\/categories?post=11733"},{"taxonomy":"post_tag","embeddable":true,"href":"http:\/\/nsf.pt\/index.php\/wp-json\/wp\/v2\/tags?post=11733"}],"curies":[{"name":"wp","href":"https:\/\/api.w.org\/{rel}","templated":true}]}}