{"id":11966,"date":"2024-06-04T08:44:59","date_gmt":"2024-06-04T08:44:59","guid":{"rendered":"https:\/\/nsf.pt\/?p=11966"},"modified":"2024-06-04T09:11:01","modified_gmt":"2024-06-04T09:11:01","slug":"claudia-sheinbaum-primeira-mulher-presidente-do-mexico","status":"publish","type":"post","link":"http:\/\/nsf.pt\/index.php\/2024\/06\/04\/claudia-sheinbaum-primeira-mulher-presidente-do-mexico\/","title":{"rendered":"Claudia Sheinbaum, primeira mulher presidente do M\u00e9xico"},"content":{"rendered":"\n<h2 class=\"wp-block-heading\">MUNDO &#8211; Um acontecimento hist\u00f3rico<\/h2>\n\n\n<div class=\"wp-block-post-date\"><time datetime=\"2024-06-04T08:44:59+00:00\">4 de Junho, 2024<\/time><\/div>\n\n\n<p><\/p>\n\n\n\n<p><strong>Especialista em quest\u00f5es clim\u00e1ticas Claudia Sheinbaum acaba de ser eleita presidente do M\u00e9xico. E se ela for a encarna\u00e7\u00e3o de uma nova esquerda mexicana, preocupada com quest\u00f5es sociais e ambientais?<\/strong><\/p>\n\n\n\n<div style=\"height:21px\" aria-hidden=\"true\" class=\"wp-block-spacer\"><\/div>\n\n\n\n<figure class=\"wp-block-gallery has-nested-images columns-default is-cropped wp-block-gallery-1 is-layout-flex wp-block-gallery-is-layout-flex\">\n<figure class=\"wp-block-image size-full\"><img decoding=\"async\" loading=\"lazy\" width=\"821\" height=\"391\" data-id=\"11974\" src=\"https:\/\/nsf.pt\/wp-content\/uploads\/2024\/06\/claudia-78.jpg\" alt=\"\" class=\"wp-image-11974\" srcset=\"https:\/\/nsf.pt\/wp-content\/uploads\/2024\/06\/claudia-78.jpg 821w, https:\/\/nsf.pt\/wp-content\/uploads\/2024\/06\/claudia-78-300x143.jpg 300w, https:\/\/nsf.pt\/wp-content\/uploads\/2024\/06\/claudia-78-768x366.jpg 768w\" sizes=\"(max-width: 821px) 100vw, 821px\" \/><\/figure>\n<\/figure>\n\n\n\n<p class=\"has-text-align-center\">Claudia Sheinbaum, eleita presidente do M\u00e9xico &#8211; Pedro Pardo \/ AFP<\/p>\n\n\n\n<div style=\"height:24px\" aria-hidden=\"true\" class=\"wp-block-spacer\"><\/div>\n\n\n\n<p>O evento \u00e9 hist\u00f3rico. O M\u00e9xico acaba de eleger Claudia Sheinbaum presidente. Cientista, ex-perita do GIPMC  (Grupo Intergovernamental de peritos sobre Mudan\u00e7as Clim\u00e1ticas) e sobretudo a primeira mulher presidente do pa\u00eds. Claudia Sheinbaum venceu as elei\u00e7\u00f5es com quase 30% de vantagem sobre a sua principal rival e dever\u00e1 tomar posse no dia 1 de outubro, assim que os resultados forem validados pelo Tribunal Eleitoral mexicano.<\/p>\n\n\n\n<p><strong>A antiga presidente da C\u00e2mara da Cidade do M\u00e9xico, que colocou no centro do seu programa a luta contra a pobreza, as pol\u00edticas sociais e educativas, mas tamb\u00e9m a ecologia, o g\u00e9nero, a diversidade sexual e o respeito pelos direitos humanos, encarna assim uma not\u00edcia de esquerda num pa\u00eds ainda marcado pela problemas sociais e ambientais.<\/strong><\/p>\n\n\n\n<p><\/p>\n\n\n\n<h2 class=\"wp-block-heading\">Uma cientista comprometida \u00e0 frente do M\u00e9xico<\/h2>\n\n\n\n<p><br>Cientista comprometida, especialista e autoridade eleita local, Claudia Sheinbaum foi membro do GIPMC desde 2007 e participou na reda\u00e7\u00e3o do quarto relat\u00f3rio da organiza\u00e7\u00e3o, particularmente sobre quest\u00f5es energ\u00e9ticas e mitiga\u00e7\u00e3o da crise clim\u00e1tica. Como Secret\u00e1ria do Meio Ambiente da Prefeitura da Cidade do M\u00e9xico, no in\u00edcio dos anos 2000, na equipa do presidente cessante, Andr\u00e9s Manuel L\u00f3pez Obrador, e ent\u00e3o prefeito da capital do pa\u00eds, ajudou a desenvolver uma pol\u00edtica ambiental municipal relativamente ambiciosa: desenvolvimento do transporte p\u00fablico el\u00e9trico, promo\u00e7\u00e3o da bicicleta com a constru\u00e7\u00e3o de mais de 200 quil\u00f3metros de ciclovias\u2026 Implementou tamb\u00e9m medidas sociais, nomeadamente no combate \u00e0 viol\u00eancia sexista, ou facilitando o acesso dos mais prec\u00e1rios ao sistema educativo.<\/p>\n\n\n\n<p>\u00c9 esta pol\u00edtica que ela dever\u00e1 continuar a promover como chefe do executivo mexicano. A presidente eleita prop\u00f5e, em particular, aumentar os aumentos do sal\u00e1rio m\u00ednimo, com aumentos de at\u00e9 11% ao ano nos pr\u00f3ximos anos, enquanto no M\u00e9xico quase 36% da popula\u00e7\u00e3o ainda vive abaixo do limiar da pobreza. Em termos de educa\u00e7\u00e3o, Claudia Sheinbaum gostaria de continuar a desenvolver o acesso \u00e0 educa\u00e7\u00e3o, nomeadamente atrav\u00e9s da oferta de bolsas de estudo para ajudar os mais vulner\u00e1veis \u200b\u200ba aceder \u00e0 escolaridade e ao ensino superior. Esperado em quest\u00f5es relacionadas com a igualdade de g\u00e9nero, a nova presidente prometeu tamb\u00e9m trabalhar pela seguran\u00e7a das mulheres atrav\u00e9s do refor\u00e7o dos or\u00e7amentos ligados ao combate ao feminic\u00eddio, ou atrav\u00e9s de programas de apoio \u00e0s mulheres.<\/p>\n\n\n\n<p><\/p>\n\n\n\n<h2 class=\"wp-block-heading\">A quest\u00e3o ambiental no centro da pol\u00edtica de Claudia Sheinbaum?<\/h2>\n\n\n\n<p><br>Embora a candidata Sheinbaum n\u00e3o tenha realmente colocado as quest\u00f5es ambientais e clim\u00e1ticas no centro dos seus temas de campanha, estas s\u00e3o tamb\u00e9m quest\u00f5es que dever\u00e3o rapidamente tornar-se parte da agenda pol\u00edtica da nova presidente. O M\u00e9xico, e particularmente a sua capital, enfrentam uma seca sem precedentes h\u00e1 v\u00e1rios anos e poder\u00e3o enfrentar uma escassez hist\u00f3rica de \u00e1gua neste ver\u00e3o. Perante esta crise, Claudia Sheinbaum fez da quest\u00e3o da \u00e1gua um tema central do seu programa, ao propor um plano nacional que dever\u00e1 permitir modernizar a infra-estrutura de gest\u00e3o da \u00e1gua do pa\u00eds e poupar dinheiro. Em mat\u00e9ria energ\u00e9tica, a posi\u00e7\u00e3o de Claudia Sheinbaum ainda \u00e9 bastante amb\u00edgua, apesar da sua experi\u00eancia em quest\u00f5es clim\u00e1ticas. Anunciou assim investimentos de mais de 13 mil milh\u00f5es de d\u00f3lares no desenvolvimento de energias renov\u00e1veis. Ao mesmo tempo que promete continuar o legado de Andr\u00e9s Manuel L\u00f3pez Obrador, que impulsionou em grande parte o desenvolvimento dos combust\u00edveis f\u00f3sseis no pa\u00eds desde 2018.<\/p>\n\n\n\n<p>A nova chefe de Estado mexicano tamb\u00e9m ter\u00e1 de enfrentar a grande crise de seguran\u00e7a que atravessa o M\u00e9xico, um pa\u00eds marcado pelo tr\u00e1fico de drogas e pela viol\u00eancia. Com quase 30 mil v\u00edtimas de homic\u00eddio registadas no pa\u00eds em 2023, a quest\u00e3o dos recursos destinados ao combate \u00e0 delinqu\u00eancia, \u00e0 viol\u00eancia armada e ao tr\u00e1fico de drogas continua a ser um tema importante.<\/p>\n\n\n\n<p><\/p>\n\n\n\n<p><em>Baseado em Novethic<\/em><\/p>\n","protected":false},"excerpt":{"rendered":"<p>MUNDO &#8211; Um acontecimento hist\u00f3rico Especialista em quest\u00f5es clim\u00e1ticas Claudia Sheinbaum acaba de ser eleita&#8230;<\/p>\n","protected":false},"author":2,"featured_media":11974,"comment_status":"open","ping_status":"open","sticky":true,"template":"","format":"standard","meta":{"sfsi_plus_gutenberg_text_before_share":"","sfsi_plus_gutenberg_show_text_before_share":"","sfsi_plus_gutenberg_icon_type":"","sfsi_plus_gutenberg_icon_alignemt":"","sfsi_plus_gutenburg_max_per_row":"","ngg_post_thumbnail":0,"footnotes":""},"categories":[238,449],"tags":[553],"featured_image_urls":{"full":["https:\/\/nsf.pt\/wp-content\/uploads\/2024\/06\/claudia-78.jpg",821,391,false],"thumbnail":["https:\/\/nsf.pt\/wp-content\/uploads\/2024\/06\/claudia-78-150x150.jpg",150,150,true],"medium":["https:\/\/nsf.pt\/wp-content\/uploads\/2024\/06\/claudia-78-300x143.jpg",300,143,true],"medium_large":["https:\/\/nsf.pt\/wp-content\/uploads\/2024\/06\/claudia-78-768x366.jpg",640,305,true],"large":["https:\/\/nsf.pt\/wp-content\/uploads\/2024\/06\/claudia-78.jpg",640,305,false],"1536x1536":["https:\/\/nsf.pt\/wp-content\/uploads\/2024\/06\/claudia-78.jpg",821,391,false],"2048x2048":["https:\/\/nsf.pt\/wp-content\/uploads\/2024\/06\/claudia-78.jpg",821,391,false],"covernews-slider-full":["https:\/\/nsf.pt\/wp-content\/uploads\/2024\/06\/claudia-78.jpg",821,391,false],"covernews-slider-center":["https:\/\/nsf.pt\/wp-content\/uploads\/2024\/06\/claudia-78-800x391.jpg",800,391,true],"covernews-featured":["https:\/\/nsf.pt\/wp-content\/uploads\/2024\/06\/claudia-78.jpg",821,391,false],"covernews-medium":["https:\/\/nsf.pt\/wp-content\/uploads\/2024\/06\/claudia-78-540x340.jpg",540,340,true],"covernews-medium-square":["https:\/\/nsf.pt\/wp-content\/uploads\/2024\/06\/claudia-78-400x250.jpg",400,250,true]},"author_info":{"info":["Carlos Ribeiro"]},"category_info":"<a href=\"http:\/\/nsf.pt\/index.php\/category\/destaque\/\" rel=\"category tag\">DESTAQUE<\/a> <a href=\"http:\/\/nsf.pt\/index.php\/category\/local\/\" rel=\"category tag\">MUNDO<\/a>","tag_info":"MUNDO","comment_count":"0","_links":{"self":[{"href":"http:\/\/nsf.pt\/index.php\/wp-json\/wp\/v2\/posts\/11966"}],"collection":[{"href":"http:\/\/nsf.pt\/index.php\/wp-json\/wp\/v2\/posts"}],"about":[{"href":"http:\/\/nsf.pt\/index.php\/wp-json\/wp\/v2\/types\/post"}],"author":[{"embeddable":true,"href":"http:\/\/nsf.pt\/index.php\/wp-json\/wp\/v2\/users\/2"}],"replies":[{"embeddable":true,"href":"http:\/\/nsf.pt\/index.php\/wp-json\/wp\/v2\/comments?post=11966"}],"version-history":[{"count":3,"href":"http:\/\/nsf.pt\/index.php\/wp-json\/wp\/v2\/posts\/11966\/revisions"}],"predecessor-version":[{"id":11976,"href":"http:\/\/nsf.pt\/index.php\/wp-json\/wp\/v2\/posts\/11966\/revisions\/11976"}],"wp:featuredmedia":[{"embeddable":true,"href":"http:\/\/nsf.pt\/index.php\/wp-json\/wp\/v2\/media\/11974"}],"wp:attachment":[{"href":"http:\/\/nsf.pt\/index.php\/wp-json\/wp\/v2\/media?parent=11966"}],"wp:term":[{"taxonomy":"category","embeddable":true,"href":"http:\/\/nsf.pt\/index.php\/wp-json\/wp\/v2\/categories?post=11966"},{"taxonomy":"post_tag","embeddable":true,"href":"http:\/\/nsf.pt\/index.php\/wp-json\/wp\/v2\/tags?post=11966"}],"curies":[{"name":"wp","href":"https:\/\/api.w.org\/{rel}","templated":true}]}}