{"id":12133,"date":"2024-06-28T15:32:38","date_gmt":"2024-06-28T15:32:38","guid":{"rendered":"https:\/\/nsf.pt\/?p=12133"},"modified":"2024-06-28T15:32:40","modified_gmt":"2024-06-28T15:32:40","slug":"a-educacao-na-imprensa","status":"publish","type":"post","link":"http:\/\/nsf.pt\/index.php\/2024\/06\/28\/a-educacao-na-imprensa\/","title":{"rendered":"A educa\u00e7\u00e3o na imprensa"},"content":{"rendered":"\n<h2 class=\"wp-block-heading\"><strong>EDULOG<\/strong> &#8211; Servi\u00e7o semanal de informa\u00e7\u00e3o <\/h2>\n\n\n<div class=\"wp-block-post-date\"><time datetime=\"2024-06-28T15:32:38+00:00\">28 de Junho, 2024<\/time><\/div>\n\n\n<p><strong>Desafios no ensino superior<\/strong><br>A Associa\u00e7\u00e3o Portuguesa de Ensino Superior Privado diz que os novos mestrados para a doc\u00eancia podem n\u00e3o avan\u00e7ar no pr\u00f3ximo ano letivo por falta de esclarecimentos quanto ao novo enquadramento jur\u00eddico, cita o\u00a0<a href=\"https:\/\/edulog.us18.list-manage.com\/track\/click?u=4f777ff74559ef59d6a1b85c2&amp;id=1bb6e0d483&amp;e=812609977a\">Jornal de Not\u00edcias<\/a>. Sem propinas, as institui\u00e7\u00f5es ter\u00e3o um \u201cproblema acrescido\u201d, refere a associa\u00e7\u00e3o que considera ainda \u201cessencial\u201d capacitar diplomados noutras \u00e1reas para a doc\u00eancia para combater a falta de professores.<\/p>\n\n\n\n<div style=\"height:38px\" aria-hidden=\"true\" class=\"wp-block-spacer\"><\/div>\n\n\n\n<figure class=\"wp-block-gallery has-nested-images columns-default is-cropped wp-block-gallery-1 is-layout-flex wp-block-gallery-is-layout-flex\">\n<figure class=\"wp-block-image size-large\"><img decoding=\"async\" loading=\"lazy\" width=\"1024\" height=\"561\" data-id=\"12135\" src=\"https:\/\/nsf.pt\/wp-content\/uploads\/2024\/06\/educa-1024x561.jpg\" alt=\"\" class=\"wp-image-12135\" srcset=\"https:\/\/nsf.pt\/wp-content\/uploads\/2024\/06\/educa-1024x561.jpg 1024w, https:\/\/nsf.pt\/wp-content\/uploads\/2024\/06\/educa-300x164.jpg 300w, https:\/\/nsf.pt\/wp-content\/uploads\/2024\/06\/educa-768x420.jpg 768w, https:\/\/nsf.pt\/wp-content\/uploads\/2024\/06\/educa.jpg 1158w\" sizes=\"(max-width: 1024px) 100vw, 1024px\" \/><\/figure>\n<\/figure>\n\n\n\n<div style=\"height:27px\" aria-hidden=\"true\" class=\"wp-block-spacer\"><\/div>\n\n\n\n<p>Os cinco maiores hospitais universit\u00e1rios no Porto, Coimbra e Lisboa v\u00e3o ser avaliados por um grupo de trabalho constitu\u00eddo pelo antigo ministro da Sa\u00fade do PS, Adalberto Campos Fernandes, noticia o\u00a0<a href=\"https:\/\/edulog.us18.list-manage.com\/track\/click?u=4f777ff74559ef59d6a1b85c2&amp;id=e87477a641&amp;e=812609977a\">Expresso<\/a>. A avalia\u00e7\u00e3o vai incidir sobre o modelo de organiza\u00e7\u00e3o, o financiamento, val\u00eancias, equipas, equipamentos e o pr\u00f3prio ensino m\u00e9dico. O objetivo \u00e9 assegurar que cumprem todas as exig\u00eancias para tratar doentes e formar quem os trata.<\/p>\n\n\n\n<p>O n\u00famero de alunos que desistem ap\u00f3s o primeiro ano no ensino superior est\u00e1 a aumentar. A taxa de abandono nas licenciaturas atingiu os 11,1% em 2022\/2023, registando o valor mais elevado em oito anos, de acordo com o&nbsp;<a href=\"https:\/\/edulog.us18.list-manage.com\/track\/click?u=4f777ff74559ef59d6a1b85c2&amp;id=8976f928b9&amp;e=812609977a\">Eco<\/a>. J\u00e1 a taxa de desist\u00eancia nos mestrados integrados recuou para 3,6%. Os dados foram divulgados pela Dire\u00e7\u00e3o-Geral de Estat\u00edsticas da Educa\u00e7\u00e3o e Ci\u00eancia (DGEEC).<\/p>\n\n\n\n<p><strong>(Des) Investimentos no profissional<\/strong><br>Em 2022, apenas 13% dos diplomados do ensino profissional do secund\u00e1rio estavam inscritos no ensino superior no ano seguinte. Hotelaria e Restaura\u00e7\u00e3o, Tecnologias de Diagn\u00f3stico e Terap\u00eautica, Beleza, Ind\u00fastrias da Madeira, Corti\u00e7a, Papel, Pl\u00e1stico e Vidro s\u00e3o \u00e1reas em que mais de 90% dos alunos n\u00e3o prossegue estudos. Dados da Dire\u00e7\u00e3o-Geral de Estat\u00edsticas de Educa\u00e7\u00e3o e Ci\u00eancia trazidos pela&nbsp;<a href=\"https:\/\/edulog.us18.list-manage.com\/track\/click?u=4f777ff74559ef59d6a1b85c2&amp;id=13f3da0b7f&amp;e=812609977a\">Lusa<\/a>.<\/p>\n\n\n\n<p>Para combater o absentismo na Escola B\u00e1sica Integrada de Rabo de Peixe, na ilha de S\u00e3o Miguel, foram constru\u00eddas modernas oficinas de Carpintaria, Cer\u00e2mica, Eletrotecnia, Mecanotecnia e Culin\u00e1ria. Mas n\u00e3o est\u00e3o a funcionar por falta de financiamento, revela o diretor da escola ao&nbsp;<a href=\"https:\/\/edulog.us18.list-manage.com\/track\/click?u=4f777ff74559ef59d6a1b85c2&amp;id=81aa6a7f48&amp;e=812609977a\">Jornal de Not\u00edcias<\/a>. Na de Culin\u00e1ria, por exemplo, existem fog\u00e3o e arm\u00e1rios embutidos, mas faltam lou\u00e7as e alimentos para cozinhar.<\/p>\n\n\n\n<p><strong>Bem-estar e mal-estar nas escolas<\/strong><br>Atrair professores reformados de volta \u00e0 escola ou fazer com que os que est\u00e3o para se reformar permane\u00e7am no ensino, dando-lhes um retorno financeiro, s\u00e3o algumas das medidas anunciadas pelo Governo para combater a escassez de professores. A&nbsp;<a href=\"https:\/\/edulog.us18.list-manage.com\/track\/click?u=4f777ff74559ef59d6a1b85c2&amp;id=c70df963be&amp;e=812609977a\">CNN<\/a>&nbsp;conversou com duas professoras prestes a completarem 70 anos, que ainda est\u00e3o no ativo. O ambiente da escola e a rela\u00e7\u00e3o com pais e alunos s\u00e3o fatores que as motivam a continuar a dar aulas.<\/p>\n\n\n\n<p>Em resposta a um inqu\u00e9rito, 98% dos assistentes operacionais que trabalham nas escolas p\u00fablicas consideram injusto o sal\u00e1rio que recebem. Quase 80% sentem-se cansados, f\u00edsica e psicologicamente, ao fim de um dia de trabalho. O Sindicato de Todos os Profissionais da Educa\u00e7\u00e3o (STOP) realizou esta ausculta\u00e7\u00e3o em 3.369 assistentes operacionais de mais de 100 munic\u00edpios e denunciou \u00e0\u00a0<a href=\"https:\/\/edulog.us18.list-manage.com\/track\/click?u=4f777ff74559ef59d6a1b85c2&amp;id=eb4406f6be&amp;e=812609977a\">Lusa<\/a>\u00a0o que considerou ser um \u201cpanorama preocupante\u201d.<\/p>\n\n\n\n<p><strong>Not\u00edcias de outros mundos da educa\u00e7\u00e3o<\/strong><br>H\u00e1 um per\u00edodo cr\u00edtico de tr\u00eas anos, entre os 11 e os 14 anos, em que as crian\u00e7as mais desfavorecidas, com bom aproveitamento escolar, come\u00e7am a ficar para tr\u00e1s, comparativamente \u00e0s mais favorecidas. Aos 16 anos, quando fazem exames nacionais, a disparidade nas notas \u00e9 mais evidente. As conclus\u00f5es s\u00e3o de um novo estudo realizado por investigadores no Reino Unido e \u00e9 explicado em editorial no&nbsp;<a href=\"https:\/\/edulog.us18.list-manage.com\/track\/click?u=4f777ff74559ef59d6a1b85c2&amp;id=8b68bf3127&amp;e=812609977a\">The Guardian<\/a>.<\/p>\n\n\n\n<p>A&nbsp; Academia de Ci\u00eancias francesa estudou a sub-representa\u00e7\u00e3o das mulheres nas carreiras cient\u00edficas. A raiz do problema parece estar na forma\u00e7\u00e3o dos professores do ensino prim\u00e1rio. Embora quase nove em cada dez professores sejam mulheres, a falta de facilidade nos campos cient\u00edficos corre o risco de transmitir uma \u201cimagem negativa\u201d destes temas, \u201cespecialmente para as raparigas\u201d, l\u00ea-se no relat\u00f3rio divulgado pelo&nbsp;<a href=\"https:\/\/edulog.us18.list-manage.com\/track\/click?u=4f777ff74559ef59d6a1b85c2&amp;id=40138fe520&amp;e=812609977a\">Le Monde<\/a>.<\/p>\n\n\n\n<p><\/p>\n\n\n\n<p>Na Catalunha, as c\u00e2maras municipais n\u00e3o aproveitaram os fundos europeus\u00a0<a href=\"https:\/\/edulog.us18.list-manage.com\/track\/click?u=4f777ff74559ef59d6a1b85c2&amp;id=d4f930ca70&amp;e=812609977a\">Next Generation<\/a>\u00a0que inclu\u00edam 110 milh\u00f5es de euros para a cria\u00e7\u00e3o de 10.884 vagas em creches. Ao\u00a0<a href=\"https:\/\/edulog.us18.list-manage.com\/track\/click?u=4f777ff74559ef59d6a1b85c2&amp;id=9cbfb9b79d&amp;e=812609977a\">El Pa\u00eds<\/a>, a Secretaria de Educa\u00e7\u00e3o culpa a \u201cdificuldade burocr\u00e1tica\u201d do processo e refere ter prorrogado por um ano o pedido de financiamento. Esta subven\u00e7\u00e3o cobre os custos de constru\u00e7\u00e3o de novas creches, reabilita\u00e7\u00e3o de salas de aulas e aquisi\u00e7\u00e3o de mobili\u00e1rio.<\/p>\n\n\n\n<p><\/p>\n\n\n\n<p>Fonte<\/p>\n\n\n\n<figure class=\"wp-block-gallery has-nested-images columns-default is-cropped wp-block-gallery-3 is-layout-flex wp-block-gallery-is-layout-flex\">\n<figure class=\"wp-block-image size-large\"><img decoding=\"async\" loading=\"lazy\" width=\"504\" height=\"153\" data-id=\"12134\" src=\"https:\/\/nsf.pt\/wp-content\/uploads\/2024\/06\/edulog.jpg\" alt=\"\" class=\"wp-image-12134\" srcset=\"https:\/\/nsf.pt\/wp-content\/uploads\/2024\/06\/edulog.jpg 504w, https:\/\/nsf.pt\/wp-content\/uploads\/2024\/06\/edulog-300x91.jpg 300w\" sizes=\"(max-width: 504px) 100vw, 504px\" \/><\/figure>\n<\/figure>\n","protected":false},"excerpt":{"rendered":"<p>EDULOG &#8211; Servi\u00e7o semanal de informa\u00e7\u00e3o Desafios no ensino superiorA Associa\u00e7\u00e3o Portuguesa de Ensino Superior&#8230;<\/p>\n","protected":false},"author":2,"featured_media":12135,"comment_status":"open","ping_status":"open","sticky":true,"template":"","format":"standard","meta":{"sfsi_plus_gutenberg_text_before_share":"","sfsi_plus_gutenberg_show_text_before_share":"","sfsi_plus_gutenberg_icon_type":"","sfsi_plus_gutenberg_icon_alignemt":"","sfsi_plus_gutenburg_max_per_row":"","ngg_post_thumbnail":0,"footnotes":""},"categories":[520,317],"tags":[559],"featured_image_urls":{"full":["https:\/\/nsf.pt\/wp-content\/uploads\/2024\/06\/educa.jpg",1158,634,false],"thumbnail":["https:\/\/nsf.pt\/wp-content\/uploads\/2024\/06\/educa-150x150.jpg",150,150,true],"medium":["https:\/\/nsf.pt\/wp-content\/uploads\/2024\/06\/educa-300x164.jpg",300,164,true],"medium_large":["https:\/\/nsf.pt\/wp-content\/uploads\/2024\/06\/educa-768x420.jpg",640,350,true],"large":["https:\/\/nsf.pt\/wp-content\/uploads\/2024\/06\/educa-1024x561.jpg",640,351,true],"1536x1536":["https:\/\/nsf.pt\/wp-content\/uploads\/2024\/06\/educa.jpg",1158,634,false],"2048x2048":["https:\/\/nsf.pt\/wp-content\/uploads\/2024\/06\/educa.jpg",1158,634,false],"covernews-slider-full":["https:\/\/nsf.pt\/wp-content\/uploads\/2024\/06\/educa-1115x634.jpg",1115,634,true],"covernews-slider-center":["https:\/\/nsf.pt\/wp-content\/uploads\/2024\/06\/educa-800x500.jpg",800,500,true],"covernews-featured":["https:\/\/nsf.pt\/wp-content\/uploads\/2024\/06\/educa-1024x561.jpg",1024,561,true],"covernews-medium":["https:\/\/nsf.pt\/wp-content\/uploads\/2024\/06\/educa-540x340.jpg",540,340,true],"covernews-medium-square":["https:\/\/nsf.pt\/wp-content\/uploads\/2024\/06\/educa-400x250.jpg",400,250,true]},"author_info":{"info":["Carlos Ribeiro"]},"category_info":"<a href=\"http:\/\/nsf.pt\/index.php\/category\/educacao\/\" rel=\"category tag\">EDUCA\u00c7\u00c3O<\/a> <a href=\"http:\/\/nsf.pt\/index.php\/category\/noticias\/\" rel=\"category tag\">NOTICIAS<\/a>","tag_info":"NOTICIAS","comment_count":"0","_links":{"self":[{"href":"http:\/\/nsf.pt\/index.php\/wp-json\/wp\/v2\/posts\/12133"}],"collection":[{"href":"http:\/\/nsf.pt\/index.php\/wp-json\/wp\/v2\/posts"}],"about":[{"href":"http:\/\/nsf.pt\/index.php\/wp-json\/wp\/v2\/types\/post"}],"author":[{"embeddable":true,"href":"http:\/\/nsf.pt\/index.php\/wp-json\/wp\/v2\/users\/2"}],"replies":[{"embeddable":true,"href":"http:\/\/nsf.pt\/index.php\/wp-json\/wp\/v2\/comments?post=12133"}],"version-history":[{"count":1,"href":"http:\/\/nsf.pt\/index.php\/wp-json\/wp\/v2\/posts\/12133\/revisions"}],"predecessor-version":[{"id":12136,"href":"http:\/\/nsf.pt\/index.php\/wp-json\/wp\/v2\/posts\/12133\/revisions\/12136"}],"wp:featuredmedia":[{"embeddable":true,"href":"http:\/\/nsf.pt\/index.php\/wp-json\/wp\/v2\/media\/12135"}],"wp:attachment":[{"href":"http:\/\/nsf.pt\/index.php\/wp-json\/wp\/v2\/media?parent=12133"}],"wp:term":[{"taxonomy":"category","embeddable":true,"href":"http:\/\/nsf.pt\/index.php\/wp-json\/wp\/v2\/categories?post=12133"},{"taxonomy":"post_tag","embeddable":true,"href":"http:\/\/nsf.pt\/index.php\/wp-json\/wp\/v2\/tags?post=12133"}],"curies":[{"name":"wp","href":"https:\/\/api.w.org\/{rel}","templated":true}]}}