{"id":12355,"date":"2024-09-18T21:39:23","date_gmt":"2024-09-18T21:39:23","guid":{"rendered":"https:\/\/nsf.pt\/?p=12355"},"modified":"2026-03-10T19:49:16","modified_gmt":"2026-03-10T19:49:16","slug":"paulo-pisco-apresenta-livro-em-paris","status":"publish","type":"post","link":"http:\/\/nsf.pt\/index.php\/2024\/09\/18\/paulo-pisco-apresenta-livro-em-paris\/","title":{"rendered":"Paulo Pisco apresenta livro em Paris"},"content":{"rendered":"\n<h2 class=\"wp-block-heading\">Apresenta\u00e7\u00e3o na capital francesa constitui um reconhecimento dos la\u00e7os que unem Portugal e Fran\u00e7a<\/h2>\n\n\n<div class=\"wp-block-post-date\"><time datetime=\"2024-09-18T21:39:23+00:00\">18 de Setembro, 2024<\/time><\/div>\n\n\n<p><\/p>\n\n\n\n<h3 class=\"wp-block-heading\"><strong>Paris ser\u00e1 palco de apresenta\u00e7\u00e3o, no dia 21 de setembro, do livro &#8220;Mem\u00f3rias da Ditadura \u2013 Sociedade, Emigra\u00e7\u00e3o e Resist\u00eancia\u201d uma publica\u00e7\u00e3o sobre mem\u00f3rias da ditadura portuguesa.&nbsp;<\/strong><\/h3>\n\n\n\n<div style=\"height:17px\" aria-hidden=\"true\" class=\"wp-block-spacer\"><\/div>\n\n\n\n<figure class=\"wp-block-gallery has-nested-images columns-default is-cropped wp-block-gallery-1 is-layout-flex wp-block-gallery-is-layout-flex\">\n<figure class=\"wp-block-image size-large\"><img decoding=\"async\" loading=\"lazy\" width=\"1024\" height=\"469\" data-id=\"12358\" src=\"https:\/\/nsf.pt\/wp-content\/uploads\/2024\/09\/cardeira-1024x469.jpg\" alt=\"\" class=\"wp-image-12358\" srcset=\"https:\/\/nsf.pt\/wp-content\/uploads\/2024\/09\/cardeira-1024x469.jpg 1024w, https:\/\/nsf.pt\/wp-content\/uploads\/2024\/09\/cardeira-300x137.jpg 300w, https:\/\/nsf.pt\/wp-content\/uploads\/2024\/09\/cardeira-768x351.jpg 768w, https:\/\/nsf.pt\/wp-content\/uploads\/2024\/09\/cardeira.jpg 1121w\" sizes=\"(max-width: 1024px) 100vw, 1024px\" \/><\/figure>\n<\/figure>\n\n\n\n<p class=\"has-text-align-center\">FM Cardeira e Daniel Bastos estar\u00e3o em Paris no pr\u00f3ximo dia 21 de setembro.<\/p>\n\n\n\n<div style=\"height:24px\" aria-hidden=\"true\" class=\"wp-block-spacer\"><\/div>\n\n\n\n<p>A obra, concebida pelo historiador Daniel Bastos a partir do esp\u00f3lio fotogr\u00e1fico in\u00e9dito de Fernando Mariano Cardeira, antigo oposicionista, militar desertor, emigrante e exilado pol\u00edtico, \u00e9 apresentada \u00e0s 17h30 na Casa de Portugal Andr\u00e9 de Gouveia, na Cidade Internacional Universit\u00e1ria de Paris.<\/p>\n\n\n\n<p>A apresenta\u00e7\u00e3o do livro, uma edi\u00e7\u00e3o bilingue (portugu\u00eas e ingl\u00eas) com tradu\u00e7\u00e3o de Paulo Teixeira, e pref\u00e1cio do historiador e investigador Jos\u00e9 Pacheco Pereira, estar\u00e1 a cargo de&nbsp;<strong>Paulo Pisco,<\/strong>  deputado da Assembleia da Rep\u00fablica pelo c\u00edrculo eleitoral da Europa.<\/p>\n\n\n\n<p>Nesta nova obra, realizada com o apoio institucional da&nbsp;<em>Comiss\u00e3o<\/em>&nbsp;Comemorativa&nbsp;<em>50 anos 25 de Abril, <\/em>Daniel Bastos revela o esp\u00f3lio singular de Fernando Mariano Cardeira, cuja lente humanista e militante teve o cond\u00e3o de captar fotografias marcantes para o conhecimento da sociedade sobre a emigra\u00e7\u00e3o e a resist\u00eancia \u00e0 ditadura nas d\u00e9cadas de 1960-70.<\/p>\n\n\n\n<p>Atrav\u00e9s das mem\u00f3rias visuais do antigo oposicionista, assentes num conjunto de centena e meia de imagens, s\u00e3o abordados, desde logo, as primeiras manifesta\u00e7\u00f5es do Maio de 1968 em Paris, acontecimento ic\u00f3nico onde o fot\u00f3grafo engajado consolidou a sua consci\u00eancia c\u00edvica e pol\u00edtica. E, com particular incid\u00eancia, o quotidiano de pobreza e mis\u00e9ria em Lisboa, a efervesc\u00eancia do movimento estudantil portugu\u00eas, o embarque de tropas para as ex-col\u00f3nias, os caminhos da deser\u00e7\u00e3o, da emigra\u00e7\u00e3o \u201ca salto\u201d e do ex\u00edlio, uma estrat\u00e9gia seguida por milhares de portugueses em demanda de melhores condi\u00e7\u00f5es de vida e para escapar \u00e0 Guerra Colonial nos anos 60 e 70.<\/p>\n\n\n\n<p>No ano em que se celebra meio s\u00e9culo de liberdade em Portugal, a apresenta\u00e7\u00e3o deste livro em Paris, constitui um reconhecimento dos la\u00e7os que unem Portugal e Fran\u00e7a, e do contributo da comunidade portuguesa em Fran\u00e7a, a mais numerosa das comunidades lusas na Europa e uma das principais comunidades estrangeiras estabelecidas no territ\u00f3rio gaul\u00eas, rondando um milh\u00e3o de pessoas, ao longo dos anos no engrandecimento dos valores da liberdade e da portugalidade.&nbsp;<\/p>\n\n\n\n<p>.<\/p>\n\n\n\n<figure class=\"wp-block-gallery has-nested-images columns-default is-cropped wp-block-gallery-3 is-layout-flex wp-block-gallery-is-layout-flex\">\n<figure class=\"wp-block-image size-large\"><img decoding=\"async\" loading=\"lazy\" width=\"934\" height=\"1024\" data-id=\"12356\" src=\"https:\/\/nsf.pt\/wp-content\/uploads\/2024\/09\/2-Capa-Memorias-da-Ditadura-934x1024.jpg\" alt=\"\" class=\"wp-image-12356\" srcset=\"https:\/\/nsf.pt\/wp-content\/uploads\/2024\/09\/2-Capa-Memorias-da-Ditadura-934x1024.jpg 934w, https:\/\/nsf.pt\/wp-content\/uploads\/2024\/09\/2-Capa-Memorias-da-Ditadura-274x300.jpg 274w, https:\/\/nsf.pt\/wp-content\/uploads\/2024\/09\/2-Capa-Memorias-da-Ditadura-768x842.jpg 768w, https:\/\/nsf.pt\/wp-content\/uploads\/2024\/09\/2-Capa-Memorias-da-Ditadura-1402x1536.jpg 1402w, https:\/\/nsf.pt\/wp-content\/uploads\/2024\/09\/2-Capa-Memorias-da-Ditadura-1869x2048.jpg 1869w, https:\/\/nsf.pt\/wp-content\/uploads\/2024\/09\/2-Capa-Memorias-da-Ditadura-1024x1122.jpg 1024w\" sizes=\"(max-width: 934px) 100vw, 934px\" \/><\/figure>\n\n\n\n<figure class=\"wp-block-image size-large\"><img decoding=\"async\" loading=\"lazy\" width=\"724\" height=\"1024\" data-id=\"12357\" src=\"https:\/\/nsf.pt\/wp-content\/uploads\/2024\/09\/5-Cartaz-724x1024.jpg\" alt=\"\" class=\"wp-image-12357\" srcset=\"https:\/\/nsf.pt\/wp-content\/uploads\/2024\/09\/5-Cartaz-724x1024.jpg 724w, https:\/\/nsf.pt\/wp-content\/uploads\/2024\/09\/5-Cartaz-212x300.jpg 212w, https:\/\/nsf.pt\/wp-content\/uploads\/2024\/09\/5-Cartaz-768x1087.jpg 768w, https:\/\/nsf.pt\/wp-content\/uploads\/2024\/09\/5-Cartaz-1086x1536.jpg 1086w, https:\/\/nsf.pt\/wp-content\/uploads\/2024\/09\/5-Cartaz-1448x2048.jpg 1448w, https:\/\/nsf.pt\/wp-content\/uploads\/2024\/09\/5-Cartaz-1024x1449.jpg 1024w, https:\/\/nsf.pt\/wp-content\/uploads\/2024\/09\/5-Cartaz.jpg 1753w\" sizes=\"(max-width: 724px) 100vw, 724px\" \/><\/figure>\n<\/figure>\n\n\n\n<p><\/p>\n\n\n\n<p><em>Fonte: Daniel Bastos<\/em><\/p>\n","protected":false},"excerpt":{"rendered":"<p>Apresenta\u00e7\u00e3o na capital francesa constitui um reconhecimento dos la\u00e7os que unem Portugal e Fran\u00e7a Paris&#8230;<\/p>\n","protected":false},"author":2,"featured_media":12358,"comment_status":"open","ping_status":"open","sticky":true,"template":"","format":"standard","meta":{"sfsi_plus_gutenberg_text_before_share":"","sfsi_plus_gutenberg_show_text_before_share":"","sfsi_plus_gutenberg_icon_type":"","sfsi_plus_gutenberg_icon_alignemt":"","sfsi_plus_gutenburg_max_per_row":"","ngg_post_thumbnail":0,"footnotes":""},"categories":[207,450],"tags":[224],"featured_image_urls":{"full":["https:\/\/nsf.pt\/wp-content\/uploads\/2024\/09\/cardeira.jpg",1121,513,false],"thumbnail":["https:\/\/nsf.pt\/wp-content\/uploads\/2024\/09\/cardeira-150x150.jpg",150,150,true],"medium":["https:\/\/nsf.pt\/wp-content\/uploads\/2024\/09\/cardeira-300x137.jpg",300,137,true],"medium_large":["https:\/\/nsf.pt\/wp-content\/uploads\/2024\/09\/cardeira-768x351.jpg",640,293,true],"large":["https:\/\/nsf.pt\/wp-content\/uploads\/2024\/09\/cardeira-1024x469.jpg",640,293,true],"1536x1536":["https:\/\/nsf.pt\/wp-content\/uploads\/2024\/09\/cardeira.jpg",1121,513,false],"2048x2048":["https:\/\/nsf.pt\/wp-content\/uploads\/2024\/09\/cardeira.jpg",1121,513,false],"covernews-slider-full":["https:\/\/nsf.pt\/wp-content\/uploads\/2024\/09\/cardeira-1115x513.jpg",1115,513,true],"covernews-slider-center":["https:\/\/nsf.pt\/wp-content\/uploads\/2024\/09\/cardeira-800x500.jpg",800,500,true],"covernews-featured":["https:\/\/nsf.pt\/wp-content\/uploads\/2024\/09\/cardeira-1024x469.jpg",1024,469,true],"covernews-medium":["https:\/\/nsf.pt\/wp-content\/uploads\/2024\/09\/cardeira-540x340.jpg",540,340,true],"covernews-medium-square":["https:\/\/nsf.pt\/wp-content\/uploads\/2024\/09\/cardeira-400x250.jpg",400,250,true]},"author_info":{"info":["Carlos Ribeiro"]},"category_info":"<a href=\"http:\/\/nsf.pt\/index.php\/category\/agenda-2\/\" rel=\"category tag\">AGENDA<\/a> <a href=\"http:\/\/nsf.pt\/index.php\/category\/livros\/\" rel=\"category tag\">LIVROS<\/a>","tag_info":"LIVROS","comment_count":"0","_links":{"self":[{"href":"http:\/\/nsf.pt\/index.php\/wp-json\/wp\/v2\/posts\/12355"}],"collection":[{"href":"http:\/\/nsf.pt\/index.php\/wp-json\/wp\/v2\/posts"}],"about":[{"href":"http:\/\/nsf.pt\/index.php\/wp-json\/wp\/v2\/types\/post"}],"author":[{"embeddable":true,"href":"http:\/\/nsf.pt\/index.php\/wp-json\/wp\/v2\/users\/2"}],"replies":[{"embeddable":true,"href":"http:\/\/nsf.pt\/index.php\/wp-json\/wp\/v2\/comments?post=12355"}],"version-history":[{"count":2,"href":"http:\/\/nsf.pt\/index.php\/wp-json\/wp\/v2\/posts\/12355\/revisions"}],"predecessor-version":[{"id":12366,"href":"http:\/\/nsf.pt\/index.php\/wp-json\/wp\/v2\/posts\/12355\/revisions\/12366"}],"wp:featuredmedia":[{"embeddable":true,"href":"http:\/\/nsf.pt\/index.php\/wp-json\/wp\/v2\/media\/12358"}],"wp:attachment":[{"href":"http:\/\/nsf.pt\/index.php\/wp-json\/wp\/v2\/media?parent=12355"}],"wp:term":[{"taxonomy":"category","embeddable":true,"href":"http:\/\/nsf.pt\/index.php\/wp-json\/wp\/v2\/categories?post=12355"},{"taxonomy":"post_tag","embeddable":true,"href":"http:\/\/nsf.pt\/index.php\/wp-json\/wp\/v2\/tags?post=12355"}],"curies":[{"name":"wp","href":"https:\/\/api.w.org\/{rel}","templated":true}]}}