{"id":13950,"date":"2025-05-20T15:18:38","date_gmt":"2025-05-20T15:18:38","guid":{"rendered":"https:\/\/nsf.pt\/?p=13950"},"modified":"2025-05-20T15:25:26","modified_gmt":"2025-05-20T15:25:26","slug":"quando-os-emigrantes-aplaudem-o-carrasco","status":"publish","type":"post","link":"http:\/\/nsf.pt\/index.php\/2025\/05\/20\/quando-os-emigrantes-aplaudem-o-carrasco\/","title":{"rendered":"Quando os emigrantes aplaudem o carrasco"},"content":{"rendered":"\n<h2 class=\"wp-block-heading\">OPINI\u00c3O &#8211; por Manuel de Melo &#8211; Genebra\/Su\u00ed\u00e7a<\/h2>\n\n\n<div class=\"wp-block-post-date\"><time datetime=\"2025-05-20T15:18:38+00:00\">20 de Maio, 2025<\/time><\/div>\n\n\n<p>(Manuel de Melo &#8211; Facebook)<\/p>\n\n\n\n<p>H\u00e1 algo de particularmente revoltante &#8211; quase obsceno &#8211; em ver portugueses emigrantes a aplaudir o \u00f3dio que cresce em Portugal. Gente que vive fora, acolhida por pa\u00edses que lhes deram trabalho, abrigo, direitos e dignidade, mas que agora, de peito cheio, defendem um projeto pol\u00edtico que fecharia as mesmas portas a quem bate hoje \u00e0 nossa.<\/p>\n\n\n\n<p>\u00c9 de uma hipocrisia gritante. Inacredit\u00e1vel.<\/p>\n\n\n\n<p>E n\u00e3o \u00e9 s\u00f3 incoer\u00eancia, \u00e9 trai\u00e7\u00e3o \u00e0 pr\u00f3pria hist\u00f3ria.<\/p>\n\n\n\n<p>Foram os vossos av\u00f3s, os vossos pais, que atravessaram fronteiras \u00e0 procura de um futuro. Chegaram a pa\u00edses onde eram vistos como \u201cos outros\u201d. Sofreram desconfian\u00e7a, racismo, explora\u00e7\u00e3o. Passaram anos a trabalhar nas sombras, sem voz, muitas vezes sem documentos. E agora, com o estatuto conquistado, voltam-se para Portugal a defender ideologias que tratam os imigrantes como pragas. Que falam de \u201cinvas\u00e3o\u201d e \u201climpeza cultural\u201d. Voc\u00eas perderam a mem\u00f3ria, ou simplesmente perderam a vergonha?<\/p>\n\n\n\n<p>O que diriam os franceses, su\u00ed\u00e7os, luxemburgueses, alem\u00e3es, ingleses, se vos vissem a apoiar, para o vosso pa\u00eds de origem, aquilo que eles rejeitam no pr\u00f3prio? Acham que, se esses governos tivessem seguido o mesmo modelo de exclus\u00e3o que voc\u00eas agora defendem para Portugal, ainda estariam nos pa\u00edses onde est\u00e3o? Com casa? Com filhos na escola? Com assist\u00eancia m\u00e9dica?<\/p>\n\n\n\n<p>Claro que n\u00e3o. J\u00e1 teriam sido postos na fronteira ou num avi\u00e3o com um bilhete s\u00f3 de ida.<\/p>\n\n\n\n<p>\u00c9 nojento que continuem a espalhar discursos inflamados nas redes sociais, partilhando v\u00eddeos populistas como se fossem revela\u00e7\u00f5es divinas, dizendo \u201cfinalmente algu\u00e9m diz a verdade\u201d.<\/p>\n\n\n\n<p>Mas qual verdade? A verdade de que o medo \u00e9 mais confort\u00e1vel do que a empatia?<\/p>\n\n\n\n<p>A verdade de que \u00e9 mais f\u00e1cil esquecer o que fomos do que enfrentar quem somos?<\/p>\n\n\n\n<p>\u00c9 uma mis\u00e9ria moral. Um retrocesso humano.<\/p>\n\n\n\n<p>O emigrante que se esquece de onde veio n\u00e3o \u00e9 s\u00edmbolo de sucesso. \u00c9 espelho de cinismo.<\/p>\n\n\n\n<p>Ao apoiar este tipo de ideologia, n\u00e3o est\u00e3o apenas a atacar os que agora tentam fazer o mesmo caminho que voc\u00eas fizeram. Est\u00e3o a atacar os vossos pr\u00f3prios fantasmas, a cuspir no vosso passado, a negar o direito de outros viverem aquilo que vos foi permitido viver. Voc\u00eas n\u00e3o s\u00e3o patriotas. N\u00e3o s\u00e3o \u201crealistas\u201d. S\u00e3o c\u00famplices daquilo que um dia tamb\u00e9m vos magoou.<\/p>\n\n\n\n<p>Portugal tem mem\u00f3ria. E voc\u00eas deviam t\u00ea-la tamb\u00e9m.<\/p>\n\n\n\n<p>Aplaudir o \u00f3dio, \u00e0 dist\u00e2ncia confort\u00e1vel da seguran\u00e7a que outros vos deram, \u00e9 a forma mais baixa de covardia.<\/p>\n\n\n\n<p>Quem viveu na pele o que \u00e9 ser \u201cde fora\u201d e mesmo assim reproduz o discurso do carrasco, n\u00e3o merece palmas.<\/p>\n\n\n\n<p>Merece ser olhado de frente. E confrontado com esta simples pergunta:<\/p>\n\n\n\n<p>Se hoje fosses tu a bater \u00e0 porta\u2026 Portugal abriria? Ou fecharia por tua causa?<\/p>\n\n\n\n<p>Pensa bem.<\/p>\n\n\n\n<p>Manuel de Melo<\/p>\n\n\n\n<p>Genebra\/Su\u00ed\u00e7a<\/p>\n\n\n\n<p><\/p>\n\n\n\n<p>Original <a href=\"https:\/\/www.facebook.com\/photo?fbid=728080163223414&amp;set=a.117005844330852\">AQUI<\/a><\/p>\n","protected":false},"excerpt":{"rendered":"<p>OPINI\u00c3O &#8211; por Manuel de Melo &#8211; Genebra\/Su\u00ed\u00e7a (Manuel de Melo &#8211; Facebook) H\u00e1 algo&#8230;<\/p>\n","protected":false},"author":2,"featured_media":13951,"comment_status":"open","ping_status":"open","sticky":true,"template":"","format":"standard","meta":{"sfsi_plus_gutenberg_text_before_share":"","sfsi_plus_gutenberg_show_text_before_share":"","sfsi_plus_gutenberg_icon_type":"","sfsi_plus_gutenberg_icon_alignemt":"","sfsi_plus_gutenburg_max_per_row":"","ngg_post_thumbnail":0,"footnotes":""},"categories":[238,99],"tags":[631],"featured_image_urls":{"full":["https:\/\/nsf.pt\/wp-content\/uploads\/2025\/05\/EMIGRANTES.jpg",647,427,false],"thumbnail":["https:\/\/nsf.pt\/wp-content\/uploads\/2025\/05\/EMIGRANTES-150x150.jpg",150,150,true],"medium":["https:\/\/nsf.pt\/wp-content\/uploads\/2025\/05\/EMIGRANTES-300x198.jpg",300,198,true],"medium_large":["https:\/\/nsf.pt\/wp-content\/uploads\/2025\/05\/EMIGRANTES.jpg",640,422,false],"large":["https:\/\/nsf.pt\/wp-content\/uploads\/2025\/05\/EMIGRANTES.jpg",640,422,false],"1536x1536":["https:\/\/nsf.pt\/wp-content\/uploads\/2025\/05\/EMIGRANTES.jpg",647,427,false],"2048x2048":["https:\/\/nsf.pt\/wp-content\/uploads\/2025\/05\/EMIGRANTES.jpg",647,427,false],"covernews-slider-full":["https:\/\/nsf.pt\/wp-content\/uploads\/2025\/05\/EMIGRANTES.jpg",647,427,false],"covernews-slider-center":["https:\/\/nsf.pt\/wp-content\/uploads\/2025\/05\/EMIGRANTES.jpg",647,427,false],"covernews-featured":["https:\/\/nsf.pt\/wp-content\/uploads\/2025\/05\/EMIGRANTES.jpg",647,427,false],"covernews-medium":["https:\/\/nsf.pt\/wp-content\/uploads\/2025\/05\/EMIGRANTES-540x340.jpg",540,340,true],"covernews-medium-square":["https:\/\/nsf.pt\/wp-content\/uploads\/2025\/05\/EMIGRANTES-400x250.jpg",400,250,true]},"author_info":{"info":["Carlos Ribeiro"]},"category_info":"<a href=\"http:\/\/nsf.pt\/index.php\/category\/destaque\/\" rel=\"category tag\">DESTAQUE<\/a> <a href=\"http:\/\/nsf.pt\/index.php\/category\/opiniao\/\" rel=\"category tag\">OPINI\u00c3O<\/a>","tag_info":"OPINI\u00c3O","comment_count":"0","_links":{"self":[{"href":"http:\/\/nsf.pt\/index.php\/wp-json\/wp\/v2\/posts\/13950"}],"collection":[{"href":"http:\/\/nsf.pt\/index.php\/wp-json\/wp\/v2\/posts"}],"about":[{"href":"http:\/\/nsf.pt\/index.php\/wp-json\/wp\/v2\/types\/post"}],"author":[{"embeddable":true,"href":"http:\/\/nsf.pt\/index.php\/wp-json\/wp\/v2\/users\/2"}],"replies":[{"embeddable":true,"href":"http:\/\/nsf.pt\/index.php\/wp-json\/wp\/v2\/comments?post=13950"}],"version-history":[{"count":2,"href":"http:\/\/nsf.pt\/index.php\/wp-json\/wp\/v2\/posts\/13950\/revisions"}],"predecessor-version":[{"id":13953,"href":"http:\/\/nsf.pt\/index.php\/wp-json\/wp\/v2\/posts\/13950\/revisions\/13953"}],"wp:featuredmedia":[{"embeddable":true,"href":"http:\/\/nsf.pt\/index.php\/wp-json\/wp\/v2\/media\/13951"}],"wp:attachment":[{"href":"http:\/\/nsf.pt\/index.php\/wp-json\/wp\/v2\/media?parent=13950"}],"wp:term":[{"taxonomy":"category","embeddable":true,"href":"http:\/\/nsf.pt\/index.php\/wp-json\/wp\/v2\/categories?post=13950"},{"taxonomy":"post_tag","embeddable":true,"href":"http:\/\/nsf.pt\/index.php\/wp-json\/wp\/v2\/tags?post=13950"}],"curies":[{"name":"wp","href":"https:\/\/api.w.org\/{rel}","templated":true}]}}