{"id":14046,"date":"2025-06-11T17:14:49","date_gmt":"2025-06-11T17:14:49","guid":{"rendered":"https:\/\/nsf.pt\/?p=14046"},"modified":"2025-06-11T18:52:35","modified_gmt":"2025-06-11T18:52:35","slug":"a-barraca-na-mira-dos-neo-nazis","status":"publish","type":"post","link":"http:\/\/nsf.pt\/index.php\/2025\/06\/11\/a-barraca-na-mira-dos-neo-nazis\/","title":{"rendered":"A Barraca na mira dos neo-nazis"},"content":{"rendered":"\n<h2 class=\"wp-block-heading\">Foi convocada uma concentra\u00e7\u00e3o no domingo 15 de junho 16h00, no Teatro A Barraca<\/h2>\n\n\n<div class=\"wp-block-post-date\"><time datetime=\"2025-06-11T17:14:49+00:00\">11 de Junho, 2025<\/time><\/div>\n\n\n<p>O ator Ad\u00e9rito Lopes foi agredido na noite de ter\u00e7a-feira, em Lisboa, por um grupo de indiv\u00edduos de extrema-direita que deixaram mensagens muito claras sobre as suas inten\u00e7\u00f5es, O ataque, uma hora antes da pe\u00e7a de teatro &#8220;Amor \u00e9 um fogo que arde sem se ver&#8221; teve por consequ\u00eancia o cancelamento da exibi\u00e7\u00e3o da pe\u00e7a. Entretanto soube-se que um agressor foi identificado.<\/p>\n\n\n\n<p>As rea\u00e7\u00f5es n\u00e3o se fizeram esperar de v\u00e1rios quadrantes com destaque para antifascistas como Helena Pato &#8220;Um abra\u00e7o pac\u00edfico aos actores e A BARRACA, que \u00e9 um N\u00c3O \u00e0 violenta extrema-direita&#8221;, Irene Pimentel &#8220;Isto n\u00e3o pode acontecer numa democracia e num Estado de Direito. Como diz Maria Do Ceu Guerra, os cidad\u00e3os decentes e amantes da cultura t\u00eam de ser protegidos pelo Estado de Direito dos fac\u00ednoras que o querem destruir. E com a m\u00e1xima firmeza&#8221; ou Rui Bebiano &#8220;Sobre o ataque contra atores da companhia de teatro \u00abA Barraca\u00bb realizado pelo grupo \u00abSangue e Honra\u00bb. Qualquer agrupamento militarizado de extrema-direita constitui uma perigosa associa\u00e7\u00e3o de criminosos e, como tal, deve ser rapidamente desmantelado e os seus membros presos, julgados e condenados. Se tal acontece com qualquer associa\u00e7\u00e3o organizada de malfeitores, n\u00e3o existe motivo para que esta seja exce\u00e7\u00e3o. Antes pelo contr\u00e1rio, pois agride como miss\u00e3o&#8221;.<\/p>\n\n\n\n<p>Em rea\u00e7\u00e3o a este ataque e em defesa da cultura foi convocada uma CONCENTRA\u00c7\u00c3O para domingo dia 15 de junho \u00e0s 16h00 no Teatro A Barraca cujo lema principal \u00e9 <strong>O Teatro N\u00e3o se Cala<\/strong>.<\/p>\n\n\n\n<div style=\"height:38px\" aria-hidden=\"true\" class=\"wp-block-spacer\"><\/div>\n\n\n\n<figure class=\"wp-block-image aligncenter size-full is-resized\"><img decoding=\"async\" loading=\"lazy\" width=\"720\" height=\"960\" src=\"https:\/\/nsf.pt\/wp-content\/uploads\/2025\/06\/o-teatro-nao-se-cala.jpg\" alt=\"\" class=\"wp-image-14047\" style=\"aspect-ratio:0.75;width:391px;height:auto\" srcset=\"https:\/\/nsf.pt\/wp-content\/uploads\/2025\/06\/o-teatro-nao-se-cala.jpg 720w, https:\/\/nsf.pt\/wp-content\/uploads\/2025\/06\/o-teatro-nao-se-cala-225x300.jpg 225w\" sizes=\"(max-width: 720px) 100vw, 720px\" \/><\/figure>\n\n\n\n<p><a href=\"https:\/\/www.facebook.com\/mariadorosario.gama.3?comment_id=Y29tbWVudDoxMDE2NTM2OTA4ODgyMzMyN182NTAxMDI4MjgwNzUxMjk%3D&amp;__cft__[0]=AZWT0wC8EgGPbPYK6DcmlW9dwuIO8Of5NDnetHvprYSWV65_c6T8bqen-KQOdFtzC_tkWzK4T2UI-mQ1KyIcR6nnpO2s8Rcq_ctGYozr_EBhFUr77Sc7yMc30B2eMMVhutzKn59fzDoodU593ZMoXdVP&amp;__tn__=R-R\"><\/a><a href=\"https:\/\/www.facebook.com\/mariadorosario.gama.3?comment_id=Y29tbWVudDoxMDE2NTM2OTA4ODgyMzMyN182NTAxMDI4MjgwNzUxMjk%3D&amp;__cft__[0]=AZWT0wC8EgGPbPYK6DcmlW9dwuIO8Of5NDnetHvprYSWV65_c6T8bqen-KQOdFtzC_tkWzK4T2UI-mQ1KyIcR6nnpO2s8Rcq_ctGYozr_EBhFUr77Sc7yMc30B2eMMVhutzKn59fzDoodU593ZMoXdVP&amp;__tn__=R-R\"><\/a><\/p>\n","protected":false},"excerpt":{"rendered":"<p>Foi convocada uma concentra\u00e7\u00e3o no domingo 15 de junho 16h00, no Teatro A Barraca O&#8230;<\/p>\n","protected":false},"author":2,"featured_media":14054,"comment_status":"open","ping_status":"open","sticky":true,"template":"","format":"standard","meta":{"sfsi_plus_gutenberg_text_before_share":"","sfsi_plus_gutenberg_show_text_before_share":"","sfsi_plus_gutenberg_icon_type":"","sfsi_plus_gutenberg_icon_alignemt":"","sfsi_plus_gutenburg_max_per_row":"","ngg_post_thumbnail":0,"footnotes":""},"categories":[207,489,238],"tags":[31],"featured_image_urls":{"full":["https:\/\/nsf.pt\/wp-content\/uploads\/2025\/06\/otncala.jpg",1172,512,false],"thumbnail":["https:\/\/nsf.pt\/wp-content\/uploads\/2025\/06\/otncala-150x150.jpg",150,150,true],"medium":["https:\/\/nsf.pt\/wp-content\/uploads\/2025\/06\/otncala-300x131.jpg",300,131,true],"medium_large":["https:\/\/nsf.pt\/wp-content\/uploads\/2025\/06\/otncala-768x336.jpg",640,280,true],"large":["https:\/\/nsf.pt\/wp-content\/uploads\/2025\/06\/otncala-1024x447.jpg",640,279,true],"1536x1536":["https:\/\/nsf.pt\/wp-content\/uploads\/2025\/06\/otncala.jpg",1172,512,false],"2048x2048":["https:\/\/nsf.pt\/wp-content\/uploads\/2025\/06\/otncala.jpg",1172,512,false],"covernews-slider-full":["https:\/\/nsf.pt\/wp-content\/uploads\/2025\/06\/otncala-1115x512.jpg",1115,512,true],"covernews-slider-center":["https:\/\/nsf.pt\/wp-content\/uploads\/2025\/06\/otncala-800x500.jpg",800,500,true],"covernews-featured":["https:\/\/nsf.pt\/wp-content\/uploads\/2025\/06\/otncala-1024x447.jpg",1024,447,true],"covernews-medium":["https:\/\/nsf.pt\/wp-content\/uploads\/2025\/06\/otncala-540x340.jpg",540,340,true],"covernews-medium-square":["https:\/\/nsf.pt\/wp-content\/uploads\/2025\/06\/otncala-400x250.jpg",400,250,true]},"author_info":{"info":["Carlos Ribeiro"]},"category_info":"<a href=\"http:\/\/nsf.pt\/index.php\/category\/agenda-2\/\" rel=\"category tag\">AGENDA<\/a> <a href=\"http:\/\/nsf.pt\/index.php\/category\/agir\/\" rel=\"category tag\">AGIR<\/a> <a href=\"http:\/\/nsf.pt\/index.php\/category\/destaque\/\" rel=\"category tag\">DESTAQUE<\/a>","tag_info":"DESTAQUE","comment_count":"0","_links":{"self":[{"href":"http:\/\/nsf.pt\/index.php\/wp-json\/wp\/v2\/posts\/14046"}],"collection":[{"href":"http:\/\/nsf.pt\/index.php\/wp-json\/wp\/v2\/posts"}],"about":[{"href":"http:\/\/nsf.pt\/index.php\/wp-json\/wp\/v2\/types\/post"}],"author":[{"embeddable":true,"href":"http:\/\/nsf.pt\/index.php\/wp-json\/wp\/v2\/users\/2"}],"replies":[{"embeddable":true,"href":"http:\/\/nsf.pt\/index.php\/wp-json\/wp\/v2\/comments?post=14046"}],"version-history":[{"count":1,"href":"http:\/\/nsf.pt\/index.php\/wp-json\/wp\/v2\/posts\/14046\/revisions"}],"predecessor-version":[{"id":14049,"href":"http:\/\/nsf.pt\/index.php\/wp-json\/wp\/v2\/posts\/14046\/revisions\/14049"}],"wp:featuredmedia":[{"embeddable":true,"href":"http:\/\/nsf.pt\/index.php\/wp-json\/wp\/v2\/media\/14054"}],"wp:attachment":[{"href":"http:\/\/nsf.pt\/index.php\/wp-json\/wp\/v2\/media?parent=14046"}],"wp:term":[{"taxonomy":"category","embeddable":true,"href":"http:\/\/nsf.pt\/index.php\/wp-json\/wp\/v2\/categories?post=14046"},{"taxonomy":"post_tag","embeddable":true,"href":"http:\/\/nsf.pt\/index.php\/wp-json\/wp\/v2\/tags?post=14046"}],"curies":[{"name":"wp","href":"https:\/\/api.w.org\/{rel}","templated":true}]}}