{"id":14804,"date":"2025-08-27T15:34:34","date_gmt":"2025-08-27T15:34:34","guid":{"rendered":"https:\/\/nsf.pt\/?p=14804"},"modified":"2025-08-27T15:36:17","modified_gmt":"2025-08-27T15:36:17","slug":"apoiar-os-malfeitores","status":"publish","type":"post","link":"http:\/\/nsf.pt\/index.php\/2025\/08\/27\/apoiar-os-malfeitores\/","title":{"rendered":"Apoiar os malfeitores"},"content":{"rendered":"\n<h2 class=\"wp-block-heading\">A continua\u00e7\u00e3o da guerra liquidar\u00e1 sem apelo nem agravo o Estado Social<\/h2>\n\n\n<div class=\"wp-block-post-date\"><time datetime=\"2025-08-27T15:34:34+00:00\">27 de Agosto, 2025<\/time><\/div>\n\n\n<p>OPINI\u00c3O por Francisco Fortunato<\/p>\n\n\n\n<p>\u00c9 absolutamente inacredit\u00e1vel o n\u00famero de pessoas de esquerda que abomina esta governa\u00e7\u00e3o do PPD e do Chega, que manifesta a sua imensa preocupa\u00e7\u00e3o pelos ataques ao Estado Social, e ao futuro negro que tal pol\u00edtica nos reserva, mas depois aparecem solid\u00e1rios, ao lado de pol\u00edticos impostores, vendidos aos interesses dos fabricantes de armas, em especial os norte-americanos. Ele \u00e9 o chanceler alem\u00e3o, Metz, a presidente da UE, Ursula, o presidente franc\u00eas, Macron, o Primeiro-ministro ingl\u00eas, Starmer, a Primeira-ministra italiana, a neofascista Meloni, o Secret\u00e1rio-geral da NATO, Rutte, a louca da Est\u00f3nia, a Kallas e outros de uma a lista intermin\u00e1vel de malfeitores, apoiantes da guerra na Ucr\u00e2nia. Tal \u00e9 uma verdadeira desgra\u00e7a para a manuten\u00e7\u00e3o do Estado Social.<\/p>\n\n\n\n<p>Ser\u00e1 que, essas pessoas e organiza\u00e7\u00f5es, n\u00e3o s\u00e3o capazes de discernir que a continua\u00e7\u00e3o da guerra &#8211; que a Europa, desses pol\u00edticos impostores, inequivocamente apoia -, liquidar\u00e1 sem apelo nem agravo o Estado Social? Que o dinheiro para o rearmamento europeu, para uma guerra que n\u00e3o existe, vir\u00e1 exclusivamente dos ataques que os governos preparam aos direitos das pessoas? N\u00e3o sou eu que o digo \u00e9 o pr\u00f3prio chanceler alem\u00e3o que o confirma.<\/p>\n\n\n\n<blockquote class=\"wp-block-quote\">\n<p>Se os que nada t\u00eam e votam na Direita e extrema-direita s\u00e3o ac\u00e9falos, o que chamar aos que cegamente continuam a defender a narrativa da NATO e a considerar her\u00f3i um fulano que \u00e9 uma marionete manipulada por interesses que s\u00e3o estranhos ao seu pa\u00eds e que ele diz defender?<\/p>\n<\/blockquote>\n\n\n\n<p>Uma guerra que, a continuar, se saldar\u00e1 por mais destrui\u00e7\u00e3o da Ucr\u00e2nia e mais mortes e mais dinheiro dos europeus, vindo do Estado Social, enterrado no caos.<\/p>\n\n\n\n<p>Estranho mundo este, onde pessoas, que at\u00e9 prezamos, dizem combater a Direita e a extrema-direita mas s\u00e3o incapazes de resistir aos cantos, n\u00e3o das sereias, mas de malfeitores, sem sequer se darem conta disso.<\/p>\n\n\n\n<p><em>Francisco Fortunato, in Facebook, 26\/08\/2025<\/em><\/p>\n\n\n\n<p>EDITADO NSF [T\u00cdTULO E SUBT\u00cdLO] e ilustra\u00e7\u00e3o destaque. Foto &#8211; A grande Depress\u00e3o e a aus\u00eancia de Estado Social face \u00e0 crise do desemprego.<\/p>\n","protected":false},"excerpt":{"rendered":"<p>A continua\u00e7\u00e3o da guerra liquidar\u00e1 sem apelo nem agravo o Estado Social OPINI\u00c3O por Francisco&#8230;<\/p>\n","protected":false},"author":2,"featured_media":14805,"comment_status":"open","ping_status":"open","sticky":true,"template":"","format":"standard","meta":{"sfsi_plus_gutenberg_text_before_share":"","sfsi_plus_gutenberg_show_text_before_share":"","sfsi_plus_gutenberg_icon_type":"","sfsi_plus_gutenberg_icon_alignemt":"","sfsi_plus_gutenburg_max_per_row":"","ngg_post_thumbnail":0,"footnotes":""},"categories":[238,99],"tags":[684],"featured_image_urls":{"full":["https:\/\/nsf.pt\/wp-content\/uploads\/2025\/08\/ESTADO-S-PIC.jpg",1622,838,false],"thumbnail":["https:\/\/nsf.pt\/wp-content\/uploads\/2025\/08\/ESTADO-S-PIC-150x150.jpg",150,150,true],"medium":["https:\/\/nsf.pt\/wp-content\/uploads\/2025\/08\/ESTADO-S-PIC-300x155.jpg",300,155,true],"medium_large":["https:\/\/nsf.pt\/wp-content\/uploads\/2025\/08\/ESTADO-S-PIC-768x397.jpg",640,331,true],"large":["https:\/\/nsf.pt\/wp-content\/uploads\/2025\/08\/ESTADO-S-PIC-1024x529.jpg",640,331,true],"1536x1536":["https:\/\/nsf.pt\/wp-content\/uploads\/2025\/08\/ESTADO-S-PIC-1536x794.jpg",1536,794,true],"2048x2048":["https:\/\/nsf.pt\/wp-content\/uploads\/2025\/08\/ESTADO-S-PIC.jpg",1622,838,false],"covernews-slider-full":["https:\/\/nsf.pt\/wp-content\/uploads\/2025\/08\/ESTADO-S-PIC-1115x715.jpg",1115,715,true],"covernews-slider-center":["https:\/\/nsf.pt\/wp-content\/uploads\/2025\/08\/ESTADO-S-PIC-800x500.jpg",800,500,true],"covernews-featured":["https:\/\/nsf.pt\/wp-content\/uploads\/2025\/08\/ESTADO-S-PIC-1024x529.jpg",1024,529,true],"covernews-medium":["https:\/\/nsf.pt\/wp-content\/uploads\/2025\/08\/ESTADO-S-PIC-540x340.jpg",540,340,true],"covernews-medium-square":["https:\/\/nsf.pt\/wp-content\/uploads\/2025\/08\/ESTADO-S-PIC-400x250.jpg",400,250,true]},"author_info":{"info":["Carlos Ribeiro"]},"category_info":"<a href=\"http:\/\/nsf.pt\/index.php\/category\/destaque\/\" rel=\"category tag\">DESTAQUE<\/a> <a href=\"http:\/\/nsf.pt\/index.php\/category\/opiniao\/\" rel=\"category tag\">OPINI\u00c3O<\/a>","tag_info":"OPINI\u00c3O","comment_count":"0","_links":{"self":[{"href":"http:\/\/nsf.pt\/index.php\/wp-json\/wp\/v2\/posts\/14804"}],"collection":[{"href":"http:\/\/nsf.pt\/index.php\/wp-json\/wp\/v2\/posts"}],"about":[{"href":"http:\/\/nsf.pt\/index.php\/wp-json\/wp\/v2\/types\/post"}],"author":[{"embeddable":true,"href":"http:\/\/nsf.pt\/index.php\/wp-json\/wp\/v2\/users\/2"}],"replies":[{"embeddable":true,"href":"http:\/\/nsf.pt\/index.php\/wp-json\/wp\/v2\/comments?post=14804"}],"version-history":[{"count":2,"href":"http:\/\/nsf.pt\/index.php\/wp-json\/wp\/v2\/posts\/14804\/revisions"}],"predecessor-version":[{"id":14807,"href":"http:\/\/nsf.pt\/index.php\/wp-json\/wp\/v2\/posts\/14804\/revisions\/14807"}],"wp:featuredmedia":[{"embeddable":true,"href":"http:\/\/nsf.pt\/index.php\/wp-json\/wp\/v2\/media\/14805"}],"wp:attachment":[{"href":"http:\/\/nsf.pt\/index.php\/wp-json\/wp\/v2\/media?parent=14804"}],"wp:term":[{"taxonomy":"category","embeddable":true,"href":"http:\/\/nsf.pt\/index.php\/wp-json\/wp\/v2\/categories?post=14804"},{"taxonomy":"post_tag","embeddable":true,"href":"http:\/\/nsf.pt\/index.php\/wp-json\/wp\/v2\/tags?post=14804"}],"curies":[{"name":"wp","href":"https:\/\/api.w.org\/{rel}","templated":true}]}}