{"id":15948,"date":"2026-01-09T20:48:51","date_gmt":"2026-01-09T20:48:51","guid":{"rendered":"https:\/\/nsf.pt\/?p=15948"},"modified":"2026-01-09T20:50:26","modified_gmt":"2026-01-09T20:50:26","slug":"reportagem-da-arte","status":"publish","type":"post","link":"http:\/\/nsf.pt\/index.php\/2026\/01\/09\/reportagem-da-arte\/","title":{"rendered":"Reportagem da ARTE"},"content":{"rendered":"\n<h2 class=\"wp-block-heading\">A Venezuela depois de Maduro<\/h2>\n\n\n\n<p>Ap\u00f3s o ataque \u00e0 Venezuela, o rapto do presidente Nicol\u00e1s Maduro pelas for\u00e7as armadas dos EUA e a sua acusa\u00e7\u00e3o por &#8220;narcoterrorismo&#8221;, a nossa equipa, que acompanhava os seus apoiantes h\u00e1 v\u00e1rias semanas, filmou as suas rea\u00e7\u00f5es e os primeiros dias da vida p\u00f3s-Maduro em Caracas, a capital do pa\u00eds.<\/p>\n\n\n\n<div style=\"height:15px\" aria-hidden=\"true\" class=\"wp-block-spacer\"><\/div>\n\n\n\n<figure class=\"wp-block-gallery has-nested-images columns-default is-cropped wp-block-gallery-1 is-layout-flex wp-block-gallery-is-layout-flex\">\n<figure class=\"wp-block-image size-large\"><img decoding=\"async\" loading=\"lazy\" width=\"1024\" height=\"530\" data-id=\"15949\" src=\"https:\/\/nsf.pt\/wp-content\/uploads\/2026\/01\/VENE45-1024x530.jpg\" alt=\"\" class=\"wp-image-15949\" srcset=\"https:\/\/nsf.pt\/wp-content\/uploads\/2026\/01\/VENE45-1024x530.jpg 1024w, https:\/\/nsf.pt\/wp-content\/uploads\/2026\/01\/VENE45-300x155.jpg 300w, https:\/\/nsf.pt\/wp-content\/uploads\/2026\/01\/VENE45-768x398.jpg 768w, https:\/\/nsf.pt\/wp-content\/uploads\/2026\/01\/VENE45.jpg 1195w\" sizes=\"(max-width: 1024px) 100vw, 1024px\" \/><\/figure>\n<\/figure>\n\n\n\n<div style=\"height:15px\" aria-hidden=\"true\" class=\"wp-block-spacer\"><\/div>\n\n\n\n<p>Ap\u00f3s o ataque \u00e0 Venezuela, o rapto do presidente Nicol\u00e1s Maduro pelas for\u00e7as armadas dos EUA e a sua acusa\u00e7\u00e3o por &#8220;narcoterrorismo&#8221;, a nossa equipa, que acompanhava os seus apoiantes h\u00e1 v\u00e1rias semanas, filmou as suas rea\u00e7\u00f5es e os primeiros dias da vida p\u00f3s-Maduro em Caracas, a capital do pa\u00eds..<\/p>\n\n\n\n<p>A Venezuela est\u00e1 tamb\u00e9m cercada internamente por uma crise econ\u00f3mica, social e democr\u00e1tica que levou quase um quarto da popula\u00e7\u00e3o do pa\u00eds ao ex\u00edlio. O regime autorit\u00e1rio estava por um fio, gra\u00e7as, em particular, \u00e0s suas mil\u00edcias bolivarianas, \u00e0s r\u00e1dios comunit\u00e1rias e aos bairros oper\u00e1rios, todos sob o controlo do partido. Estes basti\u00f5es, apresentados pelo governo como o \u00faltimo baluarte contra uma invas\u00e3o norte-americana, eram tamb\u00e9m a engrenagem de um sistema de vigil\u00e2ncia, propaganda e mobiliza\u00e7\u00e3o armada composto por civis. A nossa equipa deu voz \u00e0queles que continuam a defender a Revolu\u00e7\u00e3o Bolivariana, ora por lealdade ao legado de Ch\u00e1vez, ora por medo, muitas vezes por falta de uma alternativa. Implicitamente, revela-se um regime entrincheirado, uma ideologia em ru\u00ednas e um pa\u00eds preso entre a press\u00e3o americana e a implos\u00e3o. Uma reportagem exclusiva sobre uma Venezuela \u00e0 beira do colapso.<\/p>\n\n\n\n<p>V\u00cdDEO &#8211; ARTE <\/p>\n\n\n\n<figure class=\"wp-block-embed is-type-video is-provider-youtube wp-block-embed-youtube wp-embed-aspect-16-9 wp-has-aspect-ratio\"><div class=\"wp-block-embed__wrapper\">\n<iframe loading=\"lazy\" title=\"Venezuela : les bastions de Maduro face \u00e0 Trump | ARTE Reportage\" width=\"640\" height=\"360\" src=\"https:\/\/www.youtube.com\/embed\/_uCD48DacR0?feature=oembed\" frameborder=\"0\" allow=\"accelerometer; autoplay; clipboard-write; encrypted-media; gyroscope; picture-in-picture; web-share\" referrerpolicy=\"strict-origin-when-cross-origin\" allowfullscreen><\/iframe>\n<\/div><\/figure>\n\n\n\n<p><\/p>\n\n\n\n<p><\/p>\n","protected":false},"excerpt":{"rendered":"<p>A Venezuela depois de Maduro Ap\u00f3s o ataque \u00e0 Venezuela, o rapto do presidente Nicol\u00e1s&#8230;<\/p>\n","protected":false},"author":2,"featured_media":15949,"comment_status":"open","ping_status":"open","sticky":true,"template":"","format":"standard","meta":{"sfsi_plus_gutenberg_text_before_share":"","sfsi_plus_gutenberg_show_text_before_share":"","sfsi_plus_gutenberg_icon_type":"","sfsi_plus_gutenberg_icon_alignemt":"","sfsi_plus_gutenburg_max_per_row":"","ngg_post_thumbnail":0,"footnotes":""},"categories":[459,236,276],"tags":[744],"featured_image_urls":{"full":["https:\/\/nsf.pt\/wp-content\/uploads\/2026\/01\/VENE45.jpg",1195,619,false],"thumbnail":["https:\/\/nsf.pt\/wp-content\/uploads\/2026\/01\/VENE45-150x150.jpg",150,150,true],"medium":["https:\/\/nsf.pt\/wp-content\/uploads\/2026\/01\/VENE45-300x155.jpg",300,155,true],"medium_large":["https:\/\/nsf.pt\/wp-content\/uploads\/2026\/01\/VENE45-768x398.jpg",640,332,true],"large":["https:\/\/nsf.pt\/wp-content\/uploads\/2026\/01\/VENE45-1024x530.jpg",640,331,true],"1536x1536":["https:\/\/nsf.pt\/wp-content\/uploads\/2026\/01\/VENE45.jpg",1195,619,false],"2048x2048":["https:\/\/nsf.pt\/wp-content\/uploads\/2026\/01\/VENE45.jpg",1195,619,false],"covernews-slider-full":["https:\/\/nsf.pt\/wp-content\/uploads\/2026\/01\/VENE45-1115x619.jpg",1115,619,true],"covernews-slider-center":["https:\/\/nsf.pt\/wp-content\/uploads\/2026\/01\/VENE45-800x500.jpg",800,500,true],"covernews-featured":["https:\/\/nsf.pt\/wp-content\/uploads\/2026\/01\/VENE45-1024x530.jpg",1024,530,true],"covernews-medium":["https:\/\/nsf.pt\/wp-content\/uploads\/2026\/01\/VENE45-540x340.jpg",540,340,true],"covernews-medium-square":["https:\/\/nsf.pt\/wp-content\/uploads\/2026\/01\/VENE45-400x250.jpg",400,250,true]},"author_info":{"info":["Carlos Ribeiro"]},"category_info":"<a href=\"http:\/\/nsf.pt\/index.php\/category\/curtas\/\" rel=\"category tag\">CURTAS<\/a> <a href=\"http:\/\/nsf.pt\/index.php\/category\/mundo\/\" rel=\"category tag\">MUNDO<\/a> <a href=\"http:\/\/nsf.pt\/index.php\/category\/videos\/\" rel=\"category tag\">V\u00cdDEOS<\/a>","tag_info":"V\u00cdDEOS","comment_count":"0","_links":{"self":[{"href":"http:\/\/nsf.pt\/index.php\/wp-json\/wp\/v2\/posts\/15948"}],"collection":[{"href":"http:\/\/nsf.pt\/index.php\/wp-json\/wp\/v2\/posts"}],"about":[{"href":"http:\/\/nsf.pt\/index.php\/wp-json\/wp\/v2\/types\/post"}],"author":[{"embeddable":true,"href":"http:\/\/nsf.pt\/index.php\/wp-json\/wp\/v2\/users\/2"}],"replies":[{"embeddable":true,"href":"http:\/\/nsf.pt\/index.php\/wp-json\/wp\/v2\/comments?post=15948"}],"version-history":[{"count":1,"href":"http:\/\/nsf.pt\/index.php\/wp-json\/wp\/v2\/posts\/15948\/revisions"}],"predecessor-version":[{"id":15950,"href":"http:\/\/nsf.pt\/index.php\/wp-json\/wp\/v2\/posts\/15948\/revisions\/15950"}],"wp:featuredmedia":[{"embeddable":true,"href":"http:\/\/nsf.pt\/index.php\/wp-json\/wp\/v2\/media\/15949"}],"wp:attachment":[{"href":"http:\/\/nsf.pt\/index.php\/wp-json\/wp\/v2\/media?parent=15948"}],"wp:term":[{"taxonomy":"category","embeddable":true,"href":"http:\/\/nsf.pt\/index.php\/wp-json\/wp\/v2\/categories?post=15948"},{"taxonomy":"post_tag","embeddable":true,"href":"http:\/\/nsf.pt\/index.php\/wp-json\/wp\/v2\/tags?post=15948"}],"curies":[{"name":"wp","href":"https:\/\/api.w.org\/{rel}","templated":true}]}}