{"id":2292,"date":"2020-11-12T16:51:50","date_gmt":"2020-11-12T16:51:50","guid":{"rendered":"http:\/\/aep61-74.org\/?p=2292"},"modified":"2020-12-29T00:02:37","modified_gmt":"2020-12-29T00:02:37","slug":"publicacoes-um-museu-no-tribunal-de-justica","status":"publish","type":"post","link":"http:\/\/nsf.pt\/index.php\/2020\/11\/12\/publicacoes-um-museu-no-tribunal-de-justica\/","title":{"rendered":"PUBLICA\u00c7\u00d5ES | Um Museu no Tribunal de Justi\u00e7a"},"content":{"rendered":"\n<p>SEM FRONTEIRAS | 12 de novembro 2020 | Publica\u00e7\u00f5es | Apresenta\u00e7\u00e3o do Livro <strong>R\u00e9sistance-D\u00e9portation-Droits de l\u2019homme. UM MUS\u0116E POUR LES ISEROIS-ES DU 21 SIECLE<\/strong><\/p>\n\n\n\n<p>Grenoble. O Departamento do Is\u00e9re vai promover j\u00e1 nos dias 14 e 15 de novembro a Noite dos Museus com o lema Os Museus em Festa. Infelizmente a tradi\u00e7\u00e3o de uma noite passado nos museus, com tudo o que isso possa implicar, n\u00e3o vai acontecer este ano devido \u00e0 crise sanit\u00e1ria. O convite circunscreve-se em 2020 a uma participa\u00e7\u00e3o a dist\u00e2ncia, o que n\u00e3o deixa de ser interessante e at\u00e9 estimulante.<\/p>\n\n\n\n<div class=\"wp-block-image\"><figure class=\"aligncenter size-medium\"><img decoding=\"async\" loading=\"lazy\" width=\"202\" height=\"300\" src=\"http:\/\/aep61-74.org\/wp-content\/uploads\/2020\/11\/musee-en-fete-202x300.png\" alt=\"\" class=\"wp-image-2293\" srcset=\"https:\/\/nsf.pt\/wp-content\/uploads\/2020\/11\/musee-en-fete-202x300.png 202w, https:\/\/nsf.pt\/wp-content\/uploads\/2020\/11\/musee-en-fete.png 511w\" sizes=\"(max-width: 202px) 100vw, 202px\" \/><\/figure><\/div>\n\n\n\n<p>Esta ocasi\u00e3o leva-nos a um outro Museu, o da Resist\u00eancia, da Deporta\u00e7\u00e3o e dos Direitos humanos que foi tema para a publica\u00e7\u00e3o de um livro cuja apresenta\u00e7\u00e3o \u00e9-nos relatada por Manuel Branco nos seguintes termos:<\/p>\n\n\n\n<p>por Manuel Branco<\/p>\n\n\n\n<p>Depois de um primeiro adiamento devido ao COVID 19, \u00a0<strong>Pascal Estad\u00e8s<\/strong>, Presidente da Associa\u00e7\u00e3o dos Amigos do Museu da Resist\u00eancia e da Deporta\u00e7\u00e3o e dos Direitos Humanos, apresentou o livro <strong>\u201cR\u00e9sistance-D\u00e9portation-Droits de l\u2019homme. UM MUS\u0116E POUR LES ISEROIS-ES DU 21 SIECLE\u201d<\/strong>, no P\u00e1tio do Museu, ao ar livre. Foi em outubro passado e  apesar do mau tempo, muitos amigos do museu responderam com a sua presen\u00e7a.<\/p>\n\n\n\n<p><\/p>\n\n\n\n<figure class=\"wp-block-gallery alignwide columns-2 is-cropped wp-block-gallery-1 is-layout-flex wp-block-gallery-is-layout-flex\"><ul class=\"blocks-gallery-grid\"><li class=\"blocks-gallery-item\"><figure><img decoding=\"async\" loading=\"lazy\" width=\"800\" height=\"600\" src=\"http:\/\/aep61-74.org\/wp-content\/uploads\/2020\/11\/Pascal-Estade\u0300s-qaundo-da-apresentac\u0327a\u0303o.jpg\" alt=\"\" data-id=\"2295\" data-link=\"http:\/\/aep61-74.org\/?attachment_id=2295\" class=\"wp-image-2295\" srcset=\"https:\/\/nsf.pt\/wp-content\/uploads\/2020\/11\/Pascal-Estade\u0300s-qaundo-da-apresentac\u0327a\u0303o.jpg 800w, https:\/\/nsf.pt\/wp-content\/uploads\/2020\/11\/Pascal-Estade\u0300s-qaundo-da-apresentac\u0327a\u0303o-300x225.jpg 300w, https:\/\/nsf.pt\/wp-content\/uploads\/2020\/11\/Pascal-Estade\u0300s-qaundo-da-apresentac\u0327a\u0303o-768x576.jpg 768w, https:\/\/nsf.pt\/wp-content\/uploads\/2020\/11\/Pascal-Estade\u0300s-qaundo-da-apresentac\u0327a\u0303o-678x509.jpg 678w, https:\/\/nsf.pt\/wp-content\/uploads\/2020\/11\/Pascal-Estade\u0300s-qaundo-da-apresentac\u0327a\u0303o-326x245.jpg 326w, https:\/\/nsf.pt\/wp-content\/uploads\/2020\/11\/Pascal-Estade\u0300s-qaundo-da-apresentac\u0327a\u0303o-80x60.jpg 80w\" sizes=\"(max-width: 800px) 100vw, 800px\" \/><\/figure><\/li><li class=\"blocks-gallery-item\"><figure><img decoding=\"async\" loading=\"lazy\" width=\"599\" height=\"800\" src=\"http:\/\/aep61-74.org\/wp-content\/uploads\/2020\/11\/IMG_2980.jpg\" alt=\"\" data-id=\"2296\" data-full-url=\"http:\/\/aep61-74.org\/wp-content\/uploads\/2020\/11\/IMG_2980.jpg\" data-link=\"http:\/\/aep61-74.org\/?attachment_id=2296\" class=\"wp-image-2296\" srcset=\"https:\/\/nsf.pt\/wp-content\/uploads\/2020\/11\/IMG_2980.jpg 599w, https:\/\/nsf.pt\/wp-content\/uploads\/2020\/11\/IMG_2980-225x300.jpg 225w\" sizes=\"(max-width: 599px) 100vw, 599px\" \/><\/figure><\/li><\/ul><\/figure>\n\n\n\n<h2 class=\"wp-block-heading\"><\/h2>\n\n\n\n<h4 class=\"wp-block-heading\">Museu para as gera\u00e7\u00f5es futuras<\/h4>\n\n\n\n<p>Na apresenta\u00e7\u00e3o, Pascal Estad\u00e8s tra\u00e7ou a hist\u00f3ria do Museu e deu \u00eanfase \u00e0 sua import\u00e2ncia para as gera\u00e7\u00f5es futuras, tendo agradecido aos universit\u00e1rios, jornalistas, artistas, historiadores e \u00e0s associa\u00e7\u00f5es que apoiaram esta iniciativa entre as quais a AEP 61-74.<\/p>\n\n\n\n<p>Esta publica\u00e7\u00e3o sai numa altura de grande import\u00e2ncia para a hist\u00f3ria do museu, uma aventura que come\u00e7ou em 1966 e que hoje, com 36.000 visitas por ano, come\u00e7a a ser demasiado estreito para as futuras aventuras. Foi lan\u00e7ado o projecto pelo Conselho Departamental do Is\u00e8re de mudar o actual museu com cerca de 400m2 para o local prestigiado, um monumento hist\u00f3rico do s\u00e9culo XV,  o antigo\u00a0Tribunal de Justi\u00e7a situado no centro de Grenoble, desocupado desde 2002 ap\u00f3s a constru\u00e7\u00e3o do novo Tribunal.<\/p>\n\n\n\n<figure class=\"wp-block-image size-large\"><img decoding=\"async\" loading=\"lazy\" width=\"800\" height=\"576\" src=\"http:\/\/aep61-74.org\/wp-content\/uploads\/2020\/11\/Foto-do-antigo-Tribunal-de-Justic\u0327a-1.jpg\" alt=\"\" class=\"wp-image-2299\" srcset=\"https:\/\/nsf.pt\/wp-content\/uploads\/2020\/11\/Foto-do-antigo-Tribunal-de-Justic\u0327a-1.jpg 800w, https:\/\/nsf.pt\/wp-content\/uploads\/2020\/11\/Foto-do-antigo-Tribunal-de-Justic\u0327a-1-300x216.jpg 300w, https:\/\/nsf.pt\/wp-content\/uploads\/2020\/11\/Foto-do-antigo-Tribunal-de-Justic\u0327a-1-768x553.jpg 768w\" sizes=\"(max-width: 800px) 100vw, 800px\" \/><\/figure>\n\n\n\n<h2 class=\"wp-block-heading\"><\/h2>\n\n\n\n<h4 class=\"wp-block-heading\">Manter a voca\u00e7\u00e3o original<\/h4>\n\n\n\n<p>A mensagem foi clara e cheia de entusiasmo,\u00a0 apoiar o projecto sobretudo que o museu passar\u00e1 a ter 1.400m2. Esta nova potencial localiza\u00e7\u00e3o n\u00e3o deve levar a que se abandone uma atitude de vigil\u00e2ncia, importa dar tempo \u00e0 reflex\u00e3o e n\u00e3o esquecer a sua voca\u00e7\u00e3o e funcionamento actual. Existe pois a exig\u00eancia de qualidade e sobretudo de manter um museu aberto e atento \u00e0 situa\u00e7\u00e3o do nosso s\u00e9culo.<\/p>\n\n\n\n<p>Conv\u00e9m salientar que o Museu \u00e9 deposit\u00e1rio de arquivos relacionados com a resist\u00eancia dos portugueses em Grenoble nos anos 61\/74 ao fascismo e \u00e0  guerra colonial em \u00c1frica. A esse titulo fui convidado para fazer um pequeno texto em nome da AEP61-74 para apoiar a iniciativa. O que fiz.<\/p>\n\n\n\n<figure class=\"wp-block-gallery alignwide columns-2 is-cropped wp-block-gallery-3 is-layout-flex wp-block-gallery-is-layout-flex\"><ul class=\"blocks-gallery-grid\"><li class=\"blocks-gallery-item\"><figure><img decoding=\"async\" loading=\"lazy\" width=\"576\" height=\"800\" src=\"http:\/\/aep61-74.org\/wp-content\/uploads\/2020\/11\/IMG_2981-1.jpg\" alt=\"\" data-id=\"2300\" data-full-url=\"http:\/\/aep61-74.org\/wp-content\/uploads\/2020\/11\/IMG_2981-1.jpg\" data-link=\"http:\/\/aep61-74.org\/?attachment_id=2300\" class=\"wp-image-2300\" srcset=\"https:\/\/nsf.pt\/wp-content\/uploads\/2020\/11\/IMG_2981-1.jpg 576w, https:\/\/nsf.pt\/wp-content\/uploads\/2020\/11\/IMG_2981-1-216x300.jpg 216w\" sizes=\"(max-width: 576px) 100vw, 576px\" \/><\/figure><\/li><li class=\"blocks-gallery-item\"><figure><img decoding=\"async\" loading=\"lazy\" width=\"555\" height=\"800\" src=\"http:\/\/aep61-74.org\/wp-content\/uploads\/2020\/11\/IMG_2982.jpg\" alt=\"\" data-id=\"2301\" data-full-url=\"http:\/\/aep61-74.org\/wp-content\/uploads\/2020\/11\/IMG_2982.jpg\" data-link=\"http:\/\/aep61-74.org\/?attachment_id=2301\" class=\"wp-image-2301\" srcset=\"https:\/\/nsf.pt\/wp-content\/uploads\/2020\/11\/IMG_2982.jpg 555w, https:\/\/nsf.pt\/wp-content\/uploads\/2020\/11\/IMG_2982-208x300.jpg 208w\" sizes=\"(max-width: 555px) 100vw, 555px\" \/><\/figure><\/li><\/ul><\/figure>\n\n\n\n<figure class=\"wp-block-gallery alignwide columns-2 is-cropped wp-block-gallery-5 is-layout-flex wp-block-gallery-is-layout-flex\"><ul class=\"blocks-gallery-grid\"><li class=\"blocks-gallery-item\"><figure><img decoding=\"async\" loading=\"lazy\" width=\"589\" height=\"800\" src=\"http:\/\/aep61-74.org\/wp-content\/uploads\/2020\/11\/IMG_2983.jpg\" alt=\"\" data-id=\"2302\" data-full-url=\"http:\/\/aep61-74.org\/wp-content\/uploads\/2020\/11\/IMG_2983.jpg\" data-link=\"http:\/\/aep61-74.org\/?attachment_id=2302\" class=\"wp-image-2302\" srcset=\"https:\/\/nsf.pt\/wp-content\/uploads\/2020\/11\/IMG_2983.jpg 589w, https:\/\/nsf.pt\/wp-content\/uploads\/2020\/11\/IMG_2983-221x300.jpg 221w\" sizes=\"(max-width: 589px) 100vw, 589px\" \/><\/figure><\/li><li class=\"blocks-gallery-item\"><figure><img decoding=\"async\" loading=\"lazy\" width=\"548\" height=\"800\" src=\"http:\/\/aep61-74.org\/wp-content\/uploads\/2020\/11\/IMG_2984.jpg\" alt=\"\" data-id=\"2303\" data-full-url=\"http:\/\/aep61-74.org\/wp-content\/uploads\/2020\/11\/IMG_2984.jpg\" data-link=\"http:\/\/aep61-74.org\/?attachment_id=2303\" class=\"wp-image-2303\" srcset=\"https:\/\/nsf.pt\/wp-content\/uploads\/2020\/11\/IMG_2984.jpg 548w, https:\/\/nsf.pt\/wp-content\/uploads\/2020\/11\/IMG_2984-206x300.jpg 206w\" sizes=\"(max-width: 548px) 100vw, 548px\" \/><\/figure><\/li><\/ul><\/figure>\n\n\n\n<figure class=\"wp-block-gallery alignwide columns-2 is-cropped wp-block-gallery-7 is-layout-flex wp-block-gallery-is-layout-flex\"><ul class=\"blocks-gallery-grid\"><li class=\"blocks-gallery-item\"><figure><img decoding=\"async\" loading=\"lazy\" width=\"559\" height=\"800\" src=\"http:\/\/aep61-74.org\/wp-content\/uploads\/2020\/11\/IMG_2985.jpg\" alt=\"\" data-id=\"2304\" data-full-url=\"http:\/\/aep61-74.org\/wp-content\/uploads\/2020\/11\/IMG_2985.jpg\" data-link=\"http:\/\/aep61-74.org\/?attachment_id=2304\" class=\"wp-image-2304\" srcset=\"https:\/\/nsf.pt\/wp-content\/uploads\/2020\/11\/IMG_2985.jpg 559w, https:\/\/nsf.pt\/wp-content\/uploads\/2020\/11\/IMG_2985-210x300.jpg 210w\" sizes=\"(max-width: 559px) 100vw, 559px\" \/><\/figure><\/li><li class=\"blocks-gallery-item\"><figure><img decoding=\"async\" loading=\"lazy\" width=\"504\" height=\"800\" src=\"http:\/\/aep61-74.org\/wp-content\/uploads\/2020\/11\/IMG_2988.jpg\" alt=\"\" data-id=\"2305\" data-full-url=\"http:\/\/aep61-74.org\/wp-content\/uploads\/2020\/11\/IMG_2988.jpg\" data-link=\"http:\/\/aep61-74.org\/?attachment_id=2305\" class=\"wp-image-2305\" srcset=\"https:\/\/nsf.pt\/wp-content\/uploads\/2020\/11\/IMG_2988.jpg 504w, https:\/\/nsf.pt\/wp-content\/uploads\/2020\/11\/IMG_2988-189x300.jpg 189w\" sizes=\"(max-width: 504px) 100vw, 504px\" \/><\/figure><\/li><\/ul><\/figure>\n\n\n\n<h4 class=\"wp-block-heading\">Novas iniciativas em estudo<\/h4>\n\n\n\n<p>Estamos atentos para continuar a\u00a0 colaborar com o museu, a AEP61\/74, o projecto #ECOS e as celebra\u00e7\u00f5es dos 50 anos da ODTI em Setembro 2021. E tamb\u00e9m j\u00e1 fal\u00e1mos duma exposi\u00e7\u00e3o, de uma Confer\u00eancia&#8230;<em>\u00e0 suivre<\/em><\/p>\n\n\n\n<p>O trabalho de concerta\u00e7\u00e3o envolvendo as diversas compet\u00eancias, t\u00e9cnicas, sociol\u00f3gicas e hist\u00f3ricas\u00a0vai certamente permitir que o museu seja o que todos ambicionamos para 2024.<\/p>\n\n\n\n<p>Grenoble 7-11-2020<\/p>\n\n\n\n<p>Manuel Branco<\/p>\n\n\n\n<p><\/p>\n","protected":false},"excerpt":{"rendered":"<p>SEM FRONTEIRAS | 12 de novembro 2020 | Publica\u00e7\u00f5es | Apresenta\u00e7\u00e3o do Livro R\u00e9sistance-D\u00e9portation-Droits de&#8230;<\/p>\n","protected":false},"author":2,"featured_media":2294,"comment_status":"closed","ping_status":"closed","sticky":false,"template":"","format":"standard","meta":{"sfsi_plus_gutenberg_text_before_share":"","sfsi_plus_gutenberg_show_text_before_share":"","sfsi_plus_gutenberg_icon_type":"","sfsi_plus_gutenberg_icon_alignemt":"","sfsi_plus_gutenburg_max_per_row":"","ngg_post_thumbnail":0,"footnotes":""},"categories":[1],"tags":[57,103],"featured_image_urls":{"full":["https:\/\/nsf.pt\/wp-content\/uploads\/2020\/11\/Foto-da-assiste\u0302ncia.jpg",800,600,false],"thumbnail":["https:\/\/nsf.pt\/wp-content\/uploads\/2020\/11\/Foto-da-assiste\u0302ncia-150x150.jpg",150,150,true],"medium":["https:\/\/nsf.pt\/wp-content\/uploads\/2020\/11\/Foto-da-assiste\u0302ncia-300x225.jpg",300,225,true],"medium_large":["https:\/\/nsf.pt\/wp-content\/uploads\/2020\/11\/Foto-da-assiste\u0302ncia-768x576.jpg",640,480,true],"large":["https:\/\/nsf.pt\/wp-content\/uploads\/2020\/11\/Foto-da-assiste\u0302ncia.jpg",640,480,false],"1536x1536":["https:\/\/nsf.pt\/wp-content\/uploads\/2020\/11\/Foto-da-assiste\u0302ncia.jpg",800,600,false],"2048x2048":["https:\/\/nsf.pt\/wp-content\/uploads\/2020\/11\/Foto-da-assiste\u0302ncia.jpg",800,600,false],"covernews-slider-full":["https:\/\/nsf.pt\/wp-content\/uploads\/2020\/11\/Foto-da-assiste\u0302ncia.jpg",800,600,false],"covernews-slider-center":["https:\/\/nsf.pt\/wp-content\/uploads\/2020\/11\/Foto-da-assiste\u0302ncia.jpg",667,500,false],"covernews-featured":["https:\/\/nsf.pt\/wp-content\/uploads\/2020\/11\/Foto-da-assiste\u0302ncia.jpg",800,600,false],"covernews-medium":["https:\/\/nsf.pt\/wp-content\/uploads\/2020\/11\/Foto-da-assiste\u0302ncia.jpg",453,340,false],"covernews-medium-square":["https:\/\/nsf.pt\/wp-content\/uploads\/2020\/11\/Foto-da-assiste\u0302ncia.jpg",333,250,false]},"author_info":{"info":["Carlos Ribeiro"]},"category_info":"<a href=\"http:\/\/nsf.pt\/index.php\/category\/uncategorized\/\" rel=\"category tag\">Uncategorized<\/a>","tag_info":"Uncategorized","comment_count":"0","_links":{"self":[{"href":"http:\/\/nsf.pt\/index.php\/wp-json\/wp\/v2\/posts\/2292"}],"collection":[{"href":"http:\/\/nsf.pt\/index.php\/wp-json\/wp\/v2\/posts"}],"about":[{"href":"http:\/\/nsf.pt\/index.php\/wp-json\/wp\/v2\/types\/post"}],"author":[{"embeddable":true,"href":"http:\/\/nsf.pt\/index.php\/wp-json\/wp\/v2\/users\/2"}],"replies":[{"embeddable":true,"href":"http:\/\/nsf.pt\/index.php\/wp-json\/wp\/v2\/comments?post=2292"}],"version-history":[{"count":1,"href":"http:\/\/nsf.pt\/index.php\/wp-json\/wp\/v2\/posts\/2292\/revisions"}],"predecessor-version":[{"id":2306,"href":"http:\/\/nsf.pt\/index.php\/wp-json\/wp\/v2\/posts\/2292\/revisions\/2306"}],"wp:featuredmedia":[{"embeddable":true,"href":"http:\/\/nsf.pt\/index.php\/wp-json\/wp\/v2\/media\/2294"}],"wp:attachment":[{"href":"http:\/\/nsf.pt\/index.php\/wp-json\/wp\/v2\/media?parent=2292"}],"wp:term":[{"taxonomy":"category","embeddable":true,"href":"http:\/\/nsf.pt\/index.php\/wp-json\/wp\/v2\/categories?post=2292"},{"taxonomy":"post_tag","embeddable":true,"href":"http:\/\/nsf.pt\/index.php\/wp-json\/wp\/v2\/tags?post=2292"}],"curies":[{"name":"wp","href":"https:\/\/api.w.org\/{rel}","templated":true}]}}