{"id":3157,"date":"2021-03-02T16:22:19","date_gmt":"2021-03-02T16:22:19","guid":{"rendered":"http:\/\/aep61-74.org\/?p=3157"},"modified":"2021-10-05T13:08:15","modified_gmt":"2021-10-05T13:08:15","slug":"livros-a-geografia-afetiva-da-helena","status":"publish","type":"post","link":"http:\/\/nsf.pt\/index.php\/2021\/03\/02\/livros-a-geografia-afetiva-da-helena\/","title":{"rendered":"LIVROS | A geografia afetiva da Helena"},"content":{"rendered":"\n<p><span class=\"has-inline-color has-vivid-red-color\"><strong>SEM FRONTEIRAS <\/strong><\/span>| 2 de mar\u00e7o 2021 | Livros <\/p>\n\n\n\n<p><strong>Se n\u00e3o sabia que tem uma geografia afetiva, pois fique a saber que a tem. Helena Cabe\u00e7adas ilustra esta formula\u00e7\u00e3o singular na sua apresenta\u00e7\u00e3o deste livro que adota Macau como cen\u00e1rio de fundo. Eu pr\u00f3prio me surpreendi a realizar um exerc\u00edcio de cartografia virtual relacionado com o tema e fui surpreendido pelos resultados.<\/strong><\/p>\n\n\n\n<p>Por exemplo Belfast foi para mim durante anos a fio a cidade das lutas do IRA, das confronta\u00e7\u00f5es com e ex\u00e9rcito ingl\u00eas, dos bairros  e dos combatentes corajosos que o filme &#8220;Em nome do pai&#8221; nos revela. Aconteceu que no in\u00edcio do s\u00e9culo estive naquela cidade em miss\u00e3o, como perito das Redes Tem\u00e1ticas Nacionais da IC Equal. Numa circunst\u00e2ncia pouco comum a representante italiana da Comiss\u00e3o Europeia na Confer\u00eancia teve repentinamente um problema de sa\u00fade e foi levada por uma ambul\u00e2ncia para o Hospital Central. Constatei que ia sozinha no transporte de urg\u00eancia j\u00e1 que os anfitri\u00f5es n\u00e3o entenderam como elementar acompanhar direta e pessoalmente a situa\u00e7\u00e3o. Muito \u00e0 brit\u00e2nico afetivamente distante. E por raz\u00f5es que s\u00f3 a cultura do sul e do Mediterr\u00e2neo explicam, mandei parar a ambul\u00e2ncia e depois de entrar, acompanhei a senhora no seu p\u00e9riplo hospitalar ao longo do dia. Fic\u00e1mos amigos e, de tempos a tempos, escrevemo-nos sobre a evolu\u00e7\u00e3o das fam\u00edlias e das perip\u00e9cias europeias. Para mim Belfast entrou na minha geografia dos afetos por via de uma amizade que ainda hoje permanece. <\/p>\n\n\n\n<h2 class=\"wp-block-heading\">Em nome da m\u00e3e<\/h2>\n\n\n\n<p>Let\u00edcia, filha de Helena, escreveu e esclareceu &#8220;Acabou de sair o livro &#8220;<strong>Macau, uma cidade improv\u00e1vel&#8221; <\/strong>escrito pela minha m\u00e3e, que nos d\u00e1 a descobrir a sua vis\u00e3o e experi\u00eancia afectiva deste curioso lugar onde morei os primeiros anos da minha vida.<\/p>\n\n\n\n<p>A ilustra\u00e7\u00e3o da capa surge a partir de uma linogravura que fiz, na qual se encontra representado o mapa de Macau com a sua ba\u00eda, em frente \u00e0 qual mor\u00e1vamos. <\/p>\n\n\n\n<p>Este mapa toma a forma do drag\u00e3o que aparece nas festividades chinesas, com os seus quarteir\u00f5es-escama e dentes-pr\u00e9dio que devoram os juncos que por ali navegam como se fossem as P\u00e9rolas do Rio, uuuivando A-M\u00c1cauu\u00da \u00e0 Deusa do C\u00e9u. <\/p>\n\n\n\n<h2 class=\"wp-block-heading\">Helena, n\u00e3o de Tr\u00f3ia, mas de Macau<\/h2>\n\n\n\n<p>A pr\u00f3pria Helena relata &#8220;Acabadinho de sair, o meu \u00faltimo livro! E assim fica completa a minha geografia afectiva. Deixo-vos aqui um resumo e se estiverem interessados num exemplar escrevam-me por mensagem privada. <\/p>\n\n\n\n<p>Este \u00e9 um livro sobre Macau, uma cidade singular e improv\u00e1vel. \u00c9 a cidade que eu fui descobrindo, com fasc\u00ednio e exaspera\u00e7\u00e3o, ao longo dos quase cinco anos em que l\u00e1 vivi: as ruelas labir\u00ednticas, as alucinantes lojas de velharias e de animais para comer, o Porto Interior, com a sua popula\u00e7\u00e3o flutuante, fervilhante de vida, o contraste violento entre a Macau antiga, am\u00e1vel e decadente e a afirma\u00e7\u00e3o de uma modernidade agressiva, os m\u00faltiplos restaurantes, de comidas apetitosas e sabores subtis, o mercado com os seus cheiros intensos e, por vezes, nauseabundos, as farm\u00e1cias intrigantes, a eleg\u00e2ncia da escrita, os casinos rodeados de casas de penhores, a omnipresen\u00e7a do jogo, a total aus\u00eancia de repouso,<\/p>\n\n\n\n<p>Quest\u00f5es como a psicologia e o pensamento chin\u00eas s\u00e3o aqui postos em destaque, tal como o problema da droga e das sociedades secretas, aspectos menos conhecidos e menos luminosos da viv\u00eancia da cidade.<\/p>\n\n\n\n<p>Editora Colibri Apresenta\u00e7\u00e3o de Ant\u00f3nio Bracinha Vieira<\/p>\n\n\n\n<p>Capa de Raquel Ferreira. Ilustra\u00e7\u00e3o da capa: Let\u00edcia Cabe\u00e7adas do Carmo 15\u20ac+portes de envio<\/p>\n\n\n\n<p>Se estiverem interessados num exemplar contactem directamente a <a href=\"https:\/\/www.facebook.com\/profile.php?id=100011583121919&amp;__cft__[0]=AZUMMJ3JGN0tGR7Bn4IT2Vq-i0U__uHTP_Q985mQPr4dHgmMl9h48Pscf_wQxm6AG0pFdEnc_2TGOIO43F14hbkQ6JYPc_a2HD2j41LQLv439KmW2RCipTq9FRkH0VjZTNE&amp;__tn__=-]K-R\">Helena Cabe\u00e7adas<\/a> por mensagem privada.<\/p>\n\n\n\n<figure class=\"wp-block-gallery columns-1 is-cropped wp-block-gallery-1 is-layout-flex wp-block-gallery-is-layout-flex\"><ul class=\"blocks-gallery-grid\"><li class=\"blocks-gallery-item\"><figure><img decoding=\"async\" loading=\"lazy\" width=\"846\" height=\"1024\" src=\"http:\/\/aep61-74.org\/wp-content\/uploads\/2021\/03\/Macau_frente-846x1024.jpg\" alt=\"\" data-id=\"3158\" data-full-url=\"http:\/\/aep61-74.org\/wp-content\/uploads\/2021\/03\/Macau_frente.jpg\" data-link=\"http:\/\/aep61-74.org\/?attachment_id=3158\" class=\"wp-image-3158\" srcset=\"https:\/\/nsf.pt\/wp-content\/uploads\/2021\/03\/Macau_frente-846x1024.jpg 846w, https:\/\/nsf.pt\/wp-content\/uploads\/2021\/03\/Macau_frente-248x300.jpg 248w, https:\/\/nsf.pt\/wp-content\/uploads\/2021\/03\/Macau_frente-768x930.jpg 768w, https:\/\/nsf.pt\/wp-content\/uploads\/2021\/03\/Macau_frente-1269x1536.jpg 1269w, https:\/\/nsf.pt\/wp-content\/uploads\/2021\/03\/Macau_frente-1692x2048.jpg 1692w, https:\/\/nsf.pt\/wp-content\/uploads\/2021\/03\/Macau_frente.jpg 2041w\" sizes=\"(max-width: 846px) 100vw, 846px\" \/><\/figure><\/li><\/ul><\/figure>\n","protected":false},"excerpt":{"rendered":"<p>SEM FRONTEIRAS | 2 de mar\u00e7o 2021 | Livros Se n\u00e3o sabia que tem uma&#8230;<\/p>\n","protected":false},"author":2,"featured_media":3159,"comment_status":"open","ping_status":"open","sticky":true,"template":"","format":"standard","meta":{"sfsi_plus_gutenberg_text_before_share":"","sfsi_plus_gutenberg_show_text_before_share":"","sfsi_plus_gutenberg_icon_type":"","sfsi_plus_gutenberg_icon_alignemt":"","sfsi_plus_gutenburg_max_per_row":"","ngg_post_thumbnail":0,"footnotes":""},"categories":[242],"tags":[227,183],"featured_image_urls":{"full":["https:\/\/nsf.pt\/wp-content\/uploads\/2021\/03\/Macau_Total_B-scaled.jpg",2560,1129,false],"thumbnail":["https:\/\/nsf.pt\/wp-content\/uploads\/2021\/03\/Macau_Total_B-150x150.jpg",150,150,true],"medium":["https:\/\/nsf.pt\/wp-content\/uploads\/2021\/03\/Macau_Total_B-300x132.jpg",300,132,true],"medium_large":["https:\/\/nsf.pt\/wp-content\/uploads\/2021\/03\/Macau_Total_B-768x339.jpg",640,283,true],"large":["https:\/\/nsf.pt\/wp-content\/uploads\/2021\/03\/Macau_Total_B-1024x452.jpg",640,283,true],"1536x1536":["https:\/\/nsf.pt\/wp-content\/uploads\/2021\/03\/Macau_Total_B-1536x678.jpg",1536,678,true],"2048x2048":["https:\/\/nsf.pt\/wp-content\/uploads\/2021\/03\/Macau_Total_B-2048x903.jpg",2048,903,true],"covernews-slider-full":["https:\/\/nsf.pt\/wp-content\/uploads\/2021\/03\/Macau_Total_B-scaled.jpg",1115,492,false],"covernews-slider-center":["https:\/\/nsf.pt\/wp-content\/uploads\/2021\/03\/Macau_Total_B-scaled.jpg",800,353,false],"covernews-featured":["https:\/\/nsf.pt\/wp-content\/uploads\/2021\/03\/Macau_Total_B-scaled.jpg",1024,452,false],"covernews-medium":["https:\/\/nsf.pt\/wp-content\/uploads\/2021\/03\/Macau_Total_B-scaled.jpg",540,238,false],"covernews-medium-square":["https:\/\/nsf.pt\/wp-content\/uploads\/2021\/03\/Macau_Total_B-scaled.jpg",400,176,false]},"author_info":{"info":["Carlos Ribeiro"]},"category_info":"<a href=\"http:\/\/nsf.pt\/index.php\/category\/livros-musica\/\" rel=\"category tag\">LIVROS &amp; M\u00daSICA<\/a>","tag_info":"LIVROS &amp; M\u00daSICA","comment_count":"0","_links":{"self":[{"href":"http:\/\/nsf.pt\/index.php\/wp-json\/wp\/v2\/posts\/3157"}],"collection":[{"href":"http:\/\/nsf.pt\/index.php\/wp-json\/wp\/v2\/posts"}],"about":[{"href":"http:\/\/nsf.pt\/index.php\/wp-json\/wp\/v2\/types\/post"}],"author":[{"embeddable":true,"href":"http:\/\/nsf.pt\/index.php\/wp-json\/wp\/v2\/users\/2"}],"replies":[{"embeddable":true,"href":"http:\/\/nsf.pt\/index.php\/wp-json\/wp\/v2\/comments?post=3157"}],"version-history":[{"count":2,"href":"http:\/\/nsf.pt\/index.php\/wp-json\/wp\/v2\/posts\/3157\/revisions"}],"predecessor-version":[{"id":3161,"href":"http:\/\/nsf.pt\/index.php\/wp-json\/wp\/v2\/posts\/3157\/revisions\/3161"}],"wp:featuredmedia":[{"embeddable":true,"href":"http:\/\/nsf.pt\/index.php\/wp-json\/wp\/v2\/media\/3159"}],"wp:attachment":[{"href":"http:\/\/nsf.pt\/index.php\/wp-json\/wp\/v2\/media?parent=3157"}],"wp:term":[{"taxonomy":"category","embeddable":true,"href":"http:\/\/nsf.pt\/index.php\/wp-json\/wp\/v2\/categories?post=3157"},{"taxonomy":"post_tag","embeddable":true,"href":"http:\/\/nsf.pt\/index.php\/wp-json\/wp\/v2\/tags?post=3157"}],"curies":[{"name":"wp","href":"https:\/\/api.w.org\/{rel}","templated":true}]}}