{"id":5620,"date":"2022-03-18T10:58:04","date_gmt":"2022-03-18T10:58:04","guid":{"rendered":"https:\/\/semfronteiras.eu\/?p=5620"},"modified":"2022-03-18T17:37:07","modified_gmt":"2022-03-18T17:37:07","slug":"livros-encontros-e-cinema-atravessam-a-passagem-de-nivel-na-radio-alfa","status":"publish","type":"post","link":"http:\/\/nsf.pt\/index.php\/2022\/03\/18\/livros-encontros-e-cinema-atravessam-a-passagem-de-nivel-na-radio-alfa\/","title":{"rendered":"Livros, encontros e cinema atravessam a passagem de n\u00edvel na Radio Alfa"},"content":{"rendered":"\n<p><strong><mark style=\"background-color:rgba(0, 0, 0, 0)\" class=\"has-inline-color has-vivid-red-color\">AGENDA <\/mark>|<\/strong> Radio Alfa programa\u00e7\u00e3o | por Artur Silva | Editado SF<\/p>\n\n\n\n<h1 class=\"wp-block-heading\">Passagem de n\u00edvel  na&nbsp;<a href=\"https:\/\/www.facebook.com\/RadioAlfa.net\/?__cft__[0]=AZVTK5Vmgl3rTZSp4bvl1YE5y5Bfyj1grRMcJ19iwMu2vzpN6gXXQmP66qlvaBWjt0LbATm0-ZT4nYeSzSwjQTW4oFOPloiqmP1rfzdt1YuUipXPADtguyysDdo16CY6LivoGl8fLp-eNBN9O-hp_QUscDrnRxVuRVV-OAxZK2oQkzM0iapgAhHI52L3AQjrvfNAlL_WgytRuj01gwHiNMvrFIdXkt3f11lg0zD6WIoKKUb5kPhIVbHv-MNjXgFV9a7dj0Qv6o-wU0_iFUQSQR7t&amp;__tn__=-UK-R\">Radio Alfa<\/a><\/h1>\n\n\n\n<p>Apresenta\u00e7\u00e3o e Coordena\u00e7\u00e3o:&nbsp;<a href=\"https:\/\/www.facebook.com\/profile.php?id=100004884344076&amp;__cft__[0]=AZVTK5Vmgl3rTZSp4bvl1YE5y5Bfyj1grRMcJ19iwMu2vzpN6gXXQmP66qlvaBWjt0LbATm0-ZT4nYeSzSwjQTW4oFOPloiqmP1rfzdt1YuUipXPADtguyysDdo16CY6LivoGl8fLp-eNBN9O-hp_QUscDrnRxVuRVV-OAxZK2oQkzM0iapgAhHI52L3AQjrvfNAlL_WgytRuj01gwHiNMvrFIdXkt3f11lg0zD6WIoKKUb5kPhIVbHv-MNjXgFV9a7dj0Qv6o-wU0_iFUQSQR7t&amp;__tn__=-UK-R\">Artur Silva<\/a><\/p>\n\n\n\n<figure class=\"wp-block-gallery has-nested-images columns-default is-cropped wp-block-gallery-1 is-layout-flex wp-block-gallery-is-layout-flex\">\n<figure class=\"wp-block-image size-large is-style-default\"><img decoding=\"async\" loading=\"lazy\" width=\"337\" height=\"150\" data-id=\"5630\" src=\"https:\/\/semfronteiras.eu\/wp-content\/uploads\/2022\/03\/artur-silva-1.jpg\" alt=\"\" class=\"wp-image-5630\" srcset=\"https:\/\/nsf.pt\/wp-content\/uploads\/2022\/03\/artur-silva-1.jpg 337w, https:\/\/nsf.pt\/wp-content\/uploads\/2022\/03\/artur-silva-1-300x134.jpg 300w\" sizes=\"(max-width: 337px) 100vw, 337px\" \/><\/figure>\n<\/figure>\n\n\n\n<p>Domingo 20 de Mar\u00e7o 2022 com in\u00edcio \u00e0s 11h00 em Portugal | <\/p>\n\n\n\n<p>A R\u00e1dio que nos liga <a rel=\"noreferrer noopener\" href=\"https:\/\/l.facebook.com\/l.php?u=http%3A%2F%2Fradioalfa.net%2F%3Ffbclid%3DIwAR0Z9VNl2EOhrUJwLeBlotUY0a2XhLBuwLXLf2bSGOpsfdP2hsc_UsWEHLw&amp;h=AT3GRoDjbIwxLPLUQ6LTDlO_5ywcLHPILUKcNfWQ2-BdLWYRpd56Xn8vA0KasL9yJ5xmLKrk4Qu5o2yKI8_2UtkMY-7zhP5hyvRhx2u0orR-fHxdLBttZiT2AI5nWHgQ8TZHGbDtSCP_xkcFhmj2LnU\" target=\"_blank\">http:\/\/radioalfa.net<\/a> 98.6 FM Todas as informa\u00e7\u00f5es e contactos no site da R\u00e1dio AlfaEm FM (98.6 &#8211; Paris) &#8211; CABO<\/p>\n\n\n\n<p class=\"has-cyan-bluish-gray-background-color has-background\">Domingo 20 de Mar\u00e7o 2022 Entre as 12h00 e as 14h00<\/p>\n\n\n\n<h2 class=\"wp-block-heading\">Temas<\/h2>\n\n\n\n<p><\/p>\n\n\n\n<h3 class=\"wp-block-heading\">Ex\u00edlios sem fronteiras \u2013 Percursos e mem\u00f3rias de exilados militantes \u2013 Tomo 3, publicado pela&nbsp;<a href=\"https:\/\/www.facebook.com\/aep6174\/?__cft__[0]=AZVTK5Vmgl3rTZSp4bvl1YE5y5Bfyj1grRMcJ19iwMu2vzpN6gXXQmP66qlvaBWjt0LbATm0-ZT4nYeSzSwjQTW4oFOPloiqmP1rfzdt1YuUipXPADtguyysDdo16CY6LivoGl8fLp-eNBN9O-hp_QUscDrnRxVuRVV-OAxZK2oQkzM0iapgAhHI52L3AQjrvfNAlL_WgytRuj01gwHiNMvrFIdXkt3f11lg0zD6WIoKKUb5kPhIVbHv-MNjXgFV9a7dj0Qv6o-wU0_iFUQSQR7t&amp;__tn__=-UK-R\">Aep61-74 Associa\u00e7\u00e3o de Exilados Pol\u00edticos Portugueses<\/a><\/h3>\n\n\n\n<p>Convidados:<a href=\"https:\/\/www.facebook.com\/fernanda.marques.9028194?__cft__[0]=AZVTK5Vmgl3rTZSp4bvl1YE5y5Bfyj1grRMcJ19iwMu2vzpN6gXXQmP66qlvaBWjt0LbATm0-ZT4nYeSzSwjQTW4oFOPloiqmP1rfzdt1YuUipXPADtguyysDdo16CY6LivoGl8fLp-eNBN9O-hp_QUscDrnRxVuRVV-OAxZK2oQkzM0iapgAhHI52L3AQjrvfNAlL_WgytRuj01gwHiNMvrFIdXkt3f11lg0zD6WIoKKUb5kPhIVbHv-MNjXgFV9a7dj0Qv6o-wU0_iFUQSQR7t&amp;__tn__=-UK-R\">Fernanda Marques<\/a>, Presidente da AEP61-74 Artur Monteiro de Oliveira e Jos\u00e9 Louza, refugiados pol\u00edticos em Fran\u00e7a<\/p>\n\n\n\n<figure class=\"wp-block-gallery has-nested-images columns-default is-cropped wp-block-gallery-3 is-layout-flex wp-block-gallery-is-layout-flex\">\n<figure class=\"wp-block-image size-large is-style-default\"><img decoding=\"async\" loading=\"lazy\" width=\"625\" height=\"708\" data-id=\"5622\" src=\"https:\/\/semfronteiras.eu\/wp-content\/uploads\/2022\/03\/fm.jpg\" alt=\"\" class=\"wp-image-5622\" srcset=\"https:\/\/nsf.pt\/wp-content\/uploads\/2022\/03\/fm.jpg 625w, https:\/\/nsf.pt\/wp-content\/uploads\/2022\/03\/fm-265x300.jpg 265w\" sizes=\"(max-width: 625px) 100vw, 625px\" \/><figcaption>Fernanda Marques <\/figcaption><\/figure>\n\n\n\n<figure class=\"wp-block-image size-large is-style-default\"><img decoding=\"async\" loading=\"lazy\" width=\"768\" height=\"1024\" data-id=\"5623\" src=\"https:\/\/semfronteiras.eu\/wp-content\/uploads\/2022\/03\/Foto-de-identidade-exilios3-768x1024.jpg\" alt=\"\" class=\"wp-image-5623\" srcset=\"https:\/\/nsf.pt\/wp-content\/uploads\/2022\/03\/Foto-de-identidade-exilios3-768x1024.jpg 768w, https:\/\/nsf.pt\/wp-content\/uploads\/2022\/03\/Foto-de-identidade-exilios3-225x300.jpg 225w, https:\/\/nsf.pt\/wp-content\/uploads\/2022\/03\/Foto-de-identidade-exilios3-1152x1536.jpg 1152w, https:\/\/nsf.pt\/wp-content\/uploads\/2022\/03\/Foto-de-identidade-exilios3-1536x2048.jpg 1536w, https:\/\/nsf.pt\/wp-content\/uploads\/2022\/03\/Foto-de-identidade-exilios3-1024x1365.jpg 1024w, https:\/\/nsf.pt\/wp-content\/uploads\/2022\/03\/Foto-de-identidade-exilios3.jpg 1728w\" sizes=\"(max-width: 768px) 100vw, 768px\" \/><figcaption>Artur Monteiro de Oliveira<\/figcaption><\/figure>\n\n\n\n<figure class=\"wp-block-image size-large is-style-default\"><img decoding=\"async\" loading=\"lazy\" width=\"310\" height=\"311\" data-id=\"5624\" src=\"https:\/\/semfronteiras.eu\/wp-content\/uploads\/2022\/03\/jose-louza.jpg\" alt=\"\" class=\"wp-image-5624\" srcset=\"https:\/\/nsf.pt\/wp-content\/uploads\/2022\/03\/jose-louza.jpg 310w, https:\/\/nsf.pt\/wp-content\/uploads\/2022\/03\/jose-louza-300x300.jpg 300w, https:\/\/nsf.pt\/wp-content\/uploads\/2022\/03\/jose-louza-150x150.jpg 150w\" sizes=\"(max-width: 310px) 100vw, 310px\" \/><figcaption>Jos\u00e9 Louza<\/figcaption><\/figure>\n<\/figure>\n\n\n\n<h3 class=\"wp-block-heading\">Exils,T\u00e9moignages d\u2019exil\u00e9s et d\u00e9serteurs portugais,&nbsp;<a href=\"https:\/\/www.facebook.com\/Chandeigneditions?__cft__[0]=AZVTK5Vmgl3rTZSp4bvl1YE5y5Bfyj1grRMcJ19iwMu2vzpN6gXXQmP66qlvaBWjt0LbATm0-ZT4nYeSzSwjQTW4oFOPloiqmP1rfzdt1YuUipXPADtguyysDdo16CY6LivoGl8fLp-eNBN9O-hp_QUscDrnRxVuRVV-OAxZK2oQkzM0iapgAhHI52L3AQjrvfNAlL_WgytRuj01gwHiNMvrFIdXkt3f11lg0zD6WIoKKUb5kPhIVbHv-MNjXgFV9a7dj0Qv6o-wU0_iFUQSQR7t&amp;__tn__=-UK-R\">Editions Chandeigne<\/a>, tradu\u00e7\u00e3o de Ilda Nunes. Uma selec\u00e7\u00e3o de 13 testemunhos publicados nos Ex\u00edlios 1 e 2 da AEP61-74<\/h3>\n\n\n\n<p>Convidado:&nbsp;<a href=\"https:\/\/www.facebook.com\/victor.pereira.35325?__cft__[0]=AZVTK5Vmgl3rTZSp4bvl1YE5y5Bfyj1grRMcJ19iwMu2vzpN6gXXQmP66qlvaBWjt0LbATm0-ZT4nYeSzSwjQTW4oFOPloiqmP1rfzdt1YuUipXPADtguyysDdo16CY6LivoGl8fLp-eNBN9O-hp_QUscDrnRxVuRVV-OAxZK2oQkzM0iapgAhHI52L3AQjrvfNAlL_WgytRuj01gwHiNMvrFIdXkt3f11lg0zD6WIoKKUb5kPhIVbHv-MNjXgFV9a7dj0Qv6o-wU0_iFUQSQR7t&amp;__tn__=-UK-R\">Victor Pereira<\/a>, historiador e autor do pref\u00e1cio<\/p>\n\n\n\n<h3 class=\"wp-block-heading\">Le sens pratique de l\u2019hospitalit\u00e9 \u2013 Accueillir les \u00e9trangers en France, 1965-1983\u201d,&nbsp;<a href=\"https:\/\/www.facebook.com\/CNRSEd\/?__cft__[0]=AZVTK5Vmgl3rTZSp4bvl1YE5y5Bfyj1grRMcJ19iwMu2vzpN6gXXQmP66qlvaBWjt0LbATm0-ZT4nYeSzSwjQTW4oFOPloiqmP1rfzdt1YuUipXPADtguyysDdo16CY6LivoGl8fLp-eNBN9O-hp_QUscDrnRxVuRVV-OAxZK2oQkzM0iapgAhHI52L3AQjrvfNAlL_WgytRuj01gwHiNMvrFIdXkt3f11lg0zD6WIoKKUb5kPhIVbHv-MNjXgFV9a7dj0Qv6o-wU0_iFUQSQR7t&amp;__tn__=-UK-R\">CNRS Editions<\/a><\/h3>\n\n\n\n<p>Convidados:B\u00e9n\u00e9dicte H\u00e9raud, co-directora da publica\u00e7\u00e3o e respons\u00e1vel da rede dos correspondentes departementais do Institut d\u2019Histoire du Temps pr\u00e9sent: <a href=\"https:\/\/www.facebook.com\/victor.pereira.35325?__cft__[0]=AZVTK5Vmgl3rTZSp4bvl1YE5y5Bfyj1grRMcJ19iwMu2vzpN6gXXQmP66qlvaBWjt0LbATm0-ZT4nYeSzSwjQTW4oFOPloiqmP1rfzdt1YuUipXPADtguyysDdo16CY6LivoGl8fLp-eNBN9O-hp_QUscDrnRxVuRVV-OAxZK2oQkzM0iapgAhHI52L3AQjrvfNAlL_WgytRuj01gwHiNMvrFIdXkt3f11lg0zD6WIoKKUb5kPhIVbHv-MNjXgFV9a7dj0Qv6o-wU0_iFUQSQR7t&amp;__tn__=-UK-R\">Victor Pereira<\/a>, historiador e professor universit\u00e1rio, autor do artigo: Accueillir les Portugais \u00e0 Hendaye<\/p>\n\n\n\n<p><\/p>\n\n\n\n<p class=\"has-cyan-bluish-gray-background-color has-background\">Dia 23 de Mar\u00e7o <\/p>\n\n\n\n<h3 class=\"wp-block-heading\">Encontro das C\u00e1tedras Cam\u00f5es I.P. em Fran\u00e7a, no quadro dos 20 Anos da cria\u00e7\u00e3o da C\u00e1tedra Lindley Cintra na Universidade Paris Nanterre<\/h3>\n\n\n\n<p>Convidado: Jos\u00e9 Manuel Esteves, respons\u00e1vel da C\u00e1tedra Lindley Cintra<\/p>\n\n\n\n<p><\/p>\n\n\n\n<h3 class=\"wp-block-heading\"><a href=\"https:\/\/www.facebook.com\/events\/330464179042095\/?__cft__[0]=AZVTK5Vmgl3rTZSp4bvl1YE5y5Bfyj1grRMcJ19iwMu2vzpN6gXXQmP66qlvaBWjt0LbATm0-ZT4nYeSzSwjQTW4oFOPloiqmP1rfzdt1YuUipXPADtguyysDdo16CY6LivoGl8fLp-eNBN9O-hp_QUscDrnRxVuRVV-OAxZK2oQkzM0iapgAhHI52L3AQjrvfNAlL_WgytRuj01gwHiNMvrFIdXkt3f11lg0zD6WIoKKUb5kPhIVbHv-MNjXgFV9a7dj0Qv6o-wU0_iFUQSQR7t&amp;__tn__=-UK-R\">23\u00e8me SEMAINE DU CINEMA LUSOPHONE<\/a>&nbsp;de 23 a 29 de Mar\u00e7o, em Nice, Grasse e Beausoleil<\/h3>\n\n\n\n<p>Convidada: Catarina Clemente de Barros, da Association Espace de Communication Lusophone, organizadora do evento-Portugal \u00e9 o tema da edi\u00e7\u00e3o 2022 do Festival Ici et Ailleurs, de 23 a 27 de Mar\u00e7o em Longpont sur Orge (91)<\/p>\n\n\n\n<p>Convidada: Silvia Thiebault, Maire-adjointe en charge de la Culture<\/p>\n\n\n\n<h4 class=\"has-vivid-red-color has-text-color wp-block-heading\">Nota: Emiss\u00e3o com redifus\u00e3o na noite de 4\u00aa para 5\u00aa feira, entre as 0h00 e as 2h00<\/h4>\n","protected":false},"excerpt":{"rendered":"<p>AGENDA | Radio Alfa programa\u00e7\u00e3o | por Artur Silva | Editado SF Passagem de n\u00edvel&#8230;<\/p>\n","protected":false},"author":2,"featured_media":5627,"comment_status":"open","ping_status":"open","sticky":true,"template":"","format":"standard","meta":{"sfsi_plus_gutenberg_text_before_share":"","sfsi_plus_gutenberg_show_text_before_share":"","sfsi_plus_gutenberg_icon_type":"","sfsi_plus_gutenberg_icon_alignemt":"","sfsi_plus_gutenburg_max_per_row":"","ngg_post_thumbnail":0,"footnotes":""},"categories":[207,238,242],"tags":[314],"featured_image_urls":{"full":["https:\/\/nsf.pt\/wp-content\/uploads\/2022\/03\/alfabanner.jpg",927,549,false],"thumbnail":["https:\/\/nsf.pt\/wp-content\/uploads\/2022\/03\/alfabanner-150x150.jpg",150,150,true],"medium":["https:\/\/nsf.pt\/wp-content\/uploads\/2022\/03\/alfabanner-300x178.jpg",300,178,true],"medium_large":["https:\/\/nsf.pt\/wp-content\/uploads\/2022\/03\/alfabanner-768x455.jpg",640,379,true],"large":["https:\/\/nsf.pt\/wp-content\/uploads\/2022\/03\/alfabanner.jpg",640,379,false],"1536x1536":["https:\/\/nsf.pt\/wp-content\/uploads\/2022\/03\/alfabanner.jpg",927,549,false],"2048x2048":["https:\/\/nsf.pt\/wp-content\/uploads\/2022\/03\/alfabanner.jpg",927,549,false],"covernews-slider-full":["https:\/\/nsf.pt\/wp-content\/uploads\/2022\/03\/alfabanner.jpg",927,549,false],"covernews-slider-center":["https:\/\/nsf.pt\/wp-content\/uploads\/2022\/03\/alfabanner-800x500.jpg",800,500,true],"covernews-featured":["https:\/\/nsf.pt\/wp-content\/uploads\/2022\/03\/alfabanner.jpg",927,549,false],"covernews-medium":["https:\/\/nsf.pt\/wp-content\/uploads\/2022\/03\/alfabanner-540x340.jpg",540,340,true],"covernews-medium-square":["https:\/\/nsf.pt\/wp-content\/uploads\/2022\/03\/alfabanner-400x250.jpg",400,250,true]},"author_info":{"info":["Carlos Ribeiro"]},"category_info":"<a href=\"http:\/\/nsf.pt\/index.php\/category\/agenda-2\/\" rel=\"category tag\">AGENDA<\/a> <a href=\"http:\/\/nsf.pt\/index.php\/category\/destaque\/\" rel=\"category tag\">DESTAQUE<\/a> <a href=\"http:\/\/nsf.pt\/index.php\/category\/livros-musica\/\" rel=\"category tag\">LIVROS &amp; M\u00daSICA<\/a>","tag_info":"LIVROS &amp; M\u00daSICA","comment_count":"0","_links":{"self":[{"href":"http:\/\/nsf.pt\/index.php\/wp-json\/wp\/v2\/posts\/5620"}],"collection":[{"href":"http:\/\/nsf.pt\/index.php\/wp-json\/wp\/v2\/posts"}],"about":[{"href":"http:\/\/nsf.pt\/index.php\/wp-json\/wp\/v2\/types\/post"}],"author":[{"embeddable":true,"href":"http:\/\/nsf.pt\/index.php\/wp-json\/wp\/v2\/users\/2"}],"replies":[{"embeddable":true,"href":"http:\/\/nsf.pt\/index.php\/wp-json\/wp\/v2\/comments?post=5620"}],"version-history":[{"count":6,"href":"http:\/\/nsf.pt\/index.php\/wp-json\/wp\/v2\/posts\/5620\/revisions"}],"predecessor-version":[{"id":5633,"href":"http:\/\/nsf.pt\/index.php\/wp-json\/wp\/v2\/posts\/5620\/revisions\/5633"}],"wp:featuredmedia":[{"embeddable":true,"href":"http:\/\/nsf.pt\/index.php\/wp-json\/wp\/v2\/media\/5627"}],"wp:attachment":[{"href":"http:\/\/nsf.pt\/index.php\/wp-json\/wp\/v2\/media?parent=5620"}],"wp:term":[{"taxonomy":"category","embeddable":true,"href":"http:\/\/nsf.pt\/index.php\/wp-json\/wp\/v2\/categories?post=5620"},{"taxonomy":"post_tag","embeddable":true,"href":"http:\/\/nsf.pt\/index.php\/wp-json\/wp\/v2\/tags?post=5620"}],"curies":[{"name":"wp","href":"https:\/\/api.w.org\/{rel}","templated":true}]}}