{"id":7096,"date":"2022-06-14T11:29:40","date_gmt":"2022-06-14T11:29:40","guid":{"rendered":"https:\/\/semfronteiras.eu\/?p=7096"},"modified":"2022-07-03T23:13:29","modified_gmt":"2022-07-03T23:13:29","slug":"ecos-de-judice-e-rousselet-no-quartier-de-lhorloge","status":"publish","type":"post","link":"http:\/\/nsf.pt\/index.php\/2022\/06\/14\/ecos-de-judice-e-rousselet-no-quartier-de-lhorloge\/","title":{"rendered":"Ecos de J\u00fadice e Rousselet, em Paris,  no Quartier de l\u00b4Horloge"},"content":{"rendered":"\n<p><mark style=\"background-color:rgba(0, 0, 0, 0)\" class=\"has-inline-color has-vivid-red-color\"><strong>FESTIVAL PARFUMS DE LISBONNE<\/strong><\/mark> | junho-julho 2022 | SF Media Partner<\/p>\n\n\n\n<p><strong>Circulations \/ Circula\u00e7\u00f5es<\/strong><\/p>\n\n\n\n<h2 class=\"wp-block-heading\"><strong>Nuno J\u00fadice et Laurine Rousselet po\u00e8tes invit\u00e9s<\/strong><\/h2>\n\n\n\n<p>Performance e poesia pelo Grupo de Teatro C\u00e1 e L\u00e1 | Paris<\/p>\n\n\n\n<figure class=\"wp-block-gallery has-nested-images columns-default is-cropped wp-block-gallery-1 is-layout-flex wp-block-gallery-is-layout-flex\">\n<figure class=\"wp-block-image size-large is-style-default\"><img decoding=\"async\" loading=\"lazy\" width=\"1024\" height=\"444\" data-id=\"7098\" src=\"https:\/\/semfronteiras.eu\/wp-content\/uploads\/2022\/06\/par2-1-1024x444.jpg\" alt=\"\" class=\"wp-image-7098\" srcset=\"https:\/\/nsf.pt\/wp-content\/uploads\/2022\/06\/par2-1-1024x444.jpg 1024w, https:\/\/nsf.pt\/wp-content\/uploads\/2022\/06\/par2-1-300x130.jpg 300w, https:\/\/nsf.pt\/wp-content\/uploads\/2022\/06\/par2-1-768x333.jpg 768w, https:\/\/nsf.pt\/wp-content\/uploads\/2022\/06\/par2-1-1115x485.jpg 1115w, https:\/\/nsf.pt\/wp-content\/uploads\/2022\/06\/par2-1.jpg 1118w\" sizes=\"(max-width: 1024px) 100vw, 1024px\" \/><\/figure>\n<\/figure>\n\n\n\n<p><\/p>\n\n\n\n<h3 class=\"wp-block-heading\">Um festival em contexto urbano, no Quartier de l\u00b4Horloge, Paris.<\/h3>\n\n\n\n<figure class=\"wp-block-gallery has-nested-images columns-default is-cropped wp-block-gallery-3 is-layout-flex wp-block-gallery-is-layout-flex\">\n<figure class=\"wp-block-image size-large is-style-default\"><img decoding=\"async\" loading=\"lazy\" width=\"768\" height=\"1024\" data-id=\"7099\" src=\"https:\/\/semfronteiras.eu\/wp-content\/uploads\/2022\/06\/IMG_2205.jpeg\" alt=\"\" class=\"wp-image-7099\" srcset=\"https:\/\/nsf.pt\/wp-content\/uploads\/2022\/06\/IMG_2205.jpeg 768w, https:\/\/nsf.pt\/wp-content\/uploads\/2022\/06\/IMG_2205-225x300.jpeg 225w\" sizes=\"(max-width: 768px) 100vw, 768px\" \/><\/figure>\n\n\n\n<figure class=\"wp-block-image size-large is-style-default\"><img decoding=\"async\" loading=\"lazy\" width=\"768\" height=\"1024\" data-id=\"7101\" src=\"https:\/\/semfronteiras.eu\/wp-content\/uploads\/2022\/06\/IMG_2229.jpeg\" alt=\"\" class=\"wp-image-7101\" srcset=\"https:\/\/nsf.pt\/wp-content\/uploads\/2022\/06\/IMG_2229.jpeg 768w, https:\/\/nsf.pt\/wp-content\/uploads\/2022\/06\/IMG_2229-225x300.jpeg 225w\" sizes=\"(max-width: 768px) 100vw, 768px\" \/><\/figure>\n\n\n\n<figure class=\"wp-block-image size-full is-style-default\"><img decoding=\"async\" loading=\"lazy\" width=\"768\" height=\"1024\" data-id=\"7103\" src=\"https:\/\/semfronteiras.eu\/wp-content\/uploads\/2022\/06\/IMG_2303.jpeg\" alt=\"\" class=\"wp-image-7103\" srcset=\"https:\/\/nsf.pt\/wp-content\/uploads\/2022\/06\/IMG_2303.jpeg 768w, https:\/\/nsf.pt\/wp-content\/uploads\/2022\/06\/IMG_2303-225x300.jpeg 225w\" sizes=\"(max-width: 768px) 100vw, 768px\" \/><\/figure>\n<\/figure>\n\n\n\n<figure class=\"wp-block-gallery has-nested-images columns-default is-cropped wp-block-gallery-5 is-layout-flex wp-block-gallery-is-layout-flex\">\n<figure class=\"wp-block-image size-large is-style-default\"><img decoding=\"async\" loading=\"lazy\" width=\"1024\" height=\"768\" data-id=\"7106\" src=\"https:\/\/semfronteiras.eu\/wp-content\/uploads\/2022\/06\/IMG_2238.jpeg\" alt=\"\" class=\"wp-image-7106\" srcset=\"https:\/\/nsf.pt\/wp-content\/uploads\/2022\/06\/IMG_2238.jpeg 1024w, https:\/\/nsf.pt\/wp-content\/uploads\/2022\/06\/IMG_2238-300x225.jpeg 300w, https:\/\/nsf.pt\/wp-content\/uploads\/2022\/06\/IMG_2238-768x576.jpeg 768w\" sizes=\"(max-width: 1024px) 100vw, 1024px\" \/><\/figure>\n\n\n\n<figure class=\"wp-block-image size-large is-style-default\"><img decoding=\"async\" loading=\"lazy\" width=\"1024\" height=\"768\" data-id=\"7104\" src=\"https:\/\/semfronteiras.eu\/wp-content\/uploads\/2022\/06\/IMG_2265.jpeg\" alt=\"\" class=\"wp-image-7104\" srcset=\"https:\/\/nsf.pt\/wp-content\/uploads\/2022\/06\/IMG_2265.jpeg 1024w, https:\/\/nsf.pt\/wp-content\/uploads\/2022\/06\/IMG_2265-300x225.jpeg 300w, https:\/\/nsf.pt\/wp-content\/uploads\/2022\/06\/IMG_2265-768x576.jpeg 768w\" sizes=\"(max-width: 1024px) 100vw, 1024px\" \/><\/figure>\n\n\n\n<figure class=\"wp-block-image size-large is-style-default\"><img decoding=\"async\" loading=\"lazy\" width=\"1024\" height=\"768\" data-id=\"7105\" src=\"https:\/\/semfronteiras.eu\/wp-content\/uploads\/2022\/06\/IMG_2295.jpeg\" alt=\"\" class=\"wp-image-7105\" srcset=\"https:\/\/nsf.pt\/wp-content\/uploads\/2022\/06\/IMG_2295.jpeg 1024w, https:\/\/nsf.pt\/wp-content\/uploads\/2022\/06\/IMG_2295-300x225.jpeg 300w, https:\/\/nsf.pt\/wp-content\/uploads\/2022\/06\/IMG_2295-768x576.jpeg 768w\" sizes=\"(max-width: 1024px) 100vw, 1024px\" \/><\/figure>\n<\/figure>\n\n\n\n<p><\/p>\n\n\n\n<figure class=\"wp-block-gallery has-nested-images columns-default is-cropped wp-block-gallery-7 is-layout-flex wp-block-gallery-is-layout-flex\">\n<figure class=\"wp-block-image size-large is-style-default\"><img decoding=\"async\" loading=\"lazy\" width=\"1024\" height=\"462\" data-id=\"7107\" src=\"https:\/\/semfronteiras.eu\/wp-content\/uploads\/2022\/06\/PAR4-1024x462.jpg\" alt=\"\" class=\"wp-image-7107\" srcset=\"https:\/\/nsf.pt\/wp-content\/uploads\/2022\/06\/PAR4-1024x462.jpg 1024w, https:\/\/nsf.pt\/wp-content\/uploads\/2022\/06\/PAR4-300x135.jpg 300w, https:\/\/nsf.pt\/wp-content\/uploads\/2022\/06\/PAR4-768x346.jpg 768w, https:\/\/nsf.pt\/wp-content\/uploads\/2022\/06\/PAR4.jpg 1156w\" sizes=\"(max-width: 1024px) 100vw, 1024px\" \/><\/figure>\n<\/figure>\n\n\n\n<h3 class=\"wp-block-heading\">Um Festival com emo\u00e7\u00f5es \u00e0 flor da pele provocadas por um coletivo que ocupa o espa\u00e7o urbano mas tamb\u00e9m o espa\u00e7o \u00edntimo de cada um dos presentes e daqueles  que passam.<\/h3>\n\n\n\n<figure class=\"wp-block-gallery has-nested-images columns-default is-cropped wp-block-gallery-9 is-layout-flex wp-block-gallery-is-layout-flex\">\n<figure class=\"wp-block-image size-large is-style-default\"><img decoding=\"async\" loading=\"lazy\" width=\"1024\" height=\"768\" data-id=\"7110\" src=\"https:\/\/semfronteiras.eu\/wp-content\/uploads\/2022\/06\/IMG_2125.jpeg\" alt=\"\" class=\"wp-image-7110\" srcset=\"https:\/\/nsf.pt\/wp-content\/uploads\/2022\/06\/IMG_2125.jpeg 1024w, https:\/\/nsf.pt\/wp-content\/uploads\/2022\/06\/IMG_2125-300x225.jpeg 300w, https:\/\/nsf.pt\/wp-content\/uploads\/2022\/06\/IMG_2125-768x576.jpeg 768w\" sizes=\"(max-width: 1024px) 100vw, 1024px\" \/><\/figure>\n\n\n\n<figure class=\"wp-block-image size-full is-style-default\"><img decoding=\"async\" loading=\"lazy\" width=\"768\" height=\"1024\" data-id=\"7113\" src=\"https:\/\/semfronteiras.eu\/wp-content\/uploads\/2022\/06\/IMG_2310-1.jpeg\" alt=\"\" class=\"wp-image-7113\" srcset=\"https:\/\/nsf.pt\/wp-content\/uploads\/2022\/06\/IMG_2310-1.jpeg 768w, https:\/\/nsf.pt\/wp-content\/uploads\/2022\/06\/IMG_2310-1-225x300.jpeg 225w\" sizes=\"(max-width: 768px) 100vw, 768px\" \/><\/figure>\n\n\n\n<figure class=\"wp-block-image size-full is-style-default\"><img decoding=\"async\" loading=\"lazy\" width=\"768\" height=\"1024\" data-id=\"7112\" src=\"https:\/\/semfronteiras.eu\/wp-content\/uploads\/2022\/06\/IMG_2281.jpeg\" alt=\"\" class=\"wp-image-7112\" srcset=\"https:\/\/nsf.pt\/wp-content\/uploads\/2022\/06\/IMG_2281.jpeg 768w, https:\/\/nsf.pt\/wp-content\/uploads\/2022\/06\/IMG_2281-225x300.jpeg 225w\" sizes=\"(max-width: 768px) 100vw, 768px\" \/><\/figure>\n<\/figure>\n\n\n\n<figure class=\"wp-block-gallery has-nested-images columns-default is-cropped wp-block-gallery-11 is-layout-flex wp-block-gallery-is-layout-flex\">\n<figure class=\"wp-block-image size-large is-style-default\"><img decoding=\"async\" loading=\"lazy\" width=\"1024\" height=\"768\" data-id=\"7114\" src=\"https:\/\/semfronteiras.eu\/wp-content\/uploads\/2022\/06\/IMG_2183.jpeg\" alt=\"\" class=\"wp-image-7114\" srcset=\"https:\/\/nsf.pt\/wp-content\/uploads\/2022\/06\/IMG_2183.jpeg 1024w, https:\/\/nsf.pt\/wp-content\/uploads\/2022\/06\/IMG_2183-300x225.jpeg 300w, https:\/\/nsf.pt\/wp-content\/uploads\/2022\/06\/IMG_2183-768x576.jpeg 768w\" sizes=\"(max-width: 1024px) 100vw, 1024px\" \/><\/figure>\n\n\n\n<figure class=\"wp-block-image size-large is-style-default\"><img decoding=\"async\" loading=\"lazy\" width=\"1024\" height=\"768\" data-id=\"7115\" src=\"https:\/\/semfronteiras.eu\/wp-content\/uploads\/2022\/06\/IMG_2244.jpeg\" alt=\"\" class=\"wp-image-7115\" srcset=\"https:\/\/nsf.pt\/wp-content\/uploads\/2022\/06\/IMG_2244.jpeg 1024w, https:\/\/nsf.pt\/wp-content\/uploads\/2022\/06\/IMG_2244-300x225.jpeg 300w, https:\/\/nsf.pt\/wp-content\/uploads\/2022\/06\/IMG_2244-768x576.jpeg 768w\" sizes=\"(max-width: 1024px) 100vw, 1024px\" \/><\/figure>\n<\/figure>\n\n\n\n<p><\/p>\n\n\n\n<figure class=\"wp-block-gallery has-nested-images columns-default is-cropped wp-block-gallery-13 is-layout-flex wp-block-gallery-is-layout-flex\">\n<figure class=\"wp-block-image size-large is-style-default\"><img decoding=\"async\" loading=\"lazy\" width=\"1024\" height=\"447\" data-id=\"7118\" src=\"https:\/\/semfronteiras.eu\/wp-content\/uploads\/2022\/06\/par7-1024x447.jpg\" alt=\"\" class=\"wp-image-7118\" srcset=\"https:\/\/nsf.pt\/wp-content\/uploads\/2022\/06\/par7-1024x447.jpg 1024w, https:\/\/nsf.pt\/wp-content\/uploads\/2022\/06\/par7-300x131.jpg 300w, https:\/\/nsf.pt\/wp-content\/uploads\/2022\/06\/par7-768x335.jpg 768w, https:\/\/nsf.pt\/wp-content\/uploads\/2022\/06\/par7.jpg 1130w\" sizes=\"(max-width: 1024px) 100vw, 1024px\" \/><\/figure>\n<\/figure>\n\n\n\n<p><\/p>\n\n\n\n<h3 class=\"wp-block-heading\">Festival da voz, do gesto e do movimento<\/h3>\n\n\n\n<figure class=\"wp-block-gallery has-nested-images columns-default is-cropped wp-block-gallery-15 is-layout-flex wp-block-gallery-is-layout-flex\">\n<figure class=\"wp-block-image size-large is-style-default\"><img decoding=\"async\" loading=\"lazy\" width=\"768\" height=\"1024\" data-id=\"7121\" src=\"https:\/\/semfronteiras.eu\/wp-content\/uploads\/2022\/06\/IMG_2186.jpeg\" alt=\"\" class=\"wp-image-7121\" srcset=\"https:\/\/nsf.pt\/wp-content\/uploads\/2022\/06\/IMG_2186.jpeg 768w, https:\/\/nsf.pt\/wp-content\/uploads\/2022\/06\/IMG_2186-225x300.jpeg 225w\" sizes=\"(max-width: 768px) 100vw, 768px\" \/><\/figure>\n\n\n\n<figure class=\"wp-block-image size-large is-style-default\"><img decoding=\"async\" loading=\"lazy\" width=\"768\" height=\"1024\" data-id=\"7120\" src=\"https:\/\/semfronteiras.eu\/wp-content\/uploads\/2022\/06\/IMG_2251.jpeg\" alt=\"\" class=\"wp-image-7120\" srcset=\"https:\/\/nsf.pt\/wp-content\/uploads\/2022\/06\/IMG_2251.jpeg 768w, https:\/\/nsf.pt\/wp-content\/uploads\/2022\/06\/IMG_2251-225x300.jpeg 225w\" sizes=\"(max-width: 768px) 100vw, 768px\" \/><\/figure>\n\n\n\n<figure class=\"wp-block-image size-large is-style-default\"><img decoding=\"async\" loading=\"lazy\" width=\"768\" height=\"1024\" data-id=\"7119\" src=\"https:\/\/semfronteiras.eu\/wp-content\/uploads\/2022\/06\/IMG_2289.jpeg\" alt=\"\" class=\"wp-image-7119\" srcset=\"https:\/\/nsf.pt\/wp-content\/uploads\/2022\/06\/IMG_2289.jpeg 768w, https:\/\/nsf.pt\/wp-content\/uploads\/2022\/06\/IMG_2289-225x300.jpeg 225w\" sizes=\"(max-width: 768px) 100vw, 768px\" \/><\/figure>\n<\/figure>\n\n\n\n<p><\/p>\n\n\n\n<figure class=\"wp-block-gallery has-nested-images columns-default is-cropped wp-block-gallery-17 is-layout-flex wp-block-gallery-is-layout-flex\">\n<figure class=\"wp-block-image size-large is-style-default\"><img decoding=\"async\" loading=\"lazy\" width=\"1024\" height=\"416\" data-id=\"7122\" src=\"https:\/\/semfronteiras.eu\/wp-content\/uploads\/2022\/06\/par8-1024x416.jpg\" alt=\"\" class=\"wp-image-7122\" srcset=\"https:\/\/nsf.pt\/wp-content\/uploads\/2022\/06\/par8-1024x416.jpg 1024w, https:\/\/nsf.pt\/wp-content\/uploads\/2022\/06\/par8-300x122.jpg 300w, https:\/\/nsf.pt\/wp-content\/uploads\/2022\/06\/par8-768x312.jpg 768w, https:\/\/nsf.pt\/wp-content\/uploads\/2022\/06\/par8.jpg 1141w\" sizes=\"(max-width: 1024px) 100vw, 1024px\" \/><\/figure>\n<\/figure>\n\n\n\n<h3 class=\"wp-block-heading\">Festival que interpela quem passa, que desafia atrav\u00e9s da poesia quem p\u00e1ra, escuta e olha&#8230;<\/h3>\n\n\n\n<figure class=\"wp-block-gallery has-nested-images columns-default is-cropped wp-block-gallery-19 is-layout-flex wp-block-gallery-is-layout-flex\">\n<figure class=\"wp-block-image size-large is-style-default\"><img decoding=\"async\" loading=\"lazy\" width=\"711\" height=\"836\" data-id=\"7124\" src=\"https:\/\/semfronteiras.eu\/wp-content\/uploads\/2022\/06\/papeis.jpg\" alt=\"\" class=\"wp-image-7124\" srcset=\"https:\/\/nsf.pt\/wp-content\/uploads\/2022\/06\/papeis.jpg 711w, https:\/\/nsf.pt\/wp-content\/uploads\/2022\/06\/papeis-255x300.jpg 255w\" sizes=\"(max-width: 711px) 100vw, 711px\" \/><\/figure>\n\n\n\n<figure class=\"wp-block-image size-large is-style-default\"><img decoding=\"async\" loading=\"lazy\" width=\"696\" height=\"567\" data-id=\"7125\" src=\"https:\/\/semfronteiras.eu\/wp-content\/uploads\/2022\/06\/ilumina-1.jpg\" alt=\"\" class=\"wp-image-7125\" srcset=\"https:\/\/nsf.pt\/wp-content\/uploads\/2022\/06\/ilumina-1.jpg 696w, https:\/\/nsf.pt\/wp-content\/uploads\/2022\/06\/ilumina-1-300x244.jpg 300w\" sizes=\"(max-width: 696px) 100vw, 696px\" \/><\/figure>\n<\/figure>\n\n\n\n<p><\/p>\n\n\n\n<figure class=\"wp-block-gallery has-nested-images columns-default is-cropped wp-block-gallery-21 is-layout-flex wp-block-gallery-is-layout-flex\">\n<figure class=\"wp-block-image\"><img decoding=\"async\" src=\"blob:https:\/\/semfronteiras.eu\/fabf8c7b-6670-4c65-9b8c-b3cdd77bc238\" alt=\"\"\/><\/figure>\n<\/figure>\n\n\n\n<p><\/p>\n\n\n\n<h3 class=\"wp-block-heading\">No Quartier de l\u00b4Horloge | Laurine Rousselet | Nuno J\u00fadice | C\u00e1 e L\u00e1 , no arranque do Festival Parfums de Lisbonne.<\/h3>\n\n\n\n<figure class=\"wp-block-gallery has-nested-images columns-default is-cropped wp-block-gallery-23 is-layout-flex wp-block-gallery-is-layout-flex\">\n<figure class=\"wp-block-image size-large is-style-default\"><img decoding=\"async\" loading=\"lazy\" width=\"1024\" height=\"653\" data-id=\"7127\" src=\"https:\/\/semfronteiras.eu\/wp-content\/uploads\/2022\/06\/Final-1024x653.jpg\" alt=\"\" class=\"wp-image-7127\" srcset=\"https:\/\/nsf.pt\/wp-content\/uploads\/2022\/06\/Final-1024x653.jpg 1024w, https:\/\/nsf.pt\/wp-content\/uploads\/2022\/06\/Final-300x191.jpg 300w, https:\/\/nsf.pt\/wp-content\/uploads\/2022\/06\/Final-768x489.jpg 768w, https:\/\/nsf.pt\/wp-content\/uploads\/2022\/06\/Final.jpg 1260w\" sizes=\"(max-width: 1024px) 100vw, 1024px\" \/><\/figure>\n<\/figure>\n\n\n\n<p>Fotos \u00a9 C\u00e1 e L\u00e1, Paris<\/p>\n\n\n\n<p>SEM FRONTEIRAS | Media Partner do Festival Parfums de Lisbonne.<\/p>\n","protected":false},"excerpt":{"rendered":"<p>FESTIVAL PARFUMS DE LISBONNE | junho-julho 2022 | SF Media Partner Circulations \/ Circula\u00e7\u00f5es Nuno&#8230;<\/p>\n","protected":false},"author":2,"featured_media":7124,"comment_status":"open","ping_status":"open","sticky":true,"template":"","format":"standard","meta":{"sfsi_plus_gutenberg_text_before_share":"","sfsi_plus_gutenberg_show_text_before_share":"","sfsi_plus_gutenberg_icon_type":"","sfsi_plus_gutenberg_icon_alignemt":"","sfsi_plus_gutenburg_max_per_row":"","ngg_post_thumbnail":0,"footnotes":""},"categories":[238,365,236,317],"tags":[364],"featured_image_urls":{"full":["https:\/\/nsf.pt\/wp-content\/uploads\/2022\/06\/papeis.jpg",711,836,false],"thumbnail":["https:\/\/nsf.pt\/wp-content\/uploads\/2022\/06\/papeis-150x150.jpg",150,150,true],"medium":["https:\/\/nsf.pt\/wp-content\/uploads\/2022\/06\/papeis-255x300.jpg",255,300,true],"medium_large":["https:\/\/nsf.pt\/wp-content\/uploads\/2022\/06\/papeis.jpg",640,753,false],"large":["https:\/\/nsf.pt\/wp-content\/uploads\/2022\/06\/papeis.jpg",640,753,false],"1536x1536":["https:\/\/nsf.pt\/wp-content\/uploads\/2022\/06\/papeis.jpg",711,836,false],"2048x2048":["https:\/\/nsf.pt\/wp-content\/uploads\/2022\/06\/papeis.jpg",711,836,false],"covernews-slider-full":["https:\/\/nsf.pt\/wp-content\/uploads\/2022\/06\/papeis-711x715.jpg",711,715,true],"covernews-slider-center":["https:\/\/nsf.pt\/wp-content\/uploads\/2022\/06\/papeis-711x500.jpg",711,500,true],"covernews-featured":["https:\/\/nsf.pt\/wp-content\/uploads\/2022\/06\/papeis.jpg",711,836,false],"covernews-medium":["https:\/\/nsf.pt\/wp-content\/uploads\/2022\/06\/papeis-540x340.jpg",540,340,true],"covernews-medium-square":["https:\/\/nsf.pt\/wp-content\/uploads\/2022\/06\/papeis-400x250.jpg",400,250,true]},"author_info":{"info":["Carlos Ribeiro"]},"category_info":"<a href=\"http:\/\/nsf.pt\/index.php\/category\/destaque\/\" rel=\"category tag\">DESTAQUE<\/a> <a href=\"http:\/\/nsf.pt\/index.php\/category\/festival\/\" rel=\"category tag\">FESTIVAL<\/a> <a href=\"http:\/\/nsf.pt\/index.php\/category\/mundo\/\" rel=\"category tag\">MUNDO<\/a> <a href=\"http:\/\/nsf.pt\/index.php\/category\/noticias\/\" rel=\"category tag\">NOTICIAS<\/a>","tag_info":"NOTICIAS","comment_count":"0","_links":{"self":[{"href":"http:\/\/nsf.pt\/index.php\/wp-json\/wp\/v2\/posts\/7096"}],"collection":[{"href":"http:\/\/nsf.pt\/index.php\/wp-json\/wp\/v2\/posts"}],"about":[{"href":"http:\/\/nsf.pt\/index.php\/wp-json\/wp\/v2\/types\/post"}],"author":[{"embeddable":true,"href":"http:\/\/nsf.pt\/index.php\/wp-json\/wp\/v2\/users\/2"}],"replies":[{"embeddable":true,"href":"http:\/\/nsf.pt\/index.php\/wp-json\/wp\/v2\/comments?post=7096"}],"version-history":[{"count":3,"href":"http:\/\/nsf.pt\/index.php\/wp-json\/wp\/v2\/posts\/7096\/revisions"}],"predecessor-version":[{"id":7130,"href":"http:\/\/nsf.pt\/index.php\/wp-json\/wp\/v2\/posts\/7096\/revisions\/7130"}],"wp:featuredmedia":[{"embeddable":true,"href":"http:\/\/nsf.pt\/index.php\/wp-json\/wp\/v2\/media\/7124"}],"wp:attachment":[{"href":"http:\/\/nsf.pt\/index.php\/wp-json\/wp\/v2\/media?parent=7096"}],"wp:term":[{"taxonomy":"category","embeddable":true,"href":"http:\/\/nsf.pt\/index.php\/wp-json\/wp\/v2\/categories?post=7096"},{"taxonomy":"post_tag","embeddable":true,"href":"http:\/\/nsf.pt\/index.php\/wp-json\/wp\/v2\/tags?post=7096"}],"curies":[{"name":"wp","href":"https:\/\/api.w.org\/{rel}","templated":true}]}}