{"id":7131,"date":"2022-06-14T23:55:33","date_gmt":"2022-06-14T23:55:33","guid":{"rendered":"https:\/\/semfronteiras.eu\/?p=7131"},"modified":"2022-07-03T23:12:33","modified_gmt":"2022-07-03T23:12:33","slug":"a-republica-de-labin","status":"publish","type":"post","link":"http:\/\/nsf.pt\/index.php\/2022\/06\/14\/a-republica-de-labin\/","title":{"rendered":"Cartas da Europa, a Rep\u00fablica de Labin"},"content":{"rendered":"\n<p><mark style=\"background-color:rgba(0, 0, 0, 0)\" class=\"has-inline-color has-vivid-red-color\"><strong>EUROPA PARA OS CIDAD\u00c3OS<\/strong><\/mark> | Projeto europeu PEOPLE | LABIN<\/p>\n\n\n\n<p>Em Labin, na Cro\u00e1cia na pen\u00ednsula de \u00cdstria, em 1921, teve lugar o primeiro grande levantamento contra o fascismo italiano. Os mineiros ocuparam as minas, formaram um governo, criaram a Guarda Vermelha e organizaram a produ\u00e7\u00e3o e o funcionamento da vida local em articula\u00e7\u00e3o com os agricultores da regi\u00e3o. Entre 7 de mar\u00e7o e 8 de abril de 1921 os fascistas que impunham a sua lei no pa\u00eds, ent\u00e3o dominado pelos italianos, foram confrontados com a for\u00e7a de uma classe que pratica a solidariedade para sobreviver no interior das minas e que a utiliza tamb\u00e9m para defender o seus direitos.<\/p>\n\n\n\n<p>Cheg\u00e1mos a Labin a meio da tarde. Na viagem desde Pula, onde o aeroporto distribui os rec\u00e9m-chegados para o oeste tur\u00edstico do Adri\u00e1tico ou em alternativa para o lado este da pen\u00ednsula, mais industrial e menos dominado pela &#8220;ind\u00fastria do sol e praia&#8221;, Alek fez as primeiras refer\u00eancias \u00e0 import\u00e2ncia da atividade mineira e at\u00e9 \u00e0 inaugura\u00e7\u00e3o por Mussolini, em Rasa, de um complexo habitacional para os mineiros. <\/p>\n\n\n\n<p><\/p>\n\n\n\n<figure class=\"wp-block-gallery has-nested-images columns-default is-cropped wp-block-gallery-1 is-layout-flex wp-block-gallery-is-layout-flex\">\n<figure class=\"wp-block-image size-large is-style-default\"><img decoding=\"async\" loading=\"lazy\" width=\"1024\" height=\"392\" data-id=\"7132\" src=\"https:\/\/semfronteiras.eu\/wp-content\/uploads\/2022\/06\/arquit3-1024x392.jpg\" alt=\"\" class=\"wp-image-7132\" srcset=\"https:\/\/nsf.pt\/wp-content\/uploads\/2022\/06\/arquit3-1024x392.jpg 1024w, https:\/\/nsf.pt\/wp-content\/uploads\/2022\/06\/arquit3-300x115.jpg 300w, https:\/\/nsf.pt\/wp-content\/uploads\/2022\/06\/arquit3-768x294.jpg 768w, https:\/\/nsf.pt\/wp-content\/uploads\/2022\/06\/arquit3.jpg 1138w\" sizes=\"(max-width: 1024px) 100vw, 1024px\" \/><\/figure>\n<\/figure>\n\n\n\n<p><\/p>\n\n\n\n<p>\u00c0 chegada, um p\u00f3rtico gigante no centro da cidade, anunciava que est\u00e1vamos em terra de mineiros. Dali desciam ent\u00e3o os homens que ostentavam lanternas nos capacetes e arrancavam o min\u00e9rio das entranhas da terra. Foram anos e anos a fio que Labin viveu do trabalho nas minas. At\u00e9 que um dia fecharam os po\u00e7os e trancaram as portas dos t\u00faneis como se a terra tivesse secado.<\/p>\n\n\n\n<p><\/p>\n\n\n\n<figure class=\"wp-block-gallery has-nested-images columns-default is-cropped wp-block-gallery-3 is-layout-flex wp-block-gallery-is-layout-flex\">\n<figure class=\"wp-block-image size-large is-style-default\"><img decoding=\"async\" loading=\"lazy\" width=\"1024\" height=\"768\" data-id=\"7135\" src=\"https:\/\/semfronteiras.eu\/wp-content\/uploads\/2022\/06\/20220406_145718-1024x768.jpg\" alt=\"\" class=\"wp-image-7135\" srcset=\"https:\/\/nsf.pt\/wp-content\/uploads\/2022\/06\/20220406_145718-1024x768.jpg 1024w, https:\/\/nsf.pt\/wp-content\/uploads\/2022\/06\/20220406_145718-300x225.jpg 300w, https:\/\/nsf.pt\/wp-content\/uploads\/2022\/06\/20220406_145718-768x576.jpg 768w, https:\/\/nsf.pt\/wp-content\/uploads\/2022\/06\/20220406_145718-1536x1152.jpg 1536w, https:\/\/nsf.pt\/wp-content\/uploads\/2022\/06\/20220406_145718-2048x1536.jpg 2048w\" sizes=\"(max-width: 1024px) 100vw, 1024px\" \/><\/figure>\n\n\n\n<figure class=\"wp-block-image size-large is-style-default\"><img decoding=\"async\" loading=\"lazy\" width=\"1024\" height=\"725\" data-id=\"7133\" src=\"https:\/\/semfronteiras.eu\/wp-content\/uploads\/2022\/06\/mineiros-1024x725.jpg\" alt=\"\" class=\"wp-image-7133\" srcset=\"https:\/\/nsf.pt\/wp-content\/uploads\/2022\/06\/mineiros-1024x725.jpg 1024w, https:\/\/nsf.pt\/wp-content\/uploads\/2022\/06\/mineiros-300x213.jpg 300w, https:\/\/nsf.pt\/wp-content\/uploads\/2022\/06\/mineiros-768x544.jpg 768w, https:\/\/nsf.pt\/wp-content\/uploads\/2022\/06\/mineiros.jpg 1111w\" sizes=\"(max-width: 1024px) 100vw, 1024px\" \/><\/figure>\n\n\n\n<figure class=\"wp-block-image size-large is-style-default\"><img decoding=\"async\" loading=\"lazy\" width=\"1024\" height=\"416\" data-id=\"7134\" src=\"https:\/\/semfronteiras.eu\/wp-content\/uploads\/2022\/06\/complexo-mineirp-1024x416.jpg\" alt=\"\" class=\"wp-image-7134\" srcset=\"https:\/\/nsf.pt\/wp-content\/uploads\/2022\/06\/complexo-mineirp-1024x416.jpg 1024w, https:\/\/nsf.pt\/wp-content\/uploads\/2022\/06\/complexo-mineirp-300x122.jpg 300w, https:\/\/nsf.pt\/wp-content\/uploads\/2022\/06\/complexo-mineirp-768x312.jpg 768w, https:\/\/nsf.pt\/wp-content\/uploads\/2022\/06\/complexo-mineirp.jpg 1174w\" sizes=\"(max-width: 1024px) 100vw, 1024px\" \/><\/figure>\n<\/figure>\n\n\n\n<p>Na manh\u00e3 seguinte descemos por carreiros e caminhos de cabras at\u00e9 \u00e0 baia a uns 3 km de Labin. A inten\u00e7\u00e3o era conhecer alguma aldeia de pescadores que por ali tivesse sido implantada para retirar os benef\u00edcios do mar.<\/p>\n\n\n\n<p>No percurso trope\u00e7\u00e1mos em s\u00edmbolos religiosos e em santu\u00e1rios improvisados que nos remeteram para cren\u00e7as e devo\u00e7\u00f5es que podemos encontrar noutras paragens, em formas similares.<\/p>\n\n\n\n<p><\/p>\n\n\n\n<p><\/p>\n\n\n\n<figure class=\"wp-block-gallery has-nested-images columns-default is-cropped wp-block-gallery-5 is-layout-flex wp-block-gallery-is-layout-flex\">\n<figure class=\"wp-block-image size-large is-style-default\"><img decoding=\"async\" loading=\"lazy\" width=\"1024\" height=\"768\" data-id=\"7146\" src=\"https:\/\/semfronteiras.eu\/wp-content\/uploads\/2022\/06\/20220405_120607-1024x768.jpg\" alt=\"\" class=\"wp-image-7146\" srcset=\"https:\/\/nsf.pt\/wp-content\/uploads\/2022\/06\/20220405_120607-1024x768.jpg 1024w, https:\/\/nsf.pt\/wp-content\/uploads\/2022\/06\/20220405_120607-300x225.jpg 300w, https:\/\/nsf.pt\/wp-content\/uploads\/2022\/06\/20220405_120607-768x576.jpg 768w, https:\/\/nsf.pt\/wp-content\/uploads\/2022\/06\/20220405_120607-1536x1152.jpg 1536w, https:\/\/nsf.pt\/wp-content\/uploads\/2022\/06\/20220405_120607-2048x1536.jpg 2048w\" sizes=\"(max-width: 1024px) 100vw, 1024px\" \/><\/figure>\n\n\n\n<figure class=\"wp-block-image size-large is-style-default\"><img decoding=\"async\" loading=\"lazy\" width=\"1024\" height=\"768\" data-id=\"7142\" src=\"https:\/\/semfronteiras.eu\/wp-content\/uploads\/2022\/06\/20220405_120744-1024x768.jpg\" alt=\"\" class=\"wp-image-7142\" srcset=\"https:\/\/nsf.pt\/wp-content\/uploads\/2022\/06\/20220405_120744-1024x768.jpg 1024w, https:\/\/nsf.pt\/wp-content\/uploads\/2022\/06\/20220405_120744-300x225.jpg 300w, https:\/\/nsf.pt\/wp-content\/uploads\/2022\/06\/20220405_120744-768x576.jpg 768w, https:\/\/nsf.pt\/wp-content\/uploads\/2022\/06\/20220405_120744-1536x1152.jpg 1536w, https:\/\/nsf.pt\/wp-content\/uploads\/2022\/06\/20220405_120744-2048x1536.jpg 2048w\" sizes=\"(max-width: 1024px) 100vw, 1024px\" \/><\/figure>\n\n\n\n<figure class=\"wp-block-image size-large is-style-default\"><img decoding=\"async\" loading=\"lazy\" width=\"1024\" height=\"768\" data-id=\"7145\" src=\"https:\/\/semfronteiras.eu\/wp-content\/uploads\/2022\/06\/20220405_120720-1024x768.jpg\" alt=\"\" class=\"wp-image-7145\" srcset=\"https:\/\/nsf.pt\/wp-content\/uploads\/2022\/06\/20220405_120720-1024x768.jpg 1024w, https:\/\/nsf.pt\/wp-content\/uploads\/2022\/06\/20220405_120720-300x225.jpg 300w, https:\/\/nsf.pt\/wp-content\/uploads\/2022\/06\/20220405_120720-768x576.jpg 768w, https:\/\/nsf.pt\/wp-content\/uploads\/2022\/06\/20220405_120720-1536x1152.jpg 1536w, https:\/\/nsf.pt\/wp-content\/uploads\/2022\/06\/20220405_120720-2048x1536.jpg 2048w\" sizes=\"(max-width: 1024px) 100vw, 1024px\" \/><\/figure>\n<\/figure>\n\n\n\n<figure class=\"wp-block-gallery has-nested-images columns-default is-cropped wp-block-gallery-7 is-layout-flex wp-block-gallery-is-layout-flex\">\n<figure class=\"wp-block-image size-large is-style-default\"><img decoding=\"async\" loading=\"lazy\" width=\"1024\" height=\"768\" data-id=\"7137\" src=\"https:\/\/semfronteiras.eu\/wp-content\/uploads\/2022\/06\/20220405_115956-1024x768.jpg\" alt=\"\" class=\"wp-image-7137\" srcset=\"https:\/\/nsf.pt\/wp-content\/uploads\/2022\/06\/20220405_115956-1024x768.jpg 1024w, https:\/\/nsf.pt\/wp-content\/uploads\/2022\/06\/20220405_115956-300x225.jpg 300w, https:\/\/nsf.pt\/wp-content\/uploads\/2022\/06\/20220405_115956-768x576.jpg 768w, https:\/\/nsf.pt\/wp-content\/uploads\/2022\/06\/20220405_115956-1536x1152.jpg 1536w, https:\/\/nsf.pt\/wp-content\/uploads\/2022\/06\/20220405_115956-2048x1536.jpg 2048w\" sizes=\"(max-width: 1024px) 100vw, 1024px\" \/><\/figure>\n\n\n\n<figure class=\"wp-block-image size-large is-style-default\"><img decoding=\"async\" loading=\"lazy\" width=\"1024\" height=\"768\" data-id=\"7136\" src=\"https:\/\/semfronteiras.eu\/wp-content\/uploads\/2022\/06\/20220405_121044-1024x768.jpg\" alt=\"\" class=\"wp-image-7136\" srcset=\"https:\/\/nsf.pt\/wp-content\/uploads\/2022\/06\/20220405_121044-1024x768.jpg 1024w, https:\/\/nsf.pt\/wp-content\/uploads\/2022\/06\/20220405_121044-300x225.jpg 300w, https:\/\/nsf.pt\/wp-content\/uploads\/2022\/06\/20220405_121044-768x576.jpg 768w, https:\/\/nsf.pt\/wp-content\/uploads\/2022\/06\/20220405_121044-1536x1152.jpg 1536w, https:\/\/nsf.pt\/wp-content\/uploads\/2022\/06\/20220405_121044-2048x1536.jpg 2048w\" sizes=\"(max-width: 1024px) 100vw, 1024px\" \/><\/figure>\n\n\n\n<figure class=\"wp-block-image size-large is-style-default\"><img decoding=\"async\" loading=\"lazy\" width=\"1024\" height=\"768\" data-id=\"7138\" src=\"https:\/\/semfronteiras.eu\/wp-content\/uploads\/2022\/06\/20220405_123908-1024x768.jpg\" alt=\"\" class=\"wp-image-7138\" srcset=\"https:\/\/nsf.pt\/wp-content\/uploads\/2022\/06\/20220405_123908-1024x768.jpg 1024w, https:\/\/nsf.pt\/wp-content\/uploads\/2022\/06\/20220405_123908-300x225.jpg 300w, https:\/\/nsf.pt\/wp-content\/uploads\/2022\/06\/20220405_123908-768x576.jpg 768w, https:\/\/nsf.pt\/wp-content\/uploads\/2022\/06\/20220405_123908-1536x1152.jpg 1536w, https:\/\/nsf.pt\/wp-content\/uploads\/2022\/06\/20220405_123908-2048x1536.jpg 2048w\" sizes=\"(max-width: 1024px) 100vw, 1024px\" \/><\/figure>\n<\/figure>\n\n\n\n<figure class=\"wp-block-gallery has-nested-images columns-default is-cropped wp-block-gallery-9 is-layout-flex wp-block-gallery-is-layout-flex\">\n<figure class=\"wp-block-image size-large is-style-default\"><img decoding=\"async\" loading=\"lazy\" width=\"1024\" height=\"768\" data-id=\"7139\" src=\"https:\/\/semfronteiras.eu\/wp-content\/uploads\/2022\/06\/20220405_112022-1024x768.jpg\" alt=\"\" class=\"wp-image-7139\" srcset=\"https:\/\/nsf.pt\/wp-content\/uploads\/2022\/06\/20220405_112022-1024x768.jpg 1024w, https:\/\/nsf.pt\/wp-content\/uploads\/2022\/06\/20220405_112022-300x225.jpg 300w, https:\/\/nsf.pt\/wp-content\/uploads\/2022\/06\/20220405_112022-768x576.jpg 768w, https:\/\/nsf.pt\/wp-content\/uploads\/2022\/06\/20220405_112022-1536x1152.jpg 1536w, https:\/\/nsf.pt\/wp-content\/uploads\/2022\/06\/20220405_112022-2048x1536.jpg 2048w\" sizes=\"(max-width: 1024px) 100vw, 1024px\" \/><\/figure>\n\n\n\n<figure class=\"wp-block-image size-large is-style-default\"><img decoding=\"async\" loading=\"lazy\" width=\"1024\" height=\"768\" data-id=\"7140\" src=\"https:\/\/semfronteiras.eu\/wp-content\/uploads\/2022\/06\/20220405_113909-1024x768.jpg\" alt=\"\" class=\"wp-image-7140\" srcset=\"https:\/\/nsf.pt\/wp-content\/uploads\/2022\/06\/20220405_113909-1024x768.jpg 1024w, https:\/\/nsf.pt\/wp-content\/uploads\/2022\/06\/20220405_113909-300x225.jpg 300w, https:\/\/nsf.pt\/wp-content\/uploads\/2022\/06\/20220405_113909-768x576.jpg 768w, https:\/\/nsf.pt\/wp-content\/uploads\/2022\/06\/20220405_113909-1536x1152.jpg 1536w, https:\/\/nsf.pt\/wp-content\/uploads\/2022\/06\/20220405_113909-2048x1536.jpg 2048w\" sizes=\"(max-width: 1024px) 100vw, 1024px\" \/><\/figure>\n\n\n\n<figure class=\"wp-block-image size-large is-style-default\"><img decoding=\"async\" loading=\"lazy\" width=\"1024\" height=\"768\" data-id=\"7141\" src=\"https:\/\/semfronteiras.eu\/wp-content\/uploads\/2022\/06\/20220405_120655-1024x768.jpg\" alt=\"\" class=\"wp-image-7141\" srcset=\"https:\/\/nsf.pt\/wp-content\/uploads\/2022\/06\/20220405_120655-1024x768.jpg 1024w, https:\/\/nsf.pt\/wp-content\/uploads\/2022\/06\/20220405_120655-300x225.jpg 300w, https:\/\/nsf.pt\/wp-content\/uploads\/2022\/06\/20220405_120655-768x576.jpg 768w, https:\/\/nsf.pt\/wp-content\/uploads\/2022\/06\/20220405_120655-1536x1152.jpg 1536w, https:\/\/nsf.pt\/wp-content\/uploads\/2022\/06\/20220405_120655-2048x1536.jpg 2048w\" sizes=\"(max-width: 1024px) 100vw, 1024px\" \/><\/figure>\n<\/figure>\n\n\n\n<p>O regresso a Labin, frustrada a tentativa de encontrar os poveiros ou os nazarenos locais, recolocou-nos na rota dos mineiros e do seu passado de trabalho, de luta e de repress\u00e3o de que foram objeto ap\u00f3s a experi\u00eancia da Rep\u00fablica autogerida e autogestion\u00e1ria.<\/p>\n\n\n\n<p>Recordemos que ap\u00f3s o fim da Primeira Guerra Mundial, a It\u00e1lia recebeu as regi\u00f5es da \u00cdstria e partes da Dalm\u00e1cia em consequ\u00eancia do Tratado de Saint-Germain e come\u00e7ou a revitalizar e explorar o potencial econ\u00f3mico dos territ\u00f3rios ocupados.<\/p>\n\n\n\n<p><\/p>\n\n\n\n<h2 class=\"wp-block-heading\">Greve geral dos mineiros<\/h2>\n\n\n\n<p>Antes da Marcha de Mussolini em Roma na It\u00e1lia, bandos de fascistas ocuparam a sede do Comit\u00e9 Oper\u00e1rio em Trieste em 1921, incendiaram e atacaram representantes do Sindicato Mineiro de Ra\u0161a. Entretanto cerca de 2 mil mineiros avan\u00e7aram com uma greve geral.<\/p>\n\n\n\n<p>Uma das causas da greve foi a decis\u00e3o dos donos das minas de n\u00e3o pagarem a gratifica\u00e7\u00e3o de fevereiro de 1921, j\u00e1 que os mineiros haviam tirado um dia de f\u00e9rias para celebrar a Candel\u00e1ria no dia 2 de fevereiro, embora a administra\u00e7\u00e3o o tenha abolido como feriado. &#8220;Para os mineiros a Candel\u00e1ria era, a par da festa de Santa B\u00e1rbara, o dia mais importante porque o 2 de fevereiro simbolizava a luz&#8221;.<\/p>\n\n\n\n<p><\/p>\n\n\n\n<p><\/p>\n\n\n\n<figure class=\"wp-block-gallery has-nested-images columns-default is-cropped wp-block-gallery-11 is-layout-flex wp-block-gallery-is-layout-flex\">\n<figure class=\"wp-block-image size-large is-style-default\"><img decoding=\"async\" loading=\"lazy\" width=\"1024\" height=\"768\" data-id=\"7147\" src=\"https:\/\/semfronteiras.eu\/wp-content\/uploads\/2022\/06\/20220406_145722-1024x768.jpg\" alt=\"\" class=\"wp-image-7147\" srcset=\"https:\/\/nsf.pt\/wp-content\/uploads\/2022\/06\/20220406_145722-1024x768.jpg 1024w, https:\/\/nsf.pt\/wp-content\/uploads\/2022\/06\/20220406_145722-300x225.jpg 300w, https:\/\/nsf.pt\/wp-content\/uploads\/2022\/06\/20220406_145722-768x576.jpg 768w, https:\/\/nsf.pt\/wp-content\/uploads\/2022\/06\/20220406_145722-1536x1152.jpg 1536w, https:\/\/nsf.pt\/wp-content\/uploads\/2022\/06\/20220406_145722-2048x1536.jpg 2048w\" sizes=\"(max-width: 1024px) 100vw, 1024px\" \/><\/figure>\n<\/figure>\n\n\n\n<p>Os mineiros de ent\u00e3o tinham diferentes origens &#8211; croatas, eslovenos, italianos, alem\u00e3es, checos, eslovacos, polacos e h\u00fangaros. Eram liderados por Giovanni Pippan, enviado pelo Partido Socialista Italiano de Trieste. No entanto, em 1\u00ba de mar\u00e7o de 1921, Pippan foi raptado por um grupo de fascistas na esta\u00e7\u00e3o ferrovi\u00e1ria de Pazin, onde foi espancado. A not\u00edcia chegou a Labin no dia seguinte e em 3 de mar\u00e7o os mineiros se reuniram e decidiram ocupar a mina em resposta. Em coopera\u00e7\u00e3o com camponeses das \u00e1reas rurais mais pr\u00f3ximas, organizaram uma &#8220;guarda vermelha&#8221; para garantir a  seguran\u00e7a e manter a ordem.<\/p>\n\n\n\n<p><\/p>\n\n\n\n<h2 class=\"wp-block-heading\">Rep\u00fablica proclamada pelos mineiros<\/h2>\n\n\n\n<p>Os mineiros proclamaram a rep\u00fablica nas minas ocupadas em 7 de mar\u00e7o com o slogan Kova je nasa (&#8220;A mina \u00e9 nossa&#8221;). Organizaram um governo e a chamada Guarda Vermelha como prote\u00e7\u00e3o contra a aplica\u00e7\u00e3o da lei italiana e come\u00e7aram a gerir a produ\u00e7\u00e3o de minas por conta pr\u00f3pria com o apoio de agricultores.<\/p>\n\n\n\n<p><\/p>\n\n\n\n<p><\/p>\n\n\n\n<figure class=\"wp-block-gallery has-nested-images columns-default is-cropped wp-block-gallery-13 is-layout-flex wp-block-gallery-is-layout-flex\">\n<figure class=\"wp-block-image size-large is-style-default\"><img decoding=\"async\" loading=\"lazy\" width=\"659\" height=\"829\" data-id=\"7148\" src=\"https:\/\/semfronteiras.eu\/wp-content\/uploads\/2022\/06\/101-anos.jpg\" alt=\"\" class=\"wp-image-7148\" srcset=\"https:\/\/nsf.pt\/wp-content\/uploads\/2022\/06\/101-anos.jpg 659w, https:\/\/nsf.pt\/wp-content\/uploads\/2022\/06\/101-anos-238x300.jpg 238w\" sizes=\"(max-width: 659px) 100vw, 659px\" \/><\/figure>\n\n\n\n<figure class=\"wp-block-image size-large is-style-default\"><img decoding=\"async\" loading=\"lazy\" width=\"1024\" height=\"730\" data-id=\"7149\" src=\"https:\/\/semfronteiras.eu\/wp-content\/uploads\/2022\/06\/aniv-1024x730.jpg\" alt=\"\" class=\"wp-image-7149\" srcset=\"https:\/\/nsf.pt\/wp-content\/uploads\/2022\/06\/aniv-1024x730.jpg 1024w, https:\/\/nsf.pt\/wp-content\/uploads\/2022\/06\/aniv-300x214.jpg 300w, https:\/\/nsf.pt\/wp-content\/uploads\/2022\/06\/aniv-768x548.jpg 768w, https:\/\/nsf.pt\/wp-content\/uploads\/2022\/06\/aniv.jpg 1091w\" sizes=\"(max-width: 1024px) 100vw, 1024px\" \/><\/figure>\n\n\n\n<figure class=\"wp-block-image size-large is-style-default\"><img decoding=\"async\" loading=\"lazy\" width=\"846\" height=\"539\" data-id=\"7150\" src=\"https:\/\/semfronteiras.eu\/wp-content\/uploads\/2022\/06\/aniversario.jpg\" alt=\"\" class=\"wp-image-7150\" srcset=\"https:\/\/nsf.pt\/wp-content\/uploads\/2022\/06\/aniversario.jpg 846w, https:\/\/nsf.pt\/wp-content\/uploads\/2022\/06\/aniversario-300x191.jpg 300w, https:\/\/nsf.pt\/wp-content\/uploads\/2022\/06\/aniversario-768x489.jpg 768w\" sizes=\"(max-width: 846px) 100vw, 846px\" \/><\/figure>\n<\/figure>\n\n\n\n<p class=\"has-text-align-center\">Centen\u00e1rio da Rep\u00fablica de Labin<\/p>\n\n\n\n<p class=\"has-text-align-center\"><\/p>\n\n\n\n<p>Em 8 de abril de 1921, a administra\u00e7\u00e3o italiana instalada na pen\u00ednsula de \u00cdstria, respondendo aos pedidos de interven\u00e7\u00e3o dos propriet\u00e1rios das minas, decidiu suprimir a rep\u00fablica usando a for\u00e7a militar. Mil soldados cercaram a mina e conseguiram quebrar a forte resist\u00eancia dos mineiros. Os mineiros presos foram enviados para pris\u00f5es em Pula e Rovigno. A acusa\u00e7\u00e3o pretendeu condenar 52 mineiros em bloco mas n\u00e3o conseguiu e estes foram absolvidos.<\/p>\n\n\n\n<p><\/p>\n\n\n\n<figure class=\"wp-block-gallery has-nested-images columns-default is-cropped wp-block-gallery-15 is-layout-flex wp-block-gallery-is-layout-flex\">\n<figure class=\"wp-block-image size-large is-style-default\"><img decoding=\"async\" loading=\"lazy\" width=\"1024\" height=\"491\" data-id=\"7158\" src=\"https:\/\/semfronteiras.eu\/wp-content\/uploads\/2022\/06\/giuseppina-1-1024x491.jpg\" alt=\"\" class=\"wp-image-7158\" srcset=\"https:\/\/nsf.pt\/wp-content\/uploads\/2022\/06\/giuseppina-1-1024x491.jpg 1024w, https:\/\/nsf.pt\/wp-content\/uploads\/2022\/06\/giuseppina-1-300x144.jpg 300w, https:\/\/nsf.pt\/wp-content\/uploads\/2022\/06\/giuseppina-1-768x368.jpg 768w, https:\/\/nsf.pt\/wp-content\/uploads\/2022\/06\/giuseppina-1.jpg 1033w\" sizes=\"(max-width: 1024px) 100vw, 1024px\" \/><\/figure>\n<\/figure>\n\n\n\n<figure class=\"wp-block-gallery has-nested-images columns-default is-cropped wp-block-gallery-17 is-layout-flex wp-block-gallery-is-layout-flex\">\n<figure class=\"wp-block-image size-large is-style-default\"><img decoding=\"async\" loading=\"lazy\" width=\"1024\" height=\"644\" data-id=\"7155\" src=\"https:\/\/semfronteiras.eu\/wp-content\/uploads\/2022\/06\/paredes-que-falam-1024x644.jpg\" alt=\"\" class=\"wp-image-7155\" srcset=\"https:\/\/nsf.pt\/wp-content\/uploads\/2022\/06\/paredes-que-falam-1024x644.jpg 1024w, https:\/\/nsf.pt\/wp-content\/uploads\/2022\/06\/paredes-que-falam-300x189.jpg 300w, https:\/\/nsf.pt\/wp-content\/uploads\/2022\/06\/paredes-que-falam-768x483.jpg 768w, https:\/\/nsf.pt\/wp-content\/uploads\/2022\/06\/paredes-que-falam-540x340.jpg 540w, https:\/\/nsf.pt\/wp-content\/uploads\/2022\/06\/paredes-que-falam.jpg 1181w\" sizes=\"(max-width: 1024px) 100vw, 1024px\" \/><\/figure>\n\n\n\n<figure class=\"wp-block-image size-large is-style-default\"><img decoding=\"async\" loading=\"lazy\" width=\"1024\" height=\"632\" data-id=\"7154\" src=\"https:\/\/semfronteiras.eu\/wp-content\/uploads\/2022\/06\/paredes-quefalam2-1024x632.jpg\" alt=\"\" class=\"wp-image-7154\" srcset=\"https:\/\/nsf.pt\/wp-content\/uploads\/2022\/06\/paredes-quefalam2-1024x632.jpg 1024w, https:\/\/nsf.pt\/wp-content\/uploads\/2022\/06\/paredes-quefalam2-300x185.jpg 300w, https:\/\/nsf.pt\/wp-content\/uploads\/2022\/06\/paredes-quefalam2-768x474.jpg 768w, https:\/\/nsf.pt\/wp-content\/uploads\/2022\/06\/paredes-quefalam2.jpg 1107w\" sizes=\"(max-width: 1024px) 100vw, 1024px\" \/><\/figure>\n\n\n\n<figure class=\"wp-block-image size-large is-style-default\"><img decoding=\"async\" loading=\"lazy\" width=\"1024\" height=\"663\" data-id=\"7156\" src=\"https:\/\/semfronteiras.eu\/wp-content\/uploads\/2022\/06\/rep-hoje-1024x663.jpg\" alt=\"\" class=\"wp-image-7156\" srcset=\"https:\/\/nsf.pt\/wp-content\/uploads\/2022\/06\/rep-hoje-1024x663.jpg 1024w, https:\/\/nsf.pt\/wp-content\/uploads\/2022\/06\/rep-hoje-300x194.jpg 300w, https:\/\/nsf.pt\/wp-content\/uploads\/2022\/06\/rep-hoje-768x497.jpg 768w, https:\/\/nsf.pt\/wp-content\/uploads\/2022\/06\/rep-hoje.jpg 1165w\" sizes=\"(max-width: 1024px) 100vw, 1024px\" \/><\/figure>\n<\/figure>\n\n\n\n<p><\/p>\n\n\n\n<h2 class=\"wp-block-heading\">CENEMA | Filme CRVENI | CRNI 1965<\/h2>\n\n\n\n<p>Para apaixonados por cinema aqui fica um filme realizado em 1985 sobre a Rep\u00fablica de Labin (sem legendas, nem dobragem).<\/p>\n\n\n\n<p>Fotos \u00a9 Carlos Ribeiro\/CaixaMedia<\/p>\n\n\n\n<p>ARTIGO inserido no plano de Comunica\u00e7\u00e3o do <a href=\"https:\/\/www.facebook.com\/PeopleProjectEfC\">Projeto PEOPLE<\/a> apoiado e co-financiado pelo Programa Europa para os Cidad\u00e3os.<\/p>\n\n\n\n<figure class=\"wp-block-embed is-type-video is-provider-youtube wp-block-embed-youtube wp-embed-aspect-4-3 wp-has-aspect-ratio\"><div class=\"wp-block-embed__wrapper\">\n<iframe loading=\"lazy\" title=\"Crveni I Crni 1985\" width=\"640\" height=\"480\" src=\"https:\/\/www.youtube.com\/embed\/o74y2iD7QQw?feature=oembed\" frameborder=\"0\" allow=\"accelerometer; autoplay; clipboard-write; encrypted-media; gyroscope; picture-in-picture\" allowfullscreen><\/iframe>\n<\/div><\/figure>\n","protected":false},"excerpt":{"rendered":"<p>EUROPA PARA OS CIDAD\u00c3OS | Projeto europeu PEOPLE | LABIN Em Labin, na Cro\u00e1cia na&#8230;<\/p>\n","protected":false},"author":2,"featured_media":7159,"comment_status":"open","ping_status":"open","sticky":true,"template":"","format":"standard","meta":{"sfsi_plus_gutenberg_text_before_share":"","sfsi_plus_gutenberg_show_text_before_share":"","sfsi_plus_gutenberg_icon_type":"","sfsi_plus_gutenberg_icon_alignemt":"","sfsi_plus_gutenburg_max_per_row":"","ngg_post_thumbnail":0,"footnotes":""},"categories":[238,174,236],"tags":[360],"featured_image_urls":{"full":["https:\/\/nsf.pt\/wp-content\/uploads\/2022\/06\/complexo-mimeirow.jpg",1103,506,false],"thumbnail":["https:\/\/nsf.pt\/wp-content\/uploads\/2022\/06\/complexo-mimeirow-150x150.jpg",150,150,true],"medium":["https:\/\/nsf.pt\/wp-content\/uploads\/2022\/06\/complexo-mimeirow-300x138.jpg",300,138,true],"medium_large":["https:\/\/nsf.pt\/wp-content\/uploads\/2022\/06\/complexo-mimeirow-768x352.jpg",640,293,true],"large":["https:\/\/nsf.pt\/wp-content\/uploads\/2022\/06\/complexo-mimeirow-1024x470.jpg",640,294,true],"1536x1536":["https:\/\/nsf.pt\/wp-content\/uploads\/2022\/06\/complexo-mimeirow.jpg",1103,506,false],"2048x2048":["https:\/\/nsf.pt\/wp-content\/uploads\/2022\/06\/complexo-mimeirow.jpg",1103,506,false],"covernews-slider-full":["https:\/\/nsf.pt\/wp-content\/uploads\/2022\/06\/complexo-mimeirow.jpg",1103,506,false],"covernews-slider-center":["https:\/\/nsf.pt\/wp-content\/uploads\/2022\/06\/complexo-mimeirow-800x500.jpg",800,500,true],"covernews-featured":["https:\/\/nsf.pt\/wp-content\/uploads\/2022\/06\/complexo-mimeirow-1024x470.jpg",1024,470,true],"covernews-medium":["https:\/\/nsf.pt\/wp-content\/uploads\/2022\/06\/complexo-mimeirow-540x340.jpg",540,340,true],"covernews-medium-square":["https:\/\/nsf.pt\/wp-content\/uploads\/2022\/06\/complexo-mimeirow-400x250.jpg",400,250,true]},"author_info":{"info":["Carlos Ribeiro"]},"category_info":"<a href=\"http:\/\/nsf.pt\/index.php\/category\/destaque\/\" rel=\"category tag\">DESTAQUE<\/a> <a href=\"http:\/\/nsf.pt\/index.php\/category\/especial-sf\/dossies\/\" rel=\"category tag\">DOSSI\u00caS<\/a> <a href=\"http:\/\/nsf.pt\/index.php\/category\/mundo\/\" rel=\"category tag\">MUNDO<\/a>","tag_info":"MUNDO","comment_count":"0","_links":{"self":[{"href":"http:\/\/nsf.pt\/index.php\/wp-json\/wp\/v2\/posts\/7131"}],"collection":[{"href":"http:\/\/nsf.pt\/index.php\/wp-json\/wp\/v2\/posts"}],"about":[{"href":"http:\/\/nsf.pt\/index.php\/wp-json\/wp\/v2\/types\/post"}],"author":[{"embeddable":true,"href":"http:\/\/nsf.pt\/index.php\/wp-json\/wp\/v2\/users\/2"}],"replies":[{"embeddable":true,"href":"http:\/\/nsf.pt\/index.php\/wp-json\/wp\/v2\/comments?post=7131"}],"version-history":[{"count":9,"href":"http:\/\/nsf.pt\/index.php\/wp-json\/wp\/v2\/posts\/7131\/revisions"}],"predecessor-version":[{"id":7255,"href":"http:\/\/nsf.pt\/index.php\/wp-json\/wp\/v2\/posts\/7131\/revisions\/7255"}],"wp:featuredmedia":[{"embeddable":true,"href":"http:\/\/nsf.pt\/index.php\/wp-json\/wp\/v2\/media\/7159"}],"wp:attachment":[{"href":"http:\/\/nsf.pt\/index.php\/wp-json\/wp\/v2\/media?parent=7131"}],"wp:term":[{"taxonomy":"category","embeddable":true,"href":"http:\/\/nsf.pt\/index.php\/wp-json\/wp\/v2\/categories?post=7131"},{"taxonomy":"post_tag","embeddable":true,"href":"http:\/\/nsf.pt\/index.php\/wp-json\/wp\/v2\/tags?post=7131"}],"curies":[{"name":"wp","href":"https:\/\/api.w.org\/{rel}","templated":true}]}}