{"id":7265,"date":"2022-07-03T15:26:35","date_gmt":"2022-07-03T15:26:35","guid":{"rendered":"https:\/\/semfronteiras.eu\/?p=7265"},"modified":"2022-07-20T21:27:29","modified_gmt":"2022-07-20T21:27:29","slug":"no-pais-das-aguias","status":"publish","type":"post","link":"http:\/\/nsf.pt\/index.php\/2022\/07\/03\/no-pais-das-aguias\/","title":{"rendered":"No pa\u00eds das \u00e1guias"},"content":{"rendered":"\n<p><mark style=\"background-color:rgba(0, 0, 0, 0)\" class=\"has-inline-color has-vivid-red-color\"><strong>MUNDO<\/strong> <\/mark>| DOSSI\u00ca Alb\u00e2nia Hoje &#8211; 3 de julho 2022 | REPORTAGEM SF \u00a9<a href=\"https:\/\/www.facebook.com\/carlosvalentimribeiro\/\">carlosribeiro<\/a><\/p>\n\n\n\n<p>Quando pous\u00e1mos os p\u00e9s no aeroporto de Tirana, no passado dia 20 de junho ao fim da tarde, n\u00e3o deix\u00e1mos de sentir as sensa\u00e7\u00f5es paradoxais do prazer e da incerteza. N\u00e3o sab\u00edamos o que nos esperava. Uma coisa era certa, o novo aeroporto da capital albanesa nada tinha a ver com a pobre infraestrutura  aeroportu\u00e1ria que reivindicava esse estatuto h\u00e1 50 anos atr\u00e1s. A Alb\u00e2nia mudou e luta desesperadamente para mudar ainda mais. Ser membro da Uni\u00e3o Europeia tornou-se uma causa nacional.<\/p>\n\n\n\n<p><\/p>\n\n\n\n<figure class=\"wp-block-gallery has-nested-images columns-default is-cropped wp-block-gallery-1 is-layout-flex wp-block-gallery-is-layout-flex\">\n<figure class=\"wp-block-image size-large is-style-default\"><img decoding=\"async\" loading=\"lazy\" width=\"1024\" height=\"768\" data-id=\"7282\" src=\"https:\/\/semfronteiras.eu\/wp-content\/uploads\/2022\/07\/20220620_192051-1-1024x768.jpg\" alt=\"\" class=\"wp-image-7282\" srcset=\"https:\/\/nsf.pt\/wp-content\/uploads\/2022\/07\/20220620_192051-1-1024x768.jpg 1024w, https:\/\/nsf.pt\/wp-content\/uploads\/2022\/07\/20220620_192051-1-300x225.jpg 300w, https:\/\/nsf.pt\/wp-content\/uploads\/2022\/07\/20220620_192051-1-768x576.jpg 768w, https:\/\/nsf.pt\/wp-content\/uploads\/2022\/07\/20220620_192051-1-1536x1152.jpg 1536w, https:\/\/nsf.pt\/wp-content\/uploads\/2022\/07\/20220620_192051-1-2048x1536.jpg 2048w\" sizes=\"(max-width: 1024px) 100vw, 1024px\" \/><\/figure>\n\n\n\n<figure class=\"wp-block-image size-large is-style-default\"><img decoding=\"async\" loading=\"lazy\" width=\"1024\" height=\"768\" data-id=\"7270\" src=\"https:\/\/semfronteiras.eu\/wp-content\/uploads\/2022\/07\/20220620_173206-1024x768.jpg\" alt=\"\" class=\"wp-image-7270\" srcset=\"https:\/\/nsf.pt\/wp-content\/uploads\/2022\/07\/20220620_173206-1024x768.jpg 1024w, https:\/\/nsf.pt\/wp-content\/uploads\/2022\/07\/20220620_173206-300x225.jpg 300w, https:\/\/nsf.pt\/wp-content\/uploads\/2022\/07\/20220620_173206-768x576.jpg 768w, https:\/\/nsf.pt\/wp-content\/uploads\/2022\/07\/20220620_173206-1536x1152.jpg 1536w, https:\/\/nsf.pt\/wp-content\/uploads\/2022\/07\/20220620_173206-2048x1536.jpg 2048w\" sizes=\"(max-width: 1024px) 100vw, 1024px\" \/><\/figure>\n<\/figure>\n\n\n\n<p>A viatura que nos conduziu ao centro da cidade, um confort\u00e1vel taxi amarelo de marca alem\u00e3, constituiu  aos nossos olhos, desde logo, um primeiro sinal das mudan\u00e7as profundas que ir\u00edamos observar no centro cosmopolita de Tirana. O velho Fiat 125 dos anos 70, como refer\u00eancia do carro de luxo, estava bem ultrapassada.<\/p>\n\n\n\n<p>A nossa miss\u00e3o, do Joaquim Nunes, diretor da AEP61-74-Associa\u00e7\u00e3o de Exilados Pol\u00edticos Portugueses, e minha, como coordenador do projeto europeu PEOPLE, iria levar-nos a Escodra (Shkoder), no norte do pa\u00eds, junto \u00e0 fronteira com Montenegro. Mas antes de nos lan\u00e7armos \u00e0 estrada,  numa viagem atrav\u00e9s do pa\u00eds das \u00e1guias, descemos ao cora\u00e7\u00e3o da nova Tirana. <\/p>\n\n\n\n<p><\/p>\n\n\n\n<h2 class=\"wp-block-heading\">O multibanco<\/h2>\n\n\n\n<p>No hotel foi-nos negado o pagamento com cart\u00e3o banc\u00e1rio e a procura de um multibanco tornou-se a nossa primeira meta na \u00e1rea central da cidade. Quando sa\u00edmos da rua estreita e cruz\u00e1mos a primeira avenida uma estrutura urbana, com edifica\u00e7\u00f5es modernas, com caf\u00e9s, restaurantes, esplanadas, centros comerciais e com todos as restantes componentes da urbe cosmopolita, invadiu o nosso olhar de forma surpreendente.  A nova Tirana estava a\u00ed. <\/p>\n\n\n\n<p>No centro comercial, com os seus n\u00e9ons e luzes intermin\u00e1veis, pedimos apoio a um profissional da restaura\u00e7\u00e3o e bebidas para localizar o equipamento para opera\u00e7\u00f5es banc\u00e1rias r\u00e1pidas e autogeridas. Este incontorn\u00e1vel s\u00edmbolo do sistema banc\u00e1rio sem rosto humano, que oferece um servi\u00e7o de elevada qualidade mas que representa ao mesmo tempo o capital financeiro que decide em muitas circunst\u00e2ncias o rumo das nossas vidas, estava ali, com indica\u00e7\u00f5es em todas as l\u00ednguas e com a possibilidade de serem retirados leques e euros. Joaquim sorriu. Sem dizer palavras pens\u00e1mos &#8220;nunca poder\u00edamos ter imaginado!&#8221;. Eh oui.<\/p>\n\n\n\n<figure class=\"wp-block-gallery has-nested-images columns-default is-cropped wp-block-gallery-3 is-layout-flex wp-block-gallery-is-layout-flex\">\n<figure class=\"wp-block-image size-large is-style-default\"><img decoding=\"async\" loading=\"lazy\" width=\"1024\" height=\"768\" data-id=\"7271\" src=\"https:\/\/semfronteiras.eu\/wp-content\/uploads\/2022\/07\/20220620_203108-1024x768.jpg\" alt=\"\" class=\"wp-image-7271\" srcset=\"https:\/\/nsf.pt\/wp-content\/uploads\/2022\/07\/20220620_203108-1024x768.jpg 1024w, https:\/\/nsf.pt\/wp-content\/uploads\/2022\/07\/20220620_203108-300x225.jpg 300w, https:\/\/nsf.pt\/wp-content\/uploads\/2022\/07\/20220620_203108-768x576.jpg 768w, https:\/\/nsf.pt\/wp-content\/uploads\/2022\/07\/20220620_203108-1536x1152.jpg 1536w, https:\/\/nsf.pt\/wp-content\/uploads\/2022\/07\/20220620_203108-2048x1536.jpg 2048w\" sizes=\"(max-width: 1024px) 100vw, 1024px\" \/><\/figure>\n\n\n\n<figure class=\"wp-block-image size-large is-style-default\"><img decoding=\"async\" loading=\"lazy\" width=\"1024\" height=\"768\" data-id=\"7273\" src=\"https:\/\/semfronteiras.eu\/wp-content\/uploads\/2022\/07\/20220620_203314-1024x768.jpg\" alt=\"\" class=\"wp-image-7273\" srcset=\"https:\/\/nsf.pt\/wp-content\/uploads\/2022\/07\/20220620_203314-1024x768.jpg 1024w, https:\/\/nsf.pt\/wp-content\/uploads\/2022\/07\/20220620_203314-300x225.jpg 300w, https:\/\/nsf.pt\/wp-content\/uploads\/2022\/07\/20220620_203314-768x576.jpg 768w, https:\/\/nsf.pt\/wp-content\/uploads\/2022\/07\/20220620_203314-1536x1152.jpg 1536w, https:\/\/nsf.pt\/wp-content\/uploads\/2022\/07\/20220620_203314-2048x1536.jpg 2048w\" sizes=\"(max-width: 1024px) 100vw, 1024px\" \/><\/figure>\n<\/figure>\n\n\n\n<h2 class=\"wp-block-heading\">Pra\u00e7a Skanderberg<\/h2>\n\n\n\n<p>Quando demos os primeiros passos nas lajes da imponente pra\u00e7a n\u00e3o nos apercebemos de imediato que pequenos fluxos de \u00e1guas rebeldes corriam aqui e acol\u00e1 e tornavam involuntariamente, em zonas laterais, a pra\u00e7a seca no seu inverso. O nosso ponto de mira era a est\u00e1tua de Skanderberg e a nossa varredura visual alinhava-se pelos edif\u00edcios p\u00f3s-modernos, constru\u00eddos ou em constru\u00e7\u00e3o, que rivalizavam com as \u00e1reas mais audazes das Torres de Lisboa ou das Amoreiras.<\/p>\n\n\n\n<p>Skanderberg, impass\u00edvel no alto do seu enorme pedestral, mantinha a sua postura guerreira de chefe militar e de unificador de todas as Alb\u00e2nias. O \u00fanico her\u00f3i consensual dos albaneses, os anti turco-otomanos, os anti-nazis, os anti-gregos, os anti-capitalistas, os anti-pta\/enver hoxja, todos se rev\u00eaem nesta figura lend\u00e1ria que domina a pra\u00e7a e que polariza o orgulho deste povo das montanhas que habita principalmente a faixa litoral do pa\u00eds.<\/p>\n\n\n\n<p><\/p>\n\n\n\n<figure class=\"wp-block-gallery has-nested-images columns-default is-cropped wp-block-gallery-5 is-layout-flex wp-block-gallery-is-layout-flex\">\n<figure class=\"wp-block-image size-large is-style-default\"><img decoding=\"async\" loading=\"lazy\" width=\"1024\" height=\"768\" data-id=\"7274\" src=\"https:\/\/semfronteiras.eu\/wp-content\/uploads\/2022\/07\/20220621_085834-1024x768.jpg\" alt=\"\" class=\"wp-image-7274\" srcset=\"https:\/\/nsf.pt\/wp-content\/uploads\/2022\/07\/20220621_085834-1024x768.jpg 1024w, https:\/\/nsf.pt\/wp-content\/uploads\/2022\/07\/20220621_085834-300x225.jpg 300w, https:\/\/nsf.pt\/wp-content\/uploads\/2022\/07\/20220621_085834-768x576.jpg 768w, https:\/\/nsf.pt\/wp-content\/uploads\/2022\/07\/20220621_085834-1536x1152.jpg 1536w, https:\/\/nsf.pt\/wp-content\/uploads\/2022\/07\/20220621_085834-2048x1536.jpg 2048w\" sizes=\"(max-width: 1024px) 100vw, 1024px\" \/><\/figure>\n\n\n\n<figure class=\"wp-block-image size-large is-style-default\"><img decoding=\"async\" loading=\"lazy\" width=\"1024\" height=\"768\" data-id=\"7276\" src=\"https:\/\/semfronteiras.eu\/wp-content\/uploads\/2022\/07\/20220621_090130-1024x768.jpg\" alt=\"\" class=\"wp-image-7276\" srcset=\"https:\/\/nsf.pt\/wp-content\/uploads\/2022\/07\/20220621_090130-1024x768.jpg 1024w, https:\/\/nsf.pt\/wp-content\/uploads\/2022\/07\/20220621_090130-300x225.jpg 300w, https:\/\/nsf.pt\/wp-content\/uploads\/2022\/07\/20220621_090130-768x576.jpg 768w, https:\/\/nsf.pt\/wp-content\/uploads\/2022\/07\/20220621_090130-1536x1152.jpg 1536w, https:\/\/nsf.pt\/wp-content\/uploads\/2022\/07\/20220621_090130-2048x1536.jpg 2048w\" sizes=\"(max-width: 1024px) 100vw, 1024px\" \/><\/figure>\n<\/figure>\n\n\n\n<figure class=\"wp-block-gallery has-nested-images columns-default is-cropped wp-block-gallery-7 is-layout-flex wp-block-gallery-is-layout-flex\">\n<figure class=\"wp-block-image size-large is-style-default\"><img decoding=\"async\" loading=\"lazy\" width=\"1024\" height=\"768\" data-id=\"7284\" src=\"https:\/\/semfronteiras.eu\/wp-content\/uploads\/2022\/07\/20220621_093430-1024x768.jpg\" alt=\"\" class=\"wp-image-7284\" srcset=\"https:\/\/nsf.pt\/wp-content\/uploads\/2022\/07\/20220621_093430-1024x768.jpg 1024w, https:\/\/nsf.pt\/wp-content\/uploads\/2022\/07\/20220621_093430-300x225.jpg 300w, https:\/\/nsf.pt\/wp-content\/uploads\/2022\/07\/20220621_093430-768x576.jpg 768w, https:\/\/nsf.pt\/wp-content\/uploads\/2022\/07\/20220621_093430-1536x1152.jpg 1536w, https:\/\/nsf.pt\/wp-content\/uploads\/2022\/07\/20220621_093430-2048x1536.jpg 2048w\" sizes=\"(max-width: 1024px) 100vw, 1024px\" \/><\/figure>\n\n\n\n<figure class=\"wp-block-image size-large is-style-default\"><img decoding=\"async\" loading=\"lazy\" width=\"1024\" height=\"768\" data-id=\"7283\" src=\"https:\/\/semfronteiras.eu\/wp-content\/uploads\/2022\/07\/20220621_085409-1024x768.jpg\" alt=\"\" class=\"wp-image-7283\" srcset=\"https:\/\/nsf.pt\/wp-content\/uploads\/2022\/07\/20220621_085409-1024x768.jpg 1024w, https:\/\/nsf.pt\/wp-content\/uploads\/2022\/07\/20220621_085409-300x225.jpg 300w, https:\/\/nsf.pt\/wp-content\/uploads\/2022\/07\/20220621_085409-768x576.jpg 768w, https:\/\/nsf.pt\/wp-content\/uploads\/2022\/07\/20220621_085409-1536x1152.jpg 1536w, https:\/\/nsf.pt\/wp-content\/uploads\/2022\/07\/20220621_085409-2048x1536.jpg 2048w\" sizes=\"(max-width: 1024px) 100vw, 1024px\" \/><\/figure>\n<\/figure>\n\n\n\n<h2 class=\"wp-block-heading\">Kadar\u00e9<\/h2>\n\n\n\n<p>Ainda na pra\u00e7a fomos puxados pelo \u00edman dos livros e entr\u00e1mos na livraria Adrion. Aqui manda Ismail Kadar\u00e9. A sua presen\u00e7a \u00e9 dominante e a aposta da sua editora de tornar o escritor alban\u00eas que se exilou em Fran\u00e7a em 1990 no principal e quase \u00fanico autor alban\u00eas global surge como evidente, pelo menos em termos comerciais. A par de Kadar\u00e9 notam-se novas publica\u00e7\u00f5es no romance e na an\u00e1lise hist\u00f3rico-pol\u00edtica, mas ainda com presen\u00e7as muito t\u00edmidas nos escaparates.<\/p>\n\n\n\n<p>Um contacto mais prolongado com as profissionais da loja no momento da embalagem das ch\u00e1venas de caf\u00e9 vermelhas com a \u00e1guia preta com duas cabe\u00e7as revelou-nos o que se seguiria em termos de simpatia e de bom acolhimento por parte dos albaneses e das albanesas com os quais nos ir\u00edamos cruzar nos dias seguintes. <\/p>\n\n\n\n<p><\/p>\n\n\n\n<figure class=\"wp-block-gallery has-nested-images columns-default is-cropped wp-block-gallery-9 is-layout-flex wp-block-gallery-is-layout-flex\">\n<figure class=\"wp-block-image size-large is-style-default\"><img decoding=\"async\" loading=\"lazy\" width=\"1024\" height=\"768\" data-id=\"7279\" src=\"https:\/\/semfronteiras.eu\/wp-content\/uploads\/2022\/07\/20220621_090218-1024x768.jpg\" alt=\"\" class=\"wp-image-7279\" srcset=\"https:\/\/nsf.pt\/wp-content\/uploads\/2022\/07\/20220621_090218-1024x768.jpg 1024w, https:\/\/nsf.pt\/wp-content\/uploads\/2022\/07\/20220621_090218-300x225.jpg 300w, https:\/\/nsf.pt\/wp-content\/uploads\/2022\/07\/20220621_090218-768x576.jpg 768w, https:\/\/nsf.pt\/wp-content\/uploads\/2022\/07\/20220621_090218-1536x1152.jpg 1536w, https:\/\/nsf.pt\/wp-content\/uploads\/2022\/07\/20220621_090218-2048x1536.jpg 2048w\" sizes=\"(max-width: 1024px) 100vw, 1024px\" \/><\/figure>\n\n\n\n<figure class=\"wp-block-image size-large is-style-default\"><img decoding=\"async\" loading=\"lazy\" width=\"1024\" height=\"768\" data-id=\"7277\" src=\"https:\/\/semfronteiras.eu\/wp-content\/uploads\/2022\/07\/20220621_090328-1024x768.jpg\" alt=\"\" class=\"wp-image-7277\" srcset=\"https:\/\/nsf.pt\/wp-content\/uploads\/2022\/07\/20220621_090328-1024x768.jpg 1024w, https:\/\/nsf.pt\/wp-content\/uploads\/2022\/07\/20220621_090328-300x225.jpg 300w, https:\/\/nsf.pt\/wp-content\/uploads\/2022\/07\/20220621_090328-768x576.jpg 768w, https:\/\/nsf.pt\/wp-content\/uploads\/2022\/07\/20220621_090328-1536x1152.jpg 1536w, https:\/\/nsf.pt\/wp-content\/uploads\/2022\/07\/20220621_090328-2048x1536.jpg 2048w\" sizes=\"(max-width: 1024px) 100vw, 1024px\" \/><\/figure>\n\n\n\n<figure class=\"wp-block-image size-large is-style-default\"><img decoding=\"async\" loading=\"lazy\" width=\"1024\" height=\"768\" data-id=\"7278\" src=\"https:\/\/semfronteiras.eu\/wp-content\/uploads\/2022\/07\/20220621_090511-1024x768.jpg\" alt=\"\" class=\"wp-image-7278\" srcset=\"https:\/\/nsf.pt\/wp-content\/uploads\/2022\/07\/20220621_090511-1024x768.jpg 1024w, https:\/\/nsf.pt\/wp-content\/uploads\/2022\/07\/20220621_090511-300x225.jpg 300w, https:\/\/nsf.pt\/wp-content\/uploads\/2022\/07\/20220621_090511-768x576.jpg 768w, https:\/\/nsf.pt\/wp-content\/uploads\/2022\/07\/20220621_090511-1536x1152.jpg 1536w, https:\/\/nsf.pt\/wp-content\/uploads\/2022\/07\/20220621_090511-2048x1536.jpg 2048w\" sizes=\"(max-width: 1024px) 100vw, 1024px\" \/><\/figure>\n<\/figure>\n\n\n\n<figure class=\"wp-block-gallery has-nested-images columns-default is-cropped wp-block-gallery-11 is-layout-flex wp-block-gallery-is-layout-flex\">\n<figure class=\"wp-block-image size-large is-style-default\"><img decoding=\"async\" loading=\"lazy\" width=\"1024\" height=\"768\" data-id=\"7281\" src=\"https:\/\/semfronteiras.eu\/wp-content\/uploads\/2022\/07\/20220621_090529-1024x768.jpg\" alt=\"\" class=\"wp-image-7281\" srcset=\"https:\/\/nsf.pt\/wp-content\/uploads\/2022\/07\/20220621_090529-1024x768.jpg 1024w, https:\/\/nsf.pt\/wp-content\/uploads\/2022\/07\/20220621_090529-300x225.jpg 300w, https:\/\/nsf.pt\/wp-content\/uploads\/2022\/07\/20220621_090529-768x576.jpg 768w, https:\/\/nsf.pt\/wp-content\/uploads\/2022\/07\/20220621_090529-1536x1152.jpg 1536w, https:\/\/nsf.pt\/wp-content\/uploads\/2022\/07\/20220621_090529-2048x1536.jpg 2048w\" sizes=\"(max-width: 1024px) 100vw, 1024px\" \/><\/figure>\n\n\n\n<figure class=\"wp-block-image size-large is-style-default\"><img decoding=\"async\" loading=\"lazy\" width=\"1024\" height=\"768\" data-id=\"7280\" src=\"https:\/\/semfronteiras.eu\/wp-content\/uploads\/2022\/07\/20220621_091738-1024x768.jpg\" alt=\"\" class=\"wp-image-7280\" srcset=\"https:\/\/nsf.pt\/wp-content\/uploads\/2022\/07\/20220621_091738-1024x768.jpg 1024w, https:\/\/nsf.pt\/wp-content\/uploads\/2022\/07\/20220621_091738-300x225.jpg 300w, https:\/\/nsf.pt\/wp-content\/uploads\/2022\/07\/20220621_091738-768x576.jpg 768w, https:\/\/nsf.pt\/wp-content\/uploads\/2022\/07\/20220621_091738-1536x1152.jpg 1536w, https:\/\/nsf.pt\/wp-content\/uploads\/2022\/07\/20220621_091738-2048x1536.jpg 2048w\" sizes=\"(max-width: 1024px) 100vw, 1024px\" \/><\/figure>\n<\/figure>\n\n\n\n<p><\/p>\n\n\n\n<p>Por mais que nos custasse, e porque o tempo n\u00e3o estica, Tirana ficava para tr\u00e1s.  Escodra j\u00e1 estava \u00e0 nossa espera.<\/p>\n\n\n\n<p>Fotos \u00a9 CR\/Caixamedia<\/p>\n\n\n\n<figure class=\"wp-block-image aligncenter size-full is-style-default\"><img decoding=\"async\" loading=\"lazy\" width=\"408\" height=\"377\" src=\"https:\/\/semfronteiras.eu\/wp-content\/uploads\/2022\/07\/crronda.jpg\" alt=\"\" class=\"wp-image-7285\" srcset=\"https:\/\/nsf.pt\/wp-content\/uploads\/2022\/07\/crronda.jpg 408w, https:\/\/nsf.pt\/wp-content\/uploads\/2022\/07\/crronda-300x277.jpg 300w\" sizes=\"(max-width: 408px) 100vw, 408px\" \/><figcaption><strong>Carlos Ribeiro<\/strong><\/figcaption><\/figure>\n","protected":false},"excerpt":{"rendered":"<p>MUNDO | DOSSI\u00ca Alb\u00e2nia Hoje &#8211; 3 de julho 2022 | REPORTAGEM SF \u00a9carlosribeiro Quando&#8230;<\/p>\n","protected":false},"author":2,"featured_media":7286,"comment_status":"open","ping_status":"open","sticky":true,"template":"","format":"standard","meta":{"sfsi_plus_gutenberg_text_before_share":"","sfsi_plus_gutenberg_show_text_before_share":"","sfsi_plus_gutenberg_icon_type":"","sfsi_plus_gutenberg_icon_alignemt":"","sfsi_plus_gutenburg_max_per_row":"","ngg_post_thumbnail":0,"footnotes":""},"categories":[377,238,236,317],"tags":[370],"featured_image_urls":{"full":["https:\/\/nsf.pt\/wp-content\/uploads\/2022\/07\/dah1.jpg",677,469,false],"thumbnail":["https:\/\/nsf.pt\/wp-content\/uploads\/2022\/07\/dah1-150x150.jpg",150,150,true],"medium":["https:\/\/nsf.pt\/wp-content\/uploads\/2022\/07\/dah1-300x208.jpg",300,208,true],"medium_large":["https:\/\/nsf.pt\/wp-content\/uploads\/2022\/07\/dah1.jpg",640,443,false],"large":["https:\/\/nsf.pt\/wp-content\/uploads\/2022\/07\/dah1.jpg",640,443,false],"1536x1536":["https:\/\/nsf.pt\/wp-content\/uploads\/2022\/07\/dah1.jpg",677,469,false],"2048x2048":["https:\/\/nsf.pt\/wp-content\/uploads\/2022\/07\/dah1.jpg",677,469,false],"covernews-slider-full":["https:\/\/nsf.pt\/wp-content\/uploads\/2022\/07\/dah1.jpg",677,469,false],"covernews-slider-center":["https:\/\/nsf.pt\/wp-content\/uploads\/2022\/07\/dah1.jpg",677,469,false],"covernews-featured":["https:\/\/nsf.pt\/wp-content\/uploads\/2022\/07\/dah1.jpg",677,469,false],"covernews-medium":["https:\/\/nsf.pt\/wp-content\/uploads\/2022\/07\/dah1-540x340.jpg",540,340,true],"covernews-medium-square":["https:\/\/nsf.pt\/wp-content\/uploads\/2022\/07\/dah1-400x250.jpg",400,250,true]},"author_info":{"info":["Carlos Ribeiro"]},"category_info":"<a href=\"http:\/\/nsf.pt\/index.php\/category\/albania-2022\/\" rel=\"category tag\">ALB\u00c2NIA 2022<\/a> <a href=\"http:\/\/nsf.pt\/index.php\/category\/destaque\/\" rel=\"category tag\">DESTAQUE<\/a> <a href=\"http:\/\/nsf.pt\/index.php\/category\/mundo\/\" rel=\"category tag\">MUNDO<\/a> <a href=\"http:\/\/nsf.pt\/index.php\/category\/noticias\/\" rel=\"category tag\">NOTICIAS<\/a>","tag_info":"NOTICIAS","comment_count":"0","_links":{"self":[{"href":"http:\/\/nsf.pt\/index.php\/wp-json\/wp\/v2\/posts\/7265"}],"collection":[{"href":"http:\/\/nsf.pt\/index.php\/wp-json\/wp\/v2\/posts"}],"about":[{"href":"http:\/\/nsf.pt\/index.php\/wp-json\/wp\/v2\/types\/post"}],"author":[{"embeddable":true,"href":"http:\/\/nsf.pt\/index.php\/wp-json\/wp\/v2\/users\/2"}],"replies":[{"embeddable":true,"href":"http:\/\/nsf.pt\/index.php\/wp-json\/wp\/v2\/comments?post=7265"}],"version-history":[{"count":6,"href":"http:\/\/nsf.pt\/index.php\/wp-json\/wp\/v2\/posts\/7265\/revisions"}],"predecessor-version":[{"id":7291,"href":"http:\/\/nsf.pt\/index.php\/wp-json\/wp\/v2\/posts\/7265\/revisions\/7291"}],"wp:featuredmedia":[{"embeddable":true,"href":"http:\/\/nsf.pt\/index.php\/wp-json\/wp\/v2\/media\/7286"}],"wp:attachment":[{"href":"http:\/\/nsf.pt\/index.php\/wp-json\/wp\/v2\/media?parent=7265"}],"wp:term":[{"taxonomy":"category","embeddable":true,"href":"http:\/\/nsf.pt\/index.php\/wp-json\/wp\/v2\/categories?post=7265"},{"taxonomy":"post_tag","embeddable":true,"href":"http:\/\/nsf.pt\/index.php\/wp-json\/wp\/v2\/tags?post=7265"}],"curies":[{"name":"wp","href":"https:\/\/api.w.org\/{rel}","templated":true}]}}