{"id":7372,"date":"2022-07-13T07:32:23","date_gmt":"2022-07-13T07:32:23","guid":{"rendered":"https:\/\/semfronteiras.eu\/?p=7372"},"modified":"2022-07-20T21:24:36","modified_gmt":"2022-07-20T21:24:36","slug":"escodra-nao-te-esquecas-de-te-lembrares","status":"publish","type":"post","link":"http:\/\/nsf.pt\/index.php\/2022\/07\/13\/escodra-nao-te-esquecas-de-te-lembrares\/","title":{"rendered":"Escodra  &#8220;N\u00e3o te esque\u00e7as de te lembrares&#8221;"},"content":{"rendered":"\n<p><mark style=\"background-color:rgba(0, 0, 0, 0)\" class=\"has-inline-color has-vivid-red-color\"><strong>MUNDO <\/strong><\/mark>| DOSSI\u00ca Alb\u00e2nia Hoje (3) \u2013 12 de julho 2022 | Reportagem SF \u00a9<a href=\"https:\/\/www.facebook.com\/carlosvalentimribeiro\/\">carlosribeiro<\/a><\/p>\n\n\n\n<p>Sa\u00edmos cedo para Escodra (Shkodra). A viatura do Munic\u00edpio aguardava-nos \u00e0 sa\u00edda do hotel e Hasna, a nossa anfitri\u00e3 albanesa, saudou-nos com um sorriso luminoso. Os nossos companheiros de viagem para os 101 km que ir\u00edamos percorrer pela estrada 762, os parceiros italianos da associa\u00e7\u00e3o ATRIUM, acomodaram-se ao meio e n\u00f3s, Joaquim Nunes e eu, na retaguarda.<\/p>\n\n\n\n<div style=\"height:17px\" aria-hidden=\"true\" class=\"wp-block-spacer\"><\/div>\n\n\n\n<figure class=\"wp-block-gallery has-nested-images columns-default is-cropped wp-block-gallery-1 is-layout-flex wp-block-gallery-is-layout-flex\">\n<figure class=\"wp-block-image size-large is-style-default\"><img decoding=\"async\" loading=\"lazy\" width=\"1024\" height=\"704\" data-id=\"7400\" src=\"https:\/\/semfronteiras.eu\/wp-content\/uploads\/2022\/07\/nunes4-1024x704.jpg\" alt=\"\" class=\"wp-image-7400\" srcset=\"https:\/\/nsf.pt\/wp-content\/uploads\/2022\/07\/nunes4-1024x704.jpg 1024w, https:\/\/nsf.pt\/wp-content\/uploads\/2022\/07\/nunes4-300x206.jpg 300w, https:\/\/nsf.pt\/wp-content\/uploads\/2022\/07\/nunes4-768x528.jpg 768w, https:\/\/nsf.pt\/wp-content\/uploads\/2022\/07\/nunes4.jpg 1179w\" sizes=\"(max-width: 1024px) 100vw, 1024px\" \/><figcaption>Com Joaquim Nunes<\/figcaption><\/figure>\n<\/figure>\n\n\n\n<div style=\"height:15px\" aria-hidden=\"true\" class=\"wp-block-spacer\"><\/div>\n\n\n\n<p>As primeiras imagens de Tirana, fora do centro e no sentido norte, davam nota da nova realidade de articula\u00e7\u00e3o do pa\u00eds com os grandes operadores do consumo global, no caso os eventos promovidos pela grande central de neg\u00f3cios, a UEFA , que utiliza o futebol para atingir os seus objetivos de receitas milion\u00e1rias com a publicidade das grandes marcas.<\/p>\n\n\n\n<p>Em maio passado Roma e Feyenoord, actuaram no nov\u00edssimo Arena Komb\u00eatare de Tirana, por sinal com vit\u00f3ria dos italianos na Europa Conference League.<\/p>\n\n\n\n<div style=\"height:14px\" aria-hidden=\"true\" class=\"wp-block-spacer\"><\/div>\n\n\n\n<figure class=\"wp-block-gallery has-nested-images columns-default is-cropped wp-block-gallery-3 is-layout-flex wp-block-gallery-is-layout-flex\">\n<figure class=\"wp-block-image size-large is-style-default\"><img decoding=\"async\" loading=\"lazy\" width=\"1024\" height=\"768\" data-id=\"7374\" src=\"https:\/\/semfronteiras.eu\/wp-content\/uploads\/2022\/07\/20220621_102005-1024x768.jpg\" alt=\"\" class=\"wp-image-7374\" srcset=\"https:\/\/nsf.pt\/wp-content\/uploads\/2022\/07\/20220621_102005-1024x768.jpg 1024w, https:\/\/nsf.pt\/wp-content\/uploads\/2022\/07\/20220621_102005-300x225.jpg 300w, https:\/\/nsf.pt\/wp-content\/uploads\/2022\/07\/20220621_102005-768x576.jpg 768w, https:\/\/nsf.pt\/wp-content\/uploads\/2022\/07\/20220621_102005-1536x1152.jpg 1536w, https:\/\/nsf.pt\/wp-content\/uploads\/2022\/07\/20220621_102005-2048x1536.jpg 2048w\" sizes=\"(max-width: 1024px) 100vw, 1024px\" \/><\/figure>\n\n\n\n<figure class=\"wp-block-image size-large is-style-default\"><img decoding=\"async\" loading=\"lazy\" width=\"1024\" height=\"566\" data-id=\"7373\" src=\"https:\/\/semfronteiras.eu\/wp-content\/uploads\/2022\/07\/arena-nacional-tirana-1024x566.jpg\" alt=\"\" class=\"wp-image-7373\" srcset=\"https:\/\/nsf.pt\/wp-content\/uploads\/2022\/07\/arena-nacional-tirana-1024x566.jpg 1024w, https:\/\/nsf.pt\/wp-content\/uploads\/2022\/07\/arena-nacional-tirana-300x166.jpg 300w, https:\/\/nsf.pt\/wp-content\/uploads\/2022\/07\/arena-nacional-tirana-768x424.jpg 768w, https:\/\/nsf.pt\/wp-content\/uploads\/2022\/07\/arena-nacional-tirana.jpg 1122w\" sizes=\"(max-width: 1024px) 100vw, 1024px\" \/><\/figure>\n<\/figure>\n\n\n\n<div style=\"height:21px\" aria-hidden=\"true\" class=\"wp-block-spacer\"><\/div>\n\n\n\n<h2 class=\"wp-block-heading\">Pela estrada fora<\/h2>\n\n\n\n<p>O percurso pela estrada nacional, cuja conserva\u00e7\u00e3o do piso deixa muito a desejar, iria revelar-nos uma nova dimens\u00e3o do pa\u00eds com edif\u00edcios marcados por alguma degrada\u00e7\u00e3o e uma est\u00e9tica arquitect\u00f3nica tipicamente  fascista (muitos dos edificados s\u00e3o da fase do protetorado italiano ali\u00e1s como as grandes avenidas rasgadas nas cidades mais importantes &#8211; &nbsp;o protetorado italiano sobre a Alb\u00e2nia foi administrado pelo governo italiano: num pa\u00eds em que faltava praticamente tudo depois de s\u00e9culos de dom\u00ednio otomano, foram constru\u00eddos 546&nbsp;km de novas estradas, 110&nbsp;km de novas ferrovias, 3000&nbsp;km de linhas telegr\u00e1ficas, 9 telef\u00e9ricos, alguns hospitais e alguns modernos edif\u00edcios administrativos).<\/p>\n\n\n\n<p>Joaquim observa os campos irregularmente amanhados. Procura sinais de vinhas e de produ\u00e7\u00e3o dos agricultores para compreender at\u00e9 que ponto a vida nas zonas rurais permanece distante dos reboli\u00e7os e ousadias de novo-riquismo dos &#8220;capitalistas da cidade&#8221;. Resta saber se a simplicidade das infraestuturas corresponde ao estado de pobreza do pa\u00eds ou a um distanciamento da euforia capitalista dominadora. Joaquim tem uma grelha pr\u00f3pria de an\u00e1lise das situa\u00e7\u00f5es locais. Conhece bem as din\u00e2micas do campo e das montanhas. <\/p>\n\n\n\n<p>&#8220;J\u00e1 vi v\u00e1rias vinhas. S\u00f3 n\u00e3o vejo cabras ou ovelhas. Talvez mais \u00e0 frente apare\u00e7am. N\u00e3o me parece que as terras sejam muito produtivas por aqui. Mas as montanhas servem de retaguarda alimentar&#8221; adianta com a sua sabedoria sobre os sistemas de produ\u00e7\u00e3o local.<\/p>\n\n\n\n<h2 class=\"wp-block-heading\">Acidente na estrada<\/h2>\n\n\n\n<p>Um c\u00e3o atravessou-se \u00e0 frente do carro que seguia em frente daquele que nos conduzia a Escodra. A travagem repentina, bem controlada pelo motorista do munic\u00edpio, n\u00e3o evitou que o Jeep que nos seguia de perto na retaguarda embatesse com estrondo na parte de tr\u00e1s da viatura municipal. Sentimos o embate e o impacto foi significativo. Mas ao fim de algum tempo tudo regressou \u00e0 normalidade. Fic\u00e1mos a saber que esta situa\u00e7\u00e3o era perfeitamente normal e habitual &#8220;Os c\u00e3es atravessam de um lado para o outro, n\u00e3o h\u00e1 nada a fazer!&#8221; declarava o autor do sinistro que n\u00e3o parecia minimamente perturbado com o sucedido. Pelos vistos os para-choques s\u00e3o regularmente testados para estas bandas.<\/p>\n\n\n\n<h2 class=\"wp-block-heading\">Escodra cidade viva<\/h2>\n\n\n\n<p>Recebidos no Centro de Juventude Municipal pelo respons\u00e1vel da  autarquia local, Filip Vila,  fic\u00e1mos a conhecer o programa das Jornadas do Projeto People de forma pormenorizada e tivemos oportunidade de ser informados sobre os v\u00e1rios pontos de interesse associados ao tema central do projeto europeu que nos trouxe \u00e0 cidade do norte da Alb\u00e2nia: a opress\u00e3o e a repress\u00e3o do regime totalit\u00e1rio que dominou o pa\u00eds at\u00e9 1991.<\/p>\n\n\n\n<div style=\"height:15px\" aria-hidden=\"true\" class=\"wp-block-spacer\"><\/div>\n\n\n\n<figure class=\"wp-block-gallery has-nested-images columns-default is-cropped wp-block-gallery-5 is-layout-flex wp-block-gallery-is-layout-flex\">\n<figure class=\"wp-block-image size-large is-style-default\"><img decoding=\"async\" loading=\"lazy\" width=\"1024\" height=\"768\" data-id=\"7397\" src=\"https:\/\/semfronteiras.eu\/wp-content\/uploads\/2022\/07\/20220621_121445-1024x768.jpg\" alt=\"\" class=\"wp-image-7397\" srcset=\"https:\/\/nsf.pt\/wp-content\/uploads\/2022\/07\/20220621_121445-1024x768.jpg 1024w, https:\/\/nsf.pt\/wp-content\/uploads\/2022\/07\/20220621_121445-300x225.jpg 300w, https:\/\/nsf.pt\/wp-content\/uploads\/2022\/07\/20220621_121445-768x576.jpg 768w, https:\/\/nsf.pt\/wp-content\/uploads\/2022\/07\/20220621_121445-1536x1152.jpg 1536w, https:\/\/nsf.pt\/wp-content\/uploads\/2022\/07\/20220621_121445-2048x1536.jpg 2048w\" sizes=\"(max-width: 1024px) 100vw, 1024px\" \/><\/figure>\n\n\n\n<figure class=\"wp-block-image size-large is-style-default\"><img decoding=\"async\" loading=\"lazy\" width=\"1024\" height=\"768\" data-id=\"7398\" src=\"https:\/\/semfronteiras.eu\/wp-content\/uploads\/2022\/07\/20220621_121506-1024x768.jpg\" alt=\"\" class=\"wp-image-7398\" srcset=\"https:\/\/nsf.pt\/wp-content\/uploads\/2022\/07\/20220621_121506-1024x768.jpg 1024w, https:\/\/nsf.pt\/wp-content\/uploads\/2022\/07\/20220621_121506-300x225.jpg 300w, https:\/\/nsf.pt\/wp-content\/uploads\/2022\/07\/20220621_121506-768x576.jpg 768w, https:\/\/nsf.pt\/wp-content\/uploads\/2022\/07\/20220621_121506-1536x1152.jpg 1536w, https:\/\/nsf.pt\/wp-content\/uploads\/2022\/07\/20220621_121506-2048x1536.jpg 2048w\" sizes=\"(max-width: 1024px) 100vw, 1024px\" \/><\/figure>\n<\/figure>\n\n\n\n<figure class=\"wp-block-gallery has-nested-images columns-default is-cropped wp-block-gallery-7 is-layout-flex wp-block-gallery-is-layout-flex\">\n<figure class=\"wp-block-image size-large is-style-default\"><img decoding=\"async\" loading=\"lazy\" width=\"1024\" height=\"768\" data-id=\"7378\" src=\"https:\/\/semfronteiras.eu\/wp-content\/uploads\/2022\/07\/20220621_161429-1024x768.jpg\" alt=\"\" class=\"wp-image-7378\" srcset=\"https:\/\/nsf.pt\/wp-content\/uploads\/2022\/07\/20220621_161429-1024x768.jpg 1024w, https:\/\/nsf.pt\/wp-content\/uploads\/2022\/07\/20220621_161429-300x225.jpg 300w, https:\/\/nsf.pt\/wp-content\/uploads\/2022\/07\/20220621_161429-768x576.jpg 768w, https:\/\/nsf.pt\/wp-content\/uploads\/2022\/07\/20220621_161429-1536x1152.jpg 1536w, https:\/\/nsf.pt\/wp-content\/uploads\/2022\/07\/20220621_161429-2048x1536.jpg 2048w\" sizes=\"(max-width: 1024px) 100vw, 1024px\" \/><\/figure>\n\n\n\n<figure class=\"wp-block-image size-large is-style-default\"><img decoding=\"async\" loading=\"lazy\" width=\"1024\" height=\"768\" data-id=\"7377\" src=\"https:\/\/semfronteiras.eu\/wp-content\/uploads\/2022\/07\/20220621_161914-1024x768.jpg\" alt=\"\" class=\"wp-image-7377\" srcset=\"https:\/\/nsf.pt\/wp-content\/uploads\/2022\/07\/20220621_161914-1024x768.jpg 1024w, https:\/\/nsf.pt\/wp-content\/uploads\/2022\/07\/20220621_161914-300x225.jpg 300w, https:\/\/nsf.pt\/wp-content\/uploads\/2022\/07\/20220621_161914-768x576.jpg 768w, https:\/\/nsf.pt\/wp-content\/uploads\/2022\/07\/20220621_161914-1536x1152.jpg 1536w, https:\/\/nsf.pt\/wp-content\/uploads\/2022\/07\/20220621_161914-2048x1536.jpg 2048w\" sizes=\"(max-width: 1024px) 100vw, 1024px\" \/><\/figure>\n\n\n\n<figure class=\"wp-block-image size-large is-style-default\"><img decoding=\"async\" loading=\"lazy\" width=\"1024\" height=\"768\" data-id=\"7379\" src=\"https:\/\/semfronteiras.eu\/wp-content\/uploads\/2022\/07\/20220621_161920-1024x768.jpg\" alt=\"\" class=\"wp-image-7379\" srcset=\"https:\/\/nsf.pt\/wp-content\/uploads\/2022\/07\/20220621_161920-1024x768.jpg 1024w, https:\/\/nsf.pt\/wp-content\/uploads\/2022\/07\/20220621_161920-300x225.jpg 300w, https:\/\/nsf.pt\/wp-content\/uploads\/2022\/07\/20220621_161920-768x576.jpg 768w, https:\/\/nsf.pt\/wp-content\/uploads\/2022\/07\/20220621_161920-1536x1152.jpg 1536w, https:\/\/nsf.pt\/wp-content\/uploads\/2022\/07\/20220621_161920-2048x1536.jpg 2048w\" sizes=\"(max-width: 1024px) 100vw, 1024px\" \/><\/figure>\n<\/figure>\n\n\n\n<div style=\"height:19px\" aria-hidden=\"true\" class=\"wp-block-spacer\"><\/div>\n\n\n\n<h2 class=\"wp-block-heading\">Centro da Juventude<\/h2>\n\n\n\n<p>O Centro da Juventude, uma infraestrutura de apoio \u00e0s pol\u00edticas p\u00fablicas dirigidas aos mais jovens, acolhe atividades diversas que s\u00e3o correntes neste tipo de centros. Uma das \u00e1reas de trabalho dinamizada com as escolas foi precisamente a das mem\u00f3rias sobre a opress\u00e3o e as persegui\u00e7\u00f5es pol\u00edticas na Alb\u00e2nia e em Escodra em particular.<\/p>\n\n\n\n<div style=\"height:17px\" aria-hidden=\"true\" class=\"wp-block-spacer\"><\/div>\n\n\n\n<figure class=\"wp-block-gallery has-nested-images columns-default is-cropped wp-block-gallery-9 is-layout-flex wp-block-gallery-is-layout-flex\">\n<figure class=\"wp-block-image size-large is-style-default\"><img decoding=\"async\" loading=\"lazy\" width=\"1024\" height=\"768\" data-id=\"7380\" src=\"https:\/\/semfronteiras.eu\/wp-content\/uploads\/2022\/07\/20220621_174459-1024x768.jpg\" alt=\"\" class=\"wp-image-7380\" srcset=\"https:\/\/nsf.pt\/wp-content\/uploads\/2022\/07\/20220621_174459-1024x768.jpg 1024w, https:\/\/nsf.pt\/wp-content\/uploads\/2022\/07\/20220621_174459-300x225.jpg 300w, https:\/\/nsf.pt\/wp-content\/uploads\/2022\/07\/20220621_174459-768x576.jpg 768w, https:\/\/nsf.pt\/wp-content\/uploads\/2022\/07\/20220621_174459-1536x1152.jpg 1536w, https:\/\/nsf.pt\/wp-content\/uploads\/2022\/07\/20220621_174459-2048x1536.jpg 2048w\" sizes=\"(max-width: 1024px) 100vw, 1024px\" \/><\/figure>\n\n\n\n<figure class=\"wp-block-image size-large is-style-default\"><img decoding=\"async\" loading=\"lazy\" width=\"1024\" height=\"768\" data-id=\"7382\" src=\"https:\/\/semfronteiras.eu\/wp-content\/uploads\/2022\/07\/20220621_175257-1024x768.jpg\" alt=\"\" class=\"wp-image-7382\" srcset=\"https:\/\/nsf.pt\/wp-content\/uploads\/2022\/07\/20220621_175257-1024x768.jpg 1024w, https:\/\/nsf.pt\/wp-content\/uploads\/2022\/07\/20220621_175257-300x225.jpg 300w, https:\/\/nsf.pt\/wp-content\/uploads\/2022\/07\/20220621_175257-768x576.jpg 768w, https:\/\/nsf.pt\/wp-content\/uploads\/2022\/07\/20220621_175257-1536x1152.jpg 1536w, https:\/\/nsf.pt\/wp-content\/uploads\/2022\/07\/20220621_175257-2048x1536.jpg 2048w\" sizes=\"(max-width: 1024px) 100vw, 1024px\" \/><\/figure>\n\n\n\n<figure class=\"wp-block-image size-large is-style-default\"><img decoding=\"async\" loading=\"lazy\" width=\"1024\" height=\"768\" data-id=\"7381\" src=\"https:\/\/semfronteiras.eu\/wp-content\/uploads\/2022\/07\/20220621_175312-1024x768.jpg\" alt=\"\" class=\"wp-image-7381\" srcset=\"https:\/\/nsf.pt\/wp-content\/uploads\/2022\/07\/20220621_175312-1024x768.jpg 1024w, https:\/\/nsf.pt\/wp-content\/uploads\/2022\/07\/20220621_175312-300x225.jpg 300w, https:\/\/nsf.pt\/wp-content\/uploads\/2022\/07\/20220621_175312-768x576.jpg 768w, https:\/\/nsf.pt\/wp-content\/uploads\/2022\/07\/20220621_175312-1536x1152.jpg 1536w, https:\/\/nsf.pt\/wp-content\/uploads\/2022\/07\/20220621_175312-2048x1536.jpg 2048w\" sizes=\"(max-width: 1024px) 100vw, 1024px\" \/><\/figure>\n<\/figure>\n\n\n\n<div style=\"height:17px\" aria-hidden=\"true\" class=\"wp-block-spacer\"><\/div>\n\n\n\n<h2 class=\"wp-block-heading\">Readapta\u00e7\u00e3o dos espa\u00e7os religiosos<\/h2>\n\n\n\n<p>Outros espa\u00e7os com particular interesse foram as catedrais, as mesquitas e as igrejas. Aquelas que n\u00e3o foram destru\u00eddas foram transformadas em \u00e1reas desportivas e em cinemas como foi o caso da Grande Catedral de Escodra que desempenhou as fun\u00e7\u00f5es de pavilh\u00e3o desportivo durante largos anos. Nas arcadas encontravam-se bancadas para o p\u00fablico e na \u00e1rea central funcionou a nave desportiva para a pr\u00e1tica de v\u00e1rios desportos.<\/p>\n\n\n\n<p>Recorde-se que na Alb\u00e2nia no tempo do regime totalit\u00e1rio exercido pelo partido \u00fanico PTA &#8211; Partido do Trabalho da Alb\u00e2nia &#8211; o direito elementar de culto n\u00e3o era autorizado e foi at\u00e9 criado um Museu do Ate\u00edsmo cujo lema central era &#8220;A religi\u00e3o \u00e9 o \u00f3pio do povo&#8221;..<\/p>\n\n\n\n<div style=\"height:14px\" aria-hidden=\"true\" class=\"wp-block-spacer\"><\/div>\n\n\n\n<figure class=\"wp-block-gallery has-nested-images columns-default is-cropped wp-block-gallery-11 is-layout-flex wp-block-gallery-is-layout-flex\">\n<figure class=\"wp-block-image size-large is-style-default\"><img decoding=\"async\" loading=\"lazy\" width=\"1024\" height=\"768\" data-id=\"7383\" src=\"https:\/\/semfronteiras.eu\/wp-content\/uploads\/2022\/07\/20220621_131333-1024x768.jpg\" alt=\"\" class=\"wp-image-7383\" srcset=\"https:\/\/nsf.pt\/wp-content\/uploads\/2022\/07\/20220621_131333-1024x768.jpg 1024w, https:\/\/nsf.pt\/wp-content\/uploads\/2022\/07\/20220621_131333-300x225.jpg 300w, https:\/\/nsf.pt\/wp-content\/uploads\/2022\/07\/20220621_131333-768x576.jpg 768w, https:\/\/nsf.pt\/wp-content\/uploads\/2022\/07\/20220621_131333-1536x1152.jpg 1536w, https:\/\/nsf.pt\/wp-content\/uploads\/2022\/07\/20220621_131333-2048x1536.jpg 2048w\" sizes=\"(max-width: 1024px) 100vw, 1024px\" \/><figcaption>Catedral de Escodra<\/figcaption><\/figure>\n\n\n\n<figure class=\"wp-block-image size-large is-style-default\"><img decoding=\"async\" loading=\"lazy\" width=\"1024\" height=\"768\" data-id=\"7385\" src=\"https:\/\/semfronteiras.eu\/wp-content\/uploads\/2022\/07\/20220621_131520-1024x768.jpg\" alt=\"\" class=\"wp-image-7385\" srcset=\"https:\/\/nsf.pt\/wp-content\/uploads\/2022\/07\/20220621_131520-1024x768.jpg 1024w, https:\/\/nsf.pt\/wp-content\/uploads\/2022\/07\/20220621_131520-300x225.jpg 300w, https:\/\/nsf.pt\/wp-content\/uploads\/2022\/07\/20220621_131520-768x576.jpg 768w, https:\/\/nsf.pt\/wp-content\/uploads\/2022\/07\/20220621_131520-1536x1152.jpg 1536w, https:\/\/nsf.pt\/wp-content\/uploads\/2022\/07\/20220621_131520-2048x1536.jpg 2048w\" sizes=\"(max-width: 1024px) 100vw, 1024px\" \/><\/figure>\n\n\n\n<figure class=\"wp-block-image size-large is-style-default\"><img decoding=\"async\" loading=\"lazy\" width=\"1024\" height=\"768\" data-id=\"7384\" src=\"https:\/\/semfronteiras.eu\/wp-content\/uploads\/2022\/07\/20220621_132312-1024x768.jpg\" alt=\"\" class=\"wp-image-7384\" srcset=\"https:\/\/nsf.pt\/wp-content\/uploads\/2022\/07\/20220621_132312-1024x768.jpg 1024w, https:\/\/nsf.pt\/wp-content\/uploads\/2022\/07\/20220621_132312-300x225.jpg 300w, https:\/\/nsf.pt\/wp-content\/uploads\/2022\/07\/20220621_132312-768x576.jpg 768w, https:\/\/nsf.pt\/wp-content\/uploads\/2022\/07\/20220621_132312-1536x1152.jpg 1536w, https:\/\/nsf.pt\/wp-content\/uploads\/2022\/07\/20220621_132312-2048x1536.jpg 2048w\" sizes=\"(max-width: 1024px) 100vw, 1024px\" \/><\/figure>\n<\/figure>\n\n\n\n<div style=\"height:18px\" aria-hidden=\"true\" class=\"wp-block-spacer\"><\/div>\n\n\n\n<h2 class=\"wp-block-heading\">O Museu dos Testemunhos e da Mem\u00f3ria<\/h2>\n\n\n\n<p>O espa\u00e7o mais relevante das visitas efetuadas em Escodra foi incontornavelmente o Museu dos Testemunhos e da Mem\u00f3ria que \u00e0 imagem de museus similares em todo o mundo, como \u00e9 o caso do Aljube Resist\u00eancia e Liberdade e o Forte de Peniche (Museu Nacional da Resist\u00eancia) apresenta ao p\u00fablico o que foram as pris\u00f5es, os interrogat\u00f3rios, as condi\u00e7\u00f5es de sobreviv\u00eancia e da tortura que era exercida sobre os cidad\u00e3os albaneses.<\/p>\n\n\n\n<div style=\"height:14px\" aria-hidden=\"true\" class=\"wp-block-spacer\"><\/div>\n\n\n\n<h2 class=\"wp-block-heading\">Os presos, detidos, torturados, desaparecidos e assassinados<\/h2>\n\n\n\n<figure class=\"wp-block-gallery has-nested-images columns-default is-cropped wp-block-gallery-13 is-layout-flex wp-block-gallery-is-layout-flex\">\n<figure class=\"wp-block-image size-large is-style-default\"><img decoding=\"async\" loading=\"lazy\" width=\"1024\" height=\"768\" data-id=\"7388\" src=\"https:\/\/semfronteiras.eu\/wp-content\/uploads\/2022\/07\/20220622_143946-1024x768.jpg\" alt=\"\" class=\"wp-image-7388\" srcset=\"https:\/\/nsf.pt\/wp-content\/uploads\/2022\/07\/20220622_143946-1024x768.jpg 1024w, https:\/\/nsf.pt\/wp-content\/uploads\/2022\/07\/20220622_143946-300x225.jpg 300w, https:\/\/nsf.pt\/wp-content\/uploads\/2022\/07\/20220622_143946-768x576.jpg 768w, https:\/\/nsf.pt\/wp-content\/uploads\/2022\/07\/20220622_143946-1536x1152.jpg 1536w, https:\/\/nsf.pt\/wp-content\/uploads\/2022\/07\/20220622_143946-2048x1536.jpg 2048w\" sizes=\"(max-width: 1024px) 100vw, 1024px\" \/><\/figure>\n\n\n\n<figure class=\"wp-block-image size-large is-style-default\"><img decoding=\"async\" loading=\"lazy\" width=\"1024\" height=\"768\" data-id=\"7387\" src=\"https:\/\/semfronteiras.eu\/wp-content\/uploads\/2022\/07\/20220622_144117-1024x768.jpg\" alt=\"\" class=\"wp-image-7387\" srcset=\"https:\/\/nsf.pt\/wp-content\/uploads\/2022\/07\/20220622_144117-1024x768.jpg 1024w, https:\/\/nsf.pt\/wp-content\/uploads\/2022\/07\/20220622_144117-300x225.jpg 300w, https:\/\/nsf.pt\/wp-content\/uploads\/2022\/07\/20220622_144117-768x576.jpg 768w, https:\/\/nsf.pt\/wp-content\/uploads\/2022\/07\/20220622_144117-1536x1152.jpg 1536w, https:\/\/nsf.pt\/wp-content\/uploads\/2022\/07\/20220622_144117-2048x1536.jpg 2048w\" sizes=\"(max-width: 1024px) 100vw, 1024px\" \/><\/figure>\n<\/figure>\n\n\n\n<figure class=\"wp-block-gallery has-nested-images columns-default is-cropped wp-block-gallery-15 is-layout-flex wp-block-gallery-is-layout-flex\">\n<figure class=\"wp-block-image size-large is-style-default\"><img decoding=\"async\" loading=\"lazy\" width=\"1024\" height=\"768\" data-id=\"7390\" src=\"https:\/\/semfronteiras.eu\/wp-content\/uploads\/2022\/07\/20220622_145959-1024x768.jpg\" alt=\"\" class=\"wp-image-7390\" srcset=\"https:\/\/nsf.pt\/wp-content\/uploads\/2022\/07\/20220622_145959-1024x768.jpg 1024w, https:\/\/nsf.pt\/wp-content\/uploads\/2022\/07\/20220622_145959-300x225.jpg 300w, https:\/\/nsf.pt\/wp-content\/uploads\/2022\/07\/20220622_145959-768x576.jpg 768w, https:\/\/nsf.pt\/wp-content\/uploads\/2022\/07\/20220622_145959-1536x1152.jpg 1536w, https:\/\/nsf.pt\/wp-content\/uploads\/2022\/07\/20220622_145959-2048x1536.jpg 2048w\" sizes=\"(max-width: 1024px) 100vw, 1024px\" \/><figcaption>Cela<\/figcaption><\/figure>\n\n\n\n<figure class=\"wp-block-image size-large is-style-default\"><img decoding=\"async\" loading=\"lazy\" width=\"1024\" height=\"768\" data-id=\"7391\" src=\"https:\/\/semfronteiras.eu\/wp-content\/uploads\/2022\/07\/20220622_150031-1024x768.jpg\" alt=\"\" class=\"wp-image-7391\" srcset=\"https:\/\/nsf.pt\/wp-content\/uploads\/2022\/07\/20220622_150031-1024x768.jpg 1024w, https:\/\/nsf.pt\/wp-content\/uploads\/2022\/07\/20220622_150031-300x225.jpg 300w, https:\/\/nsf.pt\/wp-content\/uploads\/2022\/07\/20220622_150031-768x576.jpg 768w, https:\/\/nsf.pt\/wp-content\/uploads\/2022\/07\/20220622_150031-1536x1152.jpg 1536w, https:\/\/nsf.pt\/wp-content\/uploads\/2022\/07\/20220622_150031-2048x1536.jpg 2048w\" sizes=\"(max-width: 1024px) 100vw, 1024px\" \/><figcaption>Cela<\/figcaption><\/figure>\n<\/figure>\n\n\n\n<figure class=\"wp-block-gallery has-nested-images columns-default is-cropped wp-block-gallery-17 is-layout-flex wp-block-gallery-is-layout-flex\">\n<figure class=\"wp-block-image size-large is-style-default\"><img decoding=\"async\" loading=\"lazy\" width=\"1024\" height=\"768\" data-id=\"7393\" src=\"https:\/\/semfronteiras.eu\/wp-content\/uploads\/2022\/07\/20220622_150502-1024x768.jpg\" alt=\"\" class=\"wp-image-7393\" srcset=\"https:\/\/nsf.pt\/wp-content\/uploads\/2022\/07\/20220622_150502-1024x768.jpg 1024w, https:\/\/nsf.pt\/wp-content\/uploads\/2022\/07\/20220622_150502-300x225.jpg 300w, https:\/\/nsf.pt\/wp-content\/uploads\/2022\/07\/20220622_150502-768x576.jpg 768w, https:\/\/nsf.pt\/wp-content\/uploads\/2022\/07\/20220622_150502-1536x1152.jpg 1536w, https:\/\/nsf.pt\/wp-content\/uploads\/2022\/07\/20220622_150502-2048x1536.jpg 2048w\" sizes=\"(max-width: 1024px) 100vw, 1024px\" \/><figcaption>Casa de Banho e toiletes<\/figcaption><\/figure>\n\n\n\n<figure class=\"wp-block-image size-large is-style-default\"><img decoding=\"async\" loading=\"lazy\" width=\"1024\" height=\"768\" data-id=\"7394\" src=\"https:\/\/semfronteiras.eu\/wp-content\/uploads\/2022\/07\/20220622_150542-1024x768.jpg\" alt=\"\" class=\"wp-image-7394\" srcset=\"https:\/\/nsf.pt\/wp-content\/uploads\/2022\/07\/20220622_150542-1024x768.jpg 1024w, https:\/\/nsf.pt\/wp-content\/uploads\/2022\/07\/20220622_150542-300x225.jpg 300w, https:\/\/nsf.pt\/wp-content\/uploads\/2022\/07\/20220622_150542-768x576.jpg 768w, https:\/\/nsf.pt\/wp-content\/uploads\/2022\/07\/20220622_150542-1536x1152.jpg 1536w, https:\/\/nsf.pt\/wp-content\/uploads\/2022\/07\/20220622_150542-2048x1536.jpg 2048w\" sizes=\"(max-width: 1024px) 100vw, 1024px\" \/><figcaption>Sala dos interrogat\u00f3rios e da tortura por choques el\u00e9tricos.<\/figcaption><\/figure>\n<\/figure>\n\n\n\n<figure class=\"wp-block-gallery has-nested-images columns-default is-cropped wp-block-gallery-19 is-layout-flex wp-block-gallery-is-layout-flex\">\n<figure class=\"wp-block-image size-large is-style-default\"><img decoding=\"async\" loading=\"lazy\" width=\"1024\" height=\"768\" data-id=\"7395\" src=\"https:\/\/semfronteiras.eu\/wp-content\/uploads\/2022\/07\/20220622_152537-1-1024x768.jpg\" alt=\"\" class=\"wp-image-7395\" srcset=\"https:\/\/nsf.pt\/wp-content\/uploads\/2022\/07\/20220622_152537-1-1024x768.jpg 1024w, https:\/\/nsf.pt\/wp-content\/uploads\/2022\/07\/20220622_152537-1-300x225.jpg 300w, https:\/\/nsf.pt\/wp-content\/uploads\/2022\/07\/20220622_152537-1-768x576.jpg 768w, https:\/\/nsf.pt\/wp-content\/uploads\/2022\/07\/20220622_152537-1-1536x1152.jpg 1536w, https:\/\/nsf.pt\/wp-content\/uploads\/2022\/07\/20220622_152537-1-2048x1536.jpg 2048w\" sizes=\"(max-width: 1024px) 100vw, 1024px\" \/><\/figure>\n<\/figure>\n\n\n\n<div style=\"height:18px\" aria-hidden=\"true\" class=\"wp-block-spacer\"><\/div>\n\n\n\n<p>Alguns dados apurados em Escodra (os trabalhos de organiza\u00e7\u00e3o da informa\u00e7\u00e3o sobre a repress\u00e3o, a opress\u00e3o e as persegui\u00e7\u00f5es prosseguem) indicam que:<\/p>\n\n\n\n<ul><li>601 mortos na regi\u00e3o de Escodra dos quais 137 morreram durante os interrogat\u00f3rios e a tortura;<\/li><li>1924 enviados para campos de trabalho ou de concentra\u00e7\u00e3o.<\/li><\/ul>\n\n\n\n<div style=\"height:12px\" aria-hidden=\"true\" class=\"wp-block-spacer\"><\/div>\n\n\n\n<div class=\"wp-block-columns is-layout-flex wp-container-25 wp-block-columns-is-layout-flex\">\n<div class=\"wp-block-column is-layout-flow wp-block-column-is-layout-flow\" style=\"flex-basis:100%\">\n<div class=\"wp-block-columns alignwide is-layout-flex wp-container-23 wp-block-columns-is-layout-flex\">\n<div class=\"wp-block-column is-layout-flow wp-block-column-is-layout-flow\" style=\"flex-basis:50%\">\n<figure class=\"wp-block-image\"><img decoding=\"async\" loading=\"lazy\" width=\"768\" height=\"1024\" src=\"https:\/\/semfronteiras.eu\/wp-content\/uploads\/2022\/07\/20220713_075040-768x1024.jpg\" alt=\"\" class=\"wp-image-7396\" srcset=\"https:\/\/nsf.pt\/wp-content\/uploads\/2022\/07\/20220713_075040-768x1024.jpg 768w, https:\/\/nsf.pt\/wp-content\/uploads\/2022\/07\/20220713_075040-225x300.jpg 225w, https:\/\/nsf.pt\/wp-content\/uploads\/2022\/07\/20220713_075040-1152x1536.jpg 1152w, https:\/\/nsf.pt\/wp-content\/uploads\/2022\/07\/20220713_075040-1536x2048.jpg 1536w, https:\/\/nsf.pt\/wp-content\/uploads\/2022\/07\/20220713_075040-1024x1365.jpg 1024w, https:\/\/nsf.pt\/wp-content\/uploads\/2022\/07\/20220713_075040-scaled.jpg 1920w\" sizes=\"(max-width: 768px) 100vw, 768px\" \/><\/figure>\n<\/div>\n\n\n\n<div class=\"wp-block-column is-layout-flow wp-block-column-is-layout-flow\" style=\"flex-basis:50%\">\n<p class=\"has-large-font-size\">Di\u00e1rio do Inferno<\/p>\n\n\n\n<p>Publica\u00e7\u00e3o coordenada por Ahmet Bushati<\/p>\n\n\n\n<p>Quarenta e tr\u00eas hist\u00f3rias (mem\u00f3rias) da pris\u00e3o, da tortura e dos interrogat\u00f3rios no Posto de Pol\u00edcia e  Pris\u00e3o      &#8211;  Edif\u00edcio do Minist\u00e9rio do Interior. delega\u00e7\u00e3o de Escodra.                                <\/p>\n<\/div>\n<\/div>\n<\/div>\n<\/div>\n\n\n\n<h2 class=\"wp-block-heading\">                                                                                                                                                                                                            O Dia da Liberdade <\/h2>\n\n\n\n<figure class=\"wp-block-embed is-type-video is-provider-youtube wp-block-embed-youtube wp-embed-aspect-16-9 wp-has-aspect-ratio\"><div class=\"wp-block-embed__wrapper\">\n<iframe loading=\"lazy\" title=\"25 DE ABRIL ALBANE\u0302S\" width=\"640\" height=\"360\" src=\"https:\/\/www.youtube.com\/embed\/4YBvMo-Wiqc?feature=oembed\" frameborder=\"0\" allow=\"accelerometer; autoplay; clipboard-write; encrypted-media; gyroscope; picture-in-picture\" allowfullscreen><\/iframe>\n<\/div><\/figure>\n\n\n\n<p>Fonte Fotos \u00a9 CR\/Caixamedia<\/p>\n","protected":false},"excerpt":{"rendered":"<p>MUNDO | DOSSI\u00ca Alb\u00e2nia Hoje (3) \u2013 12 de julho 2022 | Reportagem SF \u00a9carlosribeiro&#8230;<\/p>\n","protected":false},"author":2,"featured_media":7401,"comment_status":"open","ping_status":"open","sticky":true,"template":"","format":"standard","meta":{"sfsi_plus_gutenberg_text_before_share":"","sfsi_plus_gutenberg_show_text_before_share":"","sfsi_plus_gutenberg_icon_type":"","sfsi_plus_gutenberg_icon_alignemt":"","sfsi_plus_gutenburg_max_per_row":"","ngg_post_thumbnail":0,"footnotes":""},"categories":[377,238,236],"tags":[370],"featured_image_urls":{"full":["https:\/\/nsf.pt\/wp-content\/uploads\/2022\/07\/albania6\u00b4.jpg",800,455,false],"thumbnail":["https:\/\/nsf.pt\/wp-content\/uploads\/2022\/07\/albania6\u00b4-150x150.jpg",150,150,true],"medium":["https:\/\/nsf.pt\/wp-content\/uploads\/2022\/07\/albania6\u00b4-300x171.jpg",300,171,true],"medium_large":["https:\/\/nsf.pt\/wp-content\/uploads\/2022\/07\/albania6\u00b4-768x437.jpg",640,364,true],"large":["https:\/\/nsf.pt\/wp-content\/uploads\/2022\/07\/albania6\u00b4.jpg",640,364,false],"1536x1536":["https:\/\/nsf.pt\/wp-content\/uploads\/2022\/07\/albania6\u00b4.jpg",800,455,false],"2048x2048":["https:\/\/nsf.pt\/wp-content\/uploads\/2022\/07\/albania6\u00b4.jpg",800,455,false],"covernews-slider-full":["https:\/\/nsf.pt\/wp-content\/uploads\/2022\/07\/albania6\u00b4.jpg",800,455,false],"covernews-slider-center":["https:\/\/nsf.pt\/wp-content\/uploads\/2022\/07\/albania6\u00b4.jpg",800,455,false],"covernews-featured":["https:\/\/nsf.pt\/wp-content\/uploads\/2022\/07\/albania6\u00b4.jpg",800,455,false],"covernews-medium":["https:\/\/nsf.pt\/wp-content\/uploads\/2022\/07\/albania6\u00b4-540x340.jpg",540,340,true],"covernews-medium-square":["https:\/\/nsf.pt\/wp-content\/uploads\/2022\/07\/albania6\u00b4-400x250.jpg",400,250,true]},"author_info":{"info":["Carlos Ribeiro"]},"category_info":"<a href=\"http:\/\/nsf.pt\/index.php\/category\/albania-2022\/\" rel=\"category tag\">ALB\u00c2NIA 2022<\/a> <a href=\"http:\/\/nsf.pt\/index.php\/category\/destaque\/\" rel=\"category tag\">DESTAQUE<\/a> <a href=\"http:\/\/nsf.pt\/index.php\/category\/mundo\/\" rel=\"category tag\">MUNDO<\/a>","tag_info":"MUNDO","comment_count":"0","_links":{"self":[{"href":"http:\/\/nsf.pt\/index.php\/wp-json\/wp\/v2\/posts\/7372"}],"collection":[{"href":"http:\/\/nsf.pt\/index.php\/wp-json\/wp\/v2\/posts"}],"about":[{"href":"http:\/\/nsf.pt\/index.php\/wp-json\/wp\/v2\/types\/post"}],"author":[{"embeddable":true,"href":"http:\/\/nsf.pt\/index.php\/wp-json\/wp\/v2\/users\/2"}],"replies":[{"embeddable":true,"href":"http:\/\/nsf.pt\/index.php\/wp-json\/wp\/v2\/comments?post=7372"}],"version-history":[{"count":6,"href":"http:\/\/nsf.pt\/index.php\/wp-json\/wp\/v2\/posts\/7372\/revisions"}],"predecessor-version":[{"id":7406,"href":"http:\/\/nsf.pt\/index.php\/wp-json\/wp\/v2\/posts\/7372\/revisions\/7406"}],"wp:featuredmedia":[{"embeddable":true,"href":"http:\/\/nsf.pt\/index.php\/wp-json\/wp\/v2\/media\/7401"}],"wp:attachment":[{"href":"http:\/\/nsf.pt\/index.php\/wp-json\/wp\/v2\/media?parent=7372"}],"wp:term":[{"taxonomy":"category","embeddable":true,"href":"http:\/\/nsf.pt\/index.php\/wp-json\/wp\/v2\/categories?post=7372"},{"taxonomy":"post_tag","embeddable":true,"href":"http:\/\/nsf.pt\/index.php\/wp-json\/wp\/v2\/tags?post=7372"}],"curies":[{"name":"wp","href":"https:\/\/api.w.org\/{rel}","templated":true}]}}