{"id":7453,"date":"2022-07-18T20:33:18","date_gmt":"2022-07-18T20:33:18","guid":{"rendered":"https:\/\/semfronteiras.eu\/?p=7453"},"modified":"2022-07-20T21:24:03","modified_gmt":"2022-07-20T21:24:03","slug":"jovens-trabalham-as-memorias-da-repressao-e-das-perseguicoes-em-escodra","status":"publish","type":"post","link":"http:\/\/nsf.pt\/index.php\/2022\/07\/18\/jovens-trabalham-as-memorias-da-repressao-e-das-perseguicoes-em-escodra\/","title":{"rendered":"Jovens trabalham as mem\u00f3rias da repress\u00e3o e das persegui\u00e7\u00f5es em Escodra"},"content":{"rendered":"\n<p><mark style=\"background-color:rgba(0, 0, 0, 0)\" class=\"has-inline-color has-vivid-red-color\">MUNDO<\/mark> | DOSSI\u00ca Alb\u00e2nia Hoje (4) \u2013 18 de julho 2022 | Reportagem SF \u00a9<a href=\"https:\/\/www.facebook.com\/carlosvalentimribeiro\/\">carlosribeiro<\/a><\/p>\n\n\n\n<p>O Centro de Juventude  fervilhava de agita\u00e7\u00e3o. Os movimentos entre o palco e as \u00e1reas de exposi\u00e7\u00e3o nos corredores n\u00e3o cessavam, nem por um instante. Os preparativos estavam conclu\u00eddos mas, como \u00e9 habitual nestas circunst\u00e2ncias, h\u00e1 sempre algo de \u00faltima hora para tratar e resolver. A sess\u00e3o p\u00fablica que irai ter lugar dentro de minutos, para al\u00e9m das delega\u00e7\u00f5es da Cro\u00e1cia, Bulg\u00e1ria, It\u00e1lia e Portugal, contava com a presen\u00e7a do vice-presidente da C\u00e2mara e de outros convidados. Os jovens estudantes e frequentadores do Centro da Juventude &#8211; Atelier iam agora conduzir o barco, claro contando com o apoio da Hasna e da Mirza, as coordenadoras das atividades do projeto PEOPLE em Escodra.<\/p>\n\n\n\n<p><\/p>\n\n\n\n<figure class=\"wp-block-gallery has-nested-images columns-default is-cropped wp-block-gallery-1 is-layout-flex wp-block-gallery-is-layout-flex\">\n<figure class=\"wp-block-image size-large is-style-default\"><img decoding=\"async\" loading=\"lazy\" width=\"1024\" height=\"768\" data-id=\"7464\" src=\"https:\/\/semfronteiras.eu\/wp-content\/uploads\/2022\/07\/20220622_091327-1024x768.jpg\" alt=\"\" class=\"wp-image-7464\" srcset=\"https:\/\/nsf.pt\/wp-content\/uploads\/2022\/07\/20220622_091327-1024x768.jpg 1024w, https:\/\/nsf.pt\/wp-content\/uploads\/2022\/07\/20220622_091327-300x225.jpg 300w, https:\/\/nsf.pt\/wp-content\/uploads\/2022\/07\/20220622_091327-768x576.jpg 768w, https:\/\/nsf.pt\/wp-content\/uploads\/2022\/07\/20220622_091327-1536x1152.jpg 1536w, https:\/\/nsf.pt\/wp-content\/uploads\/2022\/07\/20220622_091327-2048x1536.jpg 2048w\" sizes=\"(max-width: 1024px) 100vw, 1024px\" \/><\/figure>\n\n\n\n<figure class=\"wp-block-image size-large is-style-default\"><img decoding=\"async\" loading=\"lazy\" width=\"1024\" height=\"768\" data-id=\"7476\" src=\"https:\/\/semfronteiras.eu\/wp-content\/uploads\/2022\/07\/20220622_092941-1024x768.jpg\" alt=\"\" class=\"wp-image-7476\" srcset=\"https:\/\/nsf.pt\/wp-content\/uploads\/2022\/07\/20220622_092941-1024x768.jpg 1024w, https:\/\/nsf.pt\/wp-content\/uploads\/2022\/07\/20220622_092941-300x225.jpg 300w, https:\/\/nsf.pt\/wp-content\/uploads\/2022\/07\/20220622_092941-768x576.jpg 768w, https:\/\/nsf.pt\/wp-content\/uploads\/2022\/07\/20220622_092941-1536x1152.jpg 1536w, https:\/\/nsf.pt\/wp-content\/uploads\/2022\/07\/20220622_092941-2048x1536.jpg 2048w\" sizes=\"(max-width: 1024px) 100vw, 1024px\" \/><\/figure>\n<\/figure>\n\n\n\n<p><strong>Que trabalhos de prepara\u00e7\u00e3o teriam realizado os jovens presentes e que temas iriam eles partilhar com os presentes no Atelier, num fim-de-tarde anormalmente agitado na \u00e1rea central da cidade? <\/strong><\/p>\n\n\n\n<h2 class=\"wp-block-heading\">Trabalhos de prepara\u00e7\u00e3o<\/h2>\n\n\n\n<p>As respostas iriam ser encontradas ao mesmo tempo que o Programa avan\u00e7ava e revelava o empenho das dezenas de jovens comprometidos com o projeto.<\/p>\n\n\n\n<ul><li>Em primeiro lugar importa destacar a investiga\u00e7\u00e3o que realizaram em pequenos grupos que implicou a recolha de dados e organiza\u00e7\u00e3o da informa\u00e7\u00e3o dispon\u00edvel nas institui\u00e7\u00f5es cient\u00edficas e culturais do munic\u00edpio.<\/li><li>Em segundo lugar realizaram visitas a museus e outros espa\u00e7os significativos dos temas abordados, com destaque para o t\u00f3pico das persegui\u00e7\u00f5es religiosas.<\/li><li>Em terceiro lugar organizaram textos po\u00e9ticos, de autores como Simon Pepa, Arshi Pipa (1947), Father Zef Pllumi (entre outros) para ler, declamar, recitar, em alguns casos acompanhados por uma m\u00fasica que escolheram.<\/li><\/ul>\n\n\n\n<p class=\"has-text-align-center\"><strong>Foi um recital de palavras, de m\u00fasica e de emo\u00e7\u00f5es que a energia dos protagonistas, particularmente jovens, transformou em magia.<\/strong><\/p>\n\n\n\n<figure class=\"wp-block-gallery has-nested-images columns-default is-cropped wp-block-gallery-3 is-layout-flex wp-block-gallery-is-layout-flex\">\n<figure class=\"wp-block-image size-large is-style-default\"><img decoding=\"async\" loading=\"lazy\" width=\"1024\" height=\"768\" data-id=\"7454\" src=\"https:\/\/semfronteiras.eu\/wp-content\/uploads\/2022\/07\/20220621_164736-1024x768.jpg\" alt=\"\" class=\"wp-image-7454\" srcset=\"https:\/\/nsf.pt\/wp-content\/uploads\/2022\/07\/20220621_164736-1024x768.jpg 1024w, https:\/\/nsf.pt\/wp-content\/uploads\/2022\/07\/20220621_164736-300x225.jpg 300w, https:\/\/nsf.pt\/wp-content\/uploads\/2022\/07\/20220621_164736-768x576.jpg 768w, https:\/\/nsf.pt\/wp-content\/uploads\/2022\/07\/20220621_164736-1536x1152.jpg 1536w, https:\/\/nsf.pt\/wp-content\/uploads\/2022\/07\/20220621_164736-2048x1536.jpg 2048w\" sizes=\"(max-width: 1024px) 100vw, 1024px\" \/><\/figure>\n\n\n\n<figure class=\"wp-block-image size-large is-style-default\"><img decoding=\"async\" loading=\"lazy\" width=\"1024\" height=\"768\" data-id=\"7456\" src=\"https:\/\/semfronteiras.eu\/wp-content\/uploads\/2022\/07\/20220621_164621-1024x768.jpg\" alt=\"\" class=\"wp-image-7456\" srcset=\"https:\/\/nsf.pt\/wp-content\/uploads\/2022\/07\/20220621_164621-1024x768.jpg 1024w, https:\/\/nsf.pt\/wp-content\/uploads\/2022\/07\/20220621_164621-300x225.jpg 300w, https:\/\/nsf.pt\/wp-content\/uploads\/2022\/07\/20220621_164621-768x576.jpg 768w, https:\/\/nsf.pt\/wp-content\/uploads\/2022\/07\/20220621_164621-1536x1152.jpg 1536w, https:\/\/nsf.pt\/wp-content\/uploads\/2022\/07\/20220621_164621-2048x1536.jpg 2048w\" sizes=\"(max-width: 1024px) 100vw, 1024px\" \/><\/figure>\n\n\n\n<figure class=\"wp-block-image size-large is-style-default\"><img decoding=\"async\" loading=\"lazy\" width=\"1024\" height=\"768\" data-id=\"7455\" src=\"https:\/\/semfronteiras.eu\/wp-content\/uploads\/2022\/07\/20220621_165715-1024x768.jpg\" alt=\"\" class=\"wp-image-7455\" srcset=\"https:\/\/nsf.pt\/wp-content\/uploads\/2022\/07\/20220621_165715-1024x768.jpg 1024w, https:\/\/nsf.pt\/wp-content\/uploads\/2022\/07\/20220621_165715-300x225.jpg 300w, https:\/\/nsf.pt\/wp-content\/uploads\/2022\/07\/20220621_165715-768x576.jpg 768w, https:\/\/nsf.pt\/wp-content\/uploads\/2022\/07\/20220621_165715-1536x1152.jpg 1536w, https:\/\/nsf.pt\/wp-content\/uploads\/2022\/07\/20220621_165715-2048x1536.jpg 2048w\" sizes=\"(max-width: 1024px) 100vw, 1024px\" \/><\/figure>\n<\/figure>\n\n\n\n<figure class=\"wp-block-gallery has-nested-images columns-default is-cropped wp-block-gallery-5 is-layout-flex wp-block-gallery-is-layout-flex\">\n<figure class=\"wp-block-image size-large is-style-default\"><img decoding=\"async\" loading=\"lazy\" width=\"1024\" height=\"768\" data-id=\"7461\" src=\"https:\/\/semfronteiras.eu\/wp-content\/uploads\/2022\/07\/20220621_172342-1024x768.jpg\" alt=\"\" class=\"wp-image-7461\" srcset=\"https:\/\/nsf.pt\/wp-content\/uploads\/2022\/07\/20220621_172342-1024x768.jpg 1024w, https:\/\/nsf.pt\/wp-content\/uploads\/2022\/07\/20220621_172342-300x225.jpg 300w, https:\/\/nsf.pt\/wp-content\/uploads\/2022\/07\/20220621_172342-768x576.jpg 768w, https:\/\/nsf.pt\/wp-content\/uploads\/2022\/07\/20220621_172342-1536x1152.jpg 1536w, https:\/\/nsf.pt\/wp-content\/uploads\/2022\/07\/20220621_172342-2048x1536.jpg 2048w\" sizes=\"(max-width: 1024px) 100vw, 1024px\" \/><\/figure>\n\n\n\n<figure class=\"wp-block-image size-large is-style-default\"><img decoding=\"async\" loading=\"lazy\" width=\"1024\" height=\"768\" data-id=\"7462\" src=\"https:\/\/semfronteiras.eu\/wp-content\/uploads\/2022\/07\/20220621_172412-1024x768.jpg\" alt=\"\" class=\"wp-image-7462\" srcset=\"https:\/\/nsf.pt\/wp-content\/uploads\/2022\/07\/20220621_172412-1024x768.jpg 1024w, https:\/\/nsf.pt\/wp-content\/uploads\/2022\/07\/20220621_172412-300x225.jpg 300w, https:\/\/nsf.pt\/wp-content\/uploads\/2022\/07\/20220621_172412-768x576.jpg 768w, https:\/\/nsf.pt\/wp-content\/uploads\/2022\/07\/20220621_172412-1536x1152.jpg 1536w, https:\/\/nsf.pt\/wp-content\/uploads\/2022\/07\/20220621_172412-2048x1536.jpg 2048w\" sizes=\"(max-width: 1024px) 100vw, 1024px\" \/><\/figure>\n<\/figure>\n\n\n\n<p><\/p>\n\n\n\n<h2 class=\"wp-block-heading\">Filme<\/h2>\n\n\n\n<p>A coordena\u00e7\u00e3o do projeto na Alb\u00e2nia divulgou na sess\u00e3o p\u00fablica um filme com as principais refer\u00eancias \u00e0 opress\u00e3o religiosa no pa\u00eds, com dados sobre os equipamentos religiosos destru\u00eddos e aqueles que foram readaptados para outras fun\u00e7\u00f5es como foi o caso da Catedral de Escodra que serviu de Pavilh\u00e3o desportivo durante anos.<\/p>\n\n\n\n<p><\/p>\n\n\n\n<h2 class=\"wp-block-heading\">A complexidade <\/h2>\n\n\n\n<p>Tommaso, o professor que acompanha em Forli os estudantes italianos que est\u00e3o envolvidos neste projeto de trabalho colaborativo, chamou \u00e0 aten\u00e7\u00e3o para a necessidade de tratar os temas que est\u00e3o a ser debatidos e investigados  de uma forma profunda, atendendo \u00e0 complexidade dos contextos e tamb\u00e9m da tenta\u00e7\u00e3o em simplificar os aspetos hist\u00f3ricos e sociais para realizar uma condena\u00e7\u00e3o que satisfaz o desejo de n\u00e3o voltar a viver situa\u00e7\u00f5es similares no futuro.<\/p>\n\n\n\n<figure class=\"wp-block-gallery has-nested-images columns-default is-cropped wp-block-gallery-7 is-layout-flex wp-block-gallery-is-layout-flex\">\n<figure class=\"wp-block-image size-large is-style-default\"><img decoding=\"async\" loading=\"lazy\" width=\"1024\" height=\"768\" data-id=\"7467\" src=\"https:\/\/semfronteiras.eu\/wp-content\/uploads\/2022\/07\/20220622_095942-1024x768.jpg\" alt=\"\" class=\"wp-image-7467\" srcset=\"https:\/\/nsf.pt\/wp-content\/uploads\/2022\/07\/20220622_095942-1024x768.jpg 1024w, https:\/\/nsf.pt\/wp-content\/uploads\/2022\/07\/20220622_095942-300x225.jpg 300w, https:\/\/nsf.pt\/wp-content\/uploads\/2022\/07\/20220622_095942-768x576.jpg 768w, https:\/\/nsf.pt\/wp-content\/uploads\/2022\/07\/20220622_095942-1536x1152.jpg 1536w, https:\/\/nsf.pt\/wp-content\/uploads\/2022\/07\/20220622_095942-2048x1536.jpg 2048w\" sizes=\"(max-width: 1024px) 100vw, 1024px\" \/><\/figure>\n\n\n\n<figure class=\"wp-block-image size-large is-style-default\"><img decoding=\"async\" loading=\"lazy\" width=\"1024\" height=\"768\" data-id=\"7471\" src=\"https:\/\/semfronteiras.eu\/wp-content\/uploads\/2022\/07\/20220622_103842-1-1024x768.jpg\" alt=\"\" class=\"wp-image-7471\" srcset=\"https:\/\/nsf.pt\/wp-content\/uploads\/2022\/07\/20220622_103842-1-1024x768.jpg 1024w, https:\/\/nsf.pt\/wp-content\/uploads\/2022\/07\/20220622_103842-1-300x225.jpg 300w, https:\/\/nsf.pt\/wp-content\/uploads\/2022\/07\/20220622_103842-1-768x576.jpg 768w, https:\/\/nsf.pt\/wp-content\/uploads\/2022\/07\/20220622_103842-1-1536x1152.jpg 1536w, https:\/\/nsf.pt\/wp-content\/uploads\/2022\/07\/20220622_103842-1-2048x1536.jpg 2048w\" sizes=\"(max-width: 1024px) 100vw, 1024px\" \/><\/figure>\n\n\n\n<figure class=\"wp-block-image size-large is-style-default\"><img decoding=\"async\" loading=\"lazy\" width=\"1024\" height=\"768\" data-id=\"7472\" src=\"https:\/\/semfronteiras.eu\/wp-content\/uploads\/2022\/07\/20220622_095944-1-1024x768.jpg\" alt=\"\" class=\"wp-image-7472\" srcset=\"https:\/\/nsf.pt\/wp-content\/uploads\/2022\/07\/20220622_095944-1-1024x768.jpg 1024w, https:\/\/nsf.pt\/wp-content\/uploads\/2022\/07\/20220622_095944-1-300x225.jpg 300w, https:\/\/nsf.pt\/wp-content\/uploads\/2022\/07\/20220622_095944-1-768x576.jpg 768w, https:\/\/nsf.pt\/wp-content\/uploads\/2022\/07\/20220622_095944-1-1536x1152.jpg 1536w, https:\/\/nsf.pt\/wp-content\/uploads\/2022\/07\/20220622_095944-1-2048x1536.jpg 2048w\" sizes=\"(max-width: 1024px) 100vw, 1024px\" \/><\/figure>\n<\/figure>\n\n\n\n<p><\/p>\n\n\n\n<h2 class=\"wp-block-heading\">O contributo da AEP61-74<\/h2>\n\n\n\n<p>Nas interven\u00e7\u00f5es de enquadramento do pequeno filme projetado na sess\u00e3o sobre temas de cada um dos pa\u00edses participantes, todos os parceiros emitiram opini\u00f5es e ideias sobre as experi\u00eancias que estavam a viver nos respetivos pa\u00edses.<\/p>\n\n\n\n<p>A interven\u00e7\u00e3o da AEP61-74 teve por base tr\u00eas palavras-chave: <strong>Mem\u00f3rias, Totalitarismo e Democracias.<\/strong><\/p>\n\n\n\n<p><\/p>\n\n\n\n<figure class=\"wp-block-gallery has-nested-images columns-default is-cropped wp-block-gallery-9 is-layout-flex wp-block-gallery-is-layout-flex\">\n<figure class=\"wp-block-image size-large is-style-default\"><img decoding=\"async\" loading=\"lazy\" width=\"1024\" height=\"683\" data-id=\"7470\" src=\"https:\/\/semfronteiras.eu\/wp-content\/uploads\/2022\/07\/IMG_0116-1024x683.jpg\" alt=\"\" class=\"wp-image-7470\" srcset=\"https:\/\/nsf.pt\/wp-content\/uploads\/2022\/07\/IMG_0116-1024x683.jpg 1024w, https:\/\/nsf.pt\/wp-content\/uploads\/2022\/07\/IMG_0116-300x200.jpg 300w, https:\/\/nsf.pt\/wp-content\/uploads\/2022\/07\/IMG_0116-768x512.jpg 768w, https:\/\/nsf.pt\/wp-content\/uploads\/2022\/07\/IMG_0116-1536x1024.jpg 1536w, https:\/\/nsf.pt\/wp-content\/uploads\/2022\/07\/IMG_0116-2048x1365.jpg 2048w\" sizes=\"(max-width: 1024px) 100vw, 1024px\" \/><\/figure>\n\n\n\n<figure class=\"wp-block-image size-large is-style-default\"><img decoding=\"async\" loading=\"lazy\" width=\"1024\" height=\"768\" data-id=\"7468\" src=\"https:\/\/semfronteiras.eu\/wp-content\/uploads\/2022\/07\/20220621_172601-1024x768.jpg\" alt=\"\" class=\"wp-image-7468\" srcset=\"https:\/\/nsf.pt\/wp-content\/uploads\/2022\/07\/20220621_172601-1024x768.jpg 1024w, https:\/\/nsf.pt\/wp-content\/uploads\/2022\/07\/20220621_172601-300x225.jpg 300w, https:\/\/nsf.pt\/wp-content\/uploads\/2022\/07\/20220621_172601-768x576.jpg 768w, https:\/\/nsf.pt\/wp-content\/uploads\/2022\/07\/20220621_172601-1536x1152.jpg 1536w, https:\/\/nsf.pt\/wp-content\/uploads\/2022\/07\/20220621_172601-2048x1536.jpg 2048w\" sizes=\"(max-width: 1024px) 100vw, 1024px\" \/><\/figure>\n\n\n\n<figure class=\"wp-block-image size-large is-style-default\"><img decoding=\"async\" loading=\"lazy\" width=\"1024\" height=\"683\" data-id=\"7469\" src=\"https:\/\/semfronteiras.eu\/wp-content\/uploads\/2022\/07\/IMG_0123-Copy-1024x683.jpg\" alt=\"\" class=\"wp-image-7469\" srcset=\"https:\/\/nsf.pt\/wp-content\/uploads\/2022\/07\/IMG_0123-Copy-1024x683.jpg 1024w, https:\/\/nsf.pt\/wp-content\/uploads\/2022\/07\/IMG_0123-Copy-300x200.jpg 300w, https:\/\/nsf.pt\/wp-content\/uploads\/2022\/07\/IMG_0123-Copy-768x512.jpg 768w, https:\/\/nsf.pt\/wp-content\/uploads\/2022\/07\/IMG_0123-Copy-1536x1024.jpg 1536w, https:\/\/nsf.pt\/wp-content\/uploads\/2022\/07\/IMG_0123-Copy-2048x1365.jpg 2048w\" sizes=\"(max-width: 1024px) 100vw, 1024px\" \/><\/figure>\n<\/figure>\n\n\n\n<h3 class=\"wp-block-heading\">Mem\u00f3rias<\/h3>\n\n\n\n<p>Sobre as mem\u00f3rias recordou-se que os processos de rememora\u00e7\u00e3o s\u00e3o baseados em reconstru\u00e7\u00f5es do passado a partir de crit\u00e9rios que s\u00e3o selecionados em fun\u00e7\u00e3o de interesses e objetivos do presente e por vezes do futuro. Devem ser na medida do poss\u00edvel contextualizados com elementos de natureza objetiva e serem associados a abordagens coletivas que os mecanismos de <em>storytelling<\/em> podem facilitar.<\/p>\n\n\n\n<p><\/p>\n\n\n\n<h3 class=\"wp-block-heading\">Totalitarismo<\/h3>\n\n\n\n<p>Quanto ao totalitarismo, admitiu-se que deveria ser mencionado de forma mais premente para categorizar o autoritarismo que vigorou anos a fio em nome das bases ideol\u00f3gicas que o comunismo e o socialismo legaram ao universo pol\u00edtico, cultural e social no mundo. Poetas, escritores, intelectuais brilhantes e pensadores do desenvolvimento das sociedades modernas estiveram associados a estes conceitos que sempre ligaram a um mundo mais justo e melhor.  O debate sobre o Estado Totalit\u00e1rio na vers\u00e3o do partido \u00fanico que pretende substituir-se \u00e0 pr\u00f3pria sociedade continua a ter todo o sentido porque \u00e0s tantas o modelo estalinista, uma abordagem diferente do Estado Totalit\u00e1rio fascista, ter\u00e1 tido v\u00e1rias aplica\u00e7\u00f5es  e outras vers\u00f5es, tudo o indica na Alb\u00e2nia com um pendor nacionalista.<\/p>\n\n\n\n<p><\/p>\n\n\n\n<h3 class=\"wp-block-heading\">Democracias<\/h3>\n\n\n\n<p>Por sua vez a democracia aqui abordada no plural n\u00e3o pode ser considerado um sistema perfeito para a organiza\u00e7\u00e3o da vida em conjunto de forma adequada. Os imperativos democr\u00e1ticos do pluralismo, das institui\u00e7\u00f5es representativas, da separa\u00e7\u00e3o de poderes (caracter\u00edstica do Estado de Direito), dos direitos fundamentais como a liberdade de express\u00e3o, de culto, de direitos pol\u00edticos, entre outros, devem ser considerados b\u00e1sicos e essenciais, mas a luta pelo aperfei\u00e7oamento das democracias para que combinem de forma cada vez mais din\u00e2mica os mecanismos representativos com os participativos devem ser uma prioridade. S\u00f3 sistemas de governa\u00e7\u00e3o fortemente participativos poder\u00e3o impedir o sucesso dos mais recentes ataques aos sistemas democr\u00e1ticos representados pelos novos populistas.<\/p>\n\n\n\n<p><\/p>\n\n\n\n<h2 class=\"wp-block-heading\">A exposi\u00e7\u00e3o e os debates<\/h2>\n\n\n\n<p>Um dos espa\u00e7os mais vivos da jornada, em mat\u00e9ria de apresenta\u00e7\u00f5es e debates, foi a \u00e1rea de Exposi\u00e7\u00e3o dos POSTERS dos cinco parceiros do projeto.<\/p>\n\n\n\n<p>Foram os jovens que apresentaram os diversos temas e a pol\u00e9mica instalou-se a par de perguntas e respostas dadas a quente e nem sempre aceites de forma imediata pelos presentes. <\/p>\n\n\n\n<p><\/p>\n\n\n\n<figure class=\"wp-block-gallery has-nested-images columns-default is-cropped wp-block-gallery-11 is-layout-flex wp-block-gallery-is-layout-flex\">\n<figure class=\"wp-block-image size-large is-style-default\"><img decoding=\"async\" loading=\"lazy\" width=\"1024\" height=\"683\" data-id=\"7474\" src=\"https:\/\/semfronteiras.eu\/wp-content\/uploads\/2022\/07\/IMG_0175-Copy-1024x683.jpg\" alt=\"\" class=\"wp-image-7474\" srcset=\"https:\/\/nsf.pt\/wp-content\/uploads\/2022\/07\/IMG_0175-Copy-1024x683.jpg 1024w, https:\/\/nsf.pt\/wp-content\/uploads\/2022\/07\/IMG_0175-Copy-300x200.jpg 300w, https:\/\/nsf.pt\/wp-content\/uploads\/2022\/07\/IMG_0175-Copy-768x512.jpg 768w, https:\/\/nsf.pt\/wp-content\/uploads\/2022\/07\/IMG_0175-Copy-1536x1024.jpg 1536w, https:\/\/nsf.pt\/wp-content\/uploads\/2022\/07\/IMG_0175-Copy-2048x1365.jpg 2048w\" sizes=\"(max-width: 1024px) 100vw, 1024px\" \/><\/figure>\n\n\n\n<figure class=\"wp-block-image size-large is-style-default\"><img decoding=\"async\" loading=\"lazy\" width=\"1024\" height=\"768\" data-id=\"7473\" src=\"https:\/\/semfronteiras.eu\/wp-content\/uploads\/2022\/07\/20220622_091342-1024x768.jpg\" alt=\"\" class=\"wp-image-7473\" srcset=\"https:\/\/nsf.pt\/wp-content\/uploads\/2022\/07\/20220622_091342-1024x768.jpg 1024w, https:\/\/nsf.pt\/wp-content\/uploads\/2022\/07\/20220622_091342-300x225.jpg 300w, https:\/\/nsf.pt\/wp-content\/uploads\/2022\/07\/20220622_091342-768x576.jpg 768w, https:\/\/nsf.pt\/wp-content\/uploads\/2022\/07\/20220622_091342-1536x1152.jpg 1536w, https:\/\/nsf.pt\/wp-content\/uploads\/2022\/07\/20220622_091342-2048x1536.jpg 2048w\" sizes=\"(max-width: 1024px) 100vw, 1024px\" \/><\/figure>\n\n\n\n<figure class=\"wp-block-image size-large is-style-default\"><img decoding=\"async\" loading=\"lazy\" width=\"1024\" height=\"683\" data-id=\"7475\" src=\"https:\/\/semfronteiras.eu\/wp-content\/uploads\/2022\/07\/IMG_0202-Copy-1024x683.jpg\" alt=\"\" class=\"wp-image-7475\" srcset=\"https:\/\/nsf.pt\/wp-content\/uploads\/2022\/07\/IMG_0202-Copy-1024x683.jpg 1024w, https:\/\/nsf.pt\/wp-content\/uploads\/2022\/07\/IMG_0202-Copy-300x200.jpg 300w, https:\/\/nsf.pt\/wp-content\/uploads\/2022\/07\/IMG_0202-Copy-768x512.jpg 768w, https:\/\/nsf.pt\/wp-content\/uploads\/2022\/07\/IMG_0202-Copy-1536x1024.jpg 1536w, https:\/\/nsf.pt\/wp-content\/uploads\/2022\/07\/IMG_0202-Copy-2048x1365.jpg 2048w\" sizes=\"(max-width: 1024px) 100vw, 1024px\" \/><\/figure>\n<\/figure>\n\n\n\n<p>Uma coisa \u00e9 certa os t\u00f3picos que s\u00e3o objeto de trabalho e de aprofundamento por parte de todos os parceiros do projeto est\u00e3o a ganhar com a participa\u00e7\u00e3o direta dos mais jovens que querem ser ativos nesta iniciativa que ainda vai ter dois momentos cruciais no seu percurso: Forli (It\u00e1lia) em princ\u00edpios de outubro e Marinha Grande, em finais de outubro do corrente ano.<\/p>\n\n\n\n<figure class=\"wp-block-gallery has-nested-images columns-default is-cropped wp-block-gallery-13 is-layout-flex wp-block-gallery-is-layout-flex\">\n<figure class=\"wp-block-image size-large is-style-default\"><img decoding=\"async\" loading=\"lazy\" width=\"1024\" height=\"683\" data-id=\"7479\" src=\"https:\/\/semfronteiras.eu\/wp-content\/uploads\/2022\/07\/IMG_0463-1024x683.jpg\" alt=\"\" class=\"wp-image-7479\" srcset=\"https:\/\/nsf.pt\/wp-content\/uploads\/2022\/07\/IMG_0463-1024x683.jpg 1024w, https:\/\/nsf.pt\/wp-content\/uploads\/2022\/07\/IMG_0463-300x200.jpg 300w, https:\/\/nsf.pt\/wp-content\/uploads\/2022\/07\/IMG_0463-768x512.jpg 768w, https:\/\/nsf.pt\/wp-content\/uploads\/2022\/07\/IMG_0463-1536x1024.jpg 1536w, https:\/\/nsf.pt\/wp-content\/uploads\/2022\/07\/IMG_0463-2048x1365.jpg 2048w\" sizes=\"(max-width: 1024px) 100vw, 1024px\" \/><\/figure>\n\n\n\n<figure class=\"wp-block-image size-large is-style-default\"><img decoding=\"async\" loading=\"lazy\" width=\"1024\" height=\"683\" data-id=\"7478\" src=\"https:\/\/semfronteiras.eu\/wp-content\/uploads\/2022\/07\/IMG_9944-1024x683.jpg\" alt=\"\" class=\"wp-image-7478\" srcset=\"https:\/\/nsf.pt\/wp-content\/uploads\/2022\/07\/IMG_9944-1024x683.jpg 1024w, https:\/\/nsf.pt\/wp-content\/uploads\/2022\/07\/IMG_9944-300x200.jpg 300w, https:\/\/nsf.pt\/wp-content\/uploads\/2022\/07\/IMG_9944-768x512.jpg 768w, https:\/\/nsf.pt\/wp-content\/uploads\/2022\/07\/IMG_9944-1536x1024.jpg 1536w, https:\/\/nsf.pt\/wp-content\/uploads\/2022\/07\/IMG_9944-2048x1365.jpg 2048w\" sizes=\"(max-width: 1024px) 100vw, 1024px\" \/><\/figure>\n<\/figure>\n\n\n\n<h2 class=\"wp-block-heading\">Video &#8220;Meeting Shkodra&#8221;<\/h2>\n\n\n\n<figure class=\"wp-block-embed is-type-video is-provider-youtube wp-block-embed-youtube wp-embed-aspect-16-9 wp-has-aspect-ratio\"><div class=\"wp-block-embed__wrapper\">\n<iframe loading=\"lazy\" title=\"Meeting de Shkodra - Projeto  People\" width=\"640\" height=\"360\" src=\"https:\/\/www.youtube.com\/embed\/RchQcP_HiYs?feature=oembed\" frameborder=\"0\" allow=\"accelerometer; autoplay; clipboard-write; encrypted-media; gyroscope; picture-in-picture\" allowfullscreen><\/iframe>\n<\/div><\/figure>\n\n\n\n<p><\/p>\n\n\n\n<p><em>V\u00eddeo e fotos \u00a9 CR\/ Caixamedia<\/em><\/p>\n","protected":false},"excerpt":{"rendered":"<p>MUNDO | DOSSI\u00ca Alb\u00e2nia Hoje (4) \u2013 18 de julho 2022 | Reportagem SF \u00a9carlosribeiro&#8230;<\/p>\n","protected":false},"author":2,"featured_media":7480,"comment_status":"open","ping_status":"open","sticky":true,"template":"","format":"standard","meta":{"sfsi_plus_gutenberg_text_before_share":"","sfsi_plus_gutenberg_show_text_before_share":"","sfsi_plus_gutenberg_icon_type":"","sfsi_plus_gutenberg_icon_alignemt":"","sfsi_plus_gutenburg_max_per_row":"","ngg_post_thumbnail":0,"footnotes":""},"categories":[377,238,174,236],"tags":[370],"featured_image_urls":{"full":["https:\/\/nsf.pt\/wp-content\/uploads\/2022\/07\/albania-baner.jpg",1077,608,false],"thumbnail":["https:\/\/nsf.pt\/wp-content\/uploads\/2022\/07\/albania-baner-150x150.jpg",150,150,true],"medium":["https:\/\/nsf.pt\/wp-content\/uploads\/2022\/07\/albania-baner-300x169.jpg",300,169,true],"medium_large":["https:\/\/nsf.pt\/wp-content\/uploads\/2022\/07\/albania-baner-768x434.jpg",640,362,true],"large":["https:\/\/nsf.pt\/wp-content\/uploads\/2022\/07\/albania-baner-1024x578.jpg",640,361,true],"1536x1536":["https:\/\/nsf.pt\/wp-content\/uploads\/2022\/07\/albania-baner.jpg",1077,608,false],"2048x2048":["https:\/\/nsf.pt\/wp-content\/uploads\/2022\/07\/albania-baner.jpg",1077,608,false],"covernews-slider-full":["https:\/\/nsf.pt\/wp-content\/uploads\/2022\/07\/albania-baner.jpg",1077,608,false],"covernews-slider-center":["https:\/\/nsf.pt\/wp-content\/uploads\/2022\/07\/albania-baner-800x500.jpg",800,500,true],"covernews-featured":["https:\/\/nsf.pt\/wp-content\/uploads\/2022\/07\/albania-baner-1024x578.jpg",1024,578,true],"covernews-medium":["https:\/\/nsf.pt\/wp-content\/uploads\/2022\/07\/albania-baner-540x340.jpg",540,340,true],"covernews-medium-square":["https:\/\/nsf.pt\/wp-content\/uploads\/2022\/07\/albania-baner-400x250.jpg",400,250,true]},"author_info":{"info":["Carlos Ribeiro"]},"category_info":"<a href=\"http:\/\/nsf.pt\/index.php\/category\/albania-2022\/\" rel=\"category tag\">ALB\u00c2NIA 2022<\/a> <a href=\"http:\/\/nsf.pt\/index.php\/category\/destaque\/\" rel=\"category tag\">DESTAQUE<\/a> <a href=\"http:\/\/nsf.pt\/index.php\/category\/especial-sf\/dossies\/\" rel=\"category tag\">DOSSI\u00caS<\/a> <a href=\"http:\/\/nsf.pt\/index.php\/category\/mundo\/\" rel=\"category tag\">MUNDO<\/a>","tag_info":"MUNDO","comment_count":"0","_links":{"self":[{"href":"http:\/\/nsf.pt\/index.php\/wp-json\/wp\/v2\/posts\/7453"}],"collection":[{"href":"http:\/\/nsf.pt\/index.php\/wp-json\/wp\/v2\/posts"}],"about":[{"href":"http:\/\/nsf.pt\/index.php\/wp-json\/wp\/v2\/types\/post"}],"author":[{"embeddable":true,"href":"http:\/\/nsf.pt\/index.php\/wp-json\/wp\/v2\/users\/2"}],"replies":[{"embeddable":true,"href":"http:\/\/nsf.pt\/index.php\/wp-json\/wp\/v2\/comments?post=7453"}],"version-history":[{"count":1,"href":"http:\/\/nsf.pt\/index.php\/wp-json\/wp\/v2\/posts\/7453\/revisions"}],"predecessor-version":[{"id":7481,"href":"http:\/\/nsf.pt\/index.php\/wp-json\/wp\/v2\/posts\/7453\/revisions\/7481"}],"wp:featuredmedia":[{"embeddable":true,"href":"http:\/\/nsf.pt\/index.php\/wp-json\/wp\/v2\/media\/7480"}],"wp:attachment":[{"href":"http:\/\/nsf.pt\/index.php\/wp-json\/wp\/v2\/media?parent=7453"}],"wp:term":[{"taxonomy":"category","embeddable":true,"href":"http:\/\/nsf.pt\/index.php\/wp-json\/wp\/v2\/categories?post=7453"},{"taxonomy":"post_tag","embeddable":true,"href":"http:\/\/nsf.pt\/index.php\/wp-json\/wp\/v2\/tags?post=7453"}],"curies":[{"name":"wp","href":"https:\/\/api.w.org\/{rel}","templated":true}]}}