{"id":7518,"date":"2022-07-20T21:36:04","date_gmt":"2022-07-20T21:36:04","guid":{"rendered":"https:\/\/semfronteiras.eu\/?p=7518"},"modified":"2022-07-20T21:36:08","modified_gmt":"2022-07-20T21:36:08","slug":"naufragos-do-socialismo-agarram-se-a-tabua-podre-do-anticomunismo","status":"publish","type":"post","link":"http:\/\/nsf.pt\/index.php\/2022\/07\/20\/naufragos-do-socialismo-agarram-se-a-tabua-podre-do-anticomunismo\/","title":{"rendered":"N\u00e1ufragos do socialismo agarram-se \u00e0 t\u00e1bua podre do anticomunismo"},"content":{"rendered":"\n<p><mark style=\"background-color:rgba(0, 0, 0, 0)\" class=\"has-inline-color has-vivid-red-color\"><strong>MUNDO<\/strong><\/mark> | DOSSI\u00ca Alb\u00e2nia Hoje (5) \u2013 20 de julho 2022 | DEBATE | Opini\u00e3o<\/p>\n\n\n\n<p>OPINI\u00c3O por <strong>Manuel Rodrigues<\/strong><\/p>\n\n\n\n<figure class=\"wp-block-image size-full is-resized is-style-default\"><img decoding=\"async\" loading=\"lazy\" src=\"https:\/\/semfronteiras.eu\/wp-content\/uploads\/2022\/07\/MROD1-1.jpg\" alt=\"\" class=\"wp-image-7522\" width=\"286\" height=\"263\" srcset=\"https:\/\/nsf.pt\/wp-content\/uploads\/2022\/07\/MROD1-1.jpg 411w, https:\/\/nsf.pt\/wp-content\/uploads\/2022\/07\/MROD1-1-300x276.jpg 300w\" sizes=\"(max-width: 286px) 100vw, 286px\" \/><\/figure>\n\n\n\n<p>Num artigo de 9 de Julho no Sem Fronteiras, Carlos Ribeiro citou e concordou com uma publica\u00e7\u00e3o de 1992 sa\u00edda no jornal<a href=\"https:\/\/semfronteiras.eu\/index.php\/2022\/07\/09\/naufragos-do-socialismo\/\"> Expresso do jornalista Daniel Ribeiro <\/a>(DR), sobre o socialismo alban\u00eas.<\/p>\n\n\n\n<p><\/p>\n\n\n\n<p>\u00c9 o segundo artigo de Carlos Ribeiro (CR) sobre a sua recente visita \u00e0 Alb\u00e2nia, integrado numa delega\u00e7\u00e3o da AEP61\/74-Associa\u00e7\u00e3o de Exilados Pol\u00edticos Portugueses, no \u00e2mbito do Projecto PEOPLE. Dado que CR esteve na Alb\u00e2nia no tempo do socialismo alban\u00eas esperava eu, com esta visita, que nos desse informa\u00e7\u00f5es sobre a Alb\u00e2nia actual e as diferen\u00e7as com a daquele tempo.<\/p>\n\n\n\n<p>Mas n\u00e3o, CR foi ao \u201cba\u00fa\u201d desenterrar o artigo de Daniel Ribeiro que, naquele tempo, funcionou, na minha mod\u00e9stia opini\u00e3o, como certificado de ajuste de contas com o seu passado pol\u00edtico. CR aproveitou, assim, a sua visita \u00e0 Alb\u00e2nia para nos mostrar n\u00e3o a realidade albanesa, mas o seu \u201cprocesso pessoal de descomuniza\u00e7\u00e3o\u201d, abrindo \u201cfogo\u201d sobre o passado no estilo terra queimada. L\u00e1 se foi o esp\u00edrito da paz por ribeiro abaixo.<\/p>\n\n\n\n<p>Eu, como CR e DR., tamb\u00e9m sou n\u00e1ufrago do socialismo alban\u00eas. Mas n\u00e3o me agarro a essa t\u00e1bua podre anticomunista e continuo na minha.Vou apresentar alguns dados no sentido de tentar criar obst\u00e1culos ao \u201cprocesso de descomuniza\u00e7\u00e3o\u201d de CR e DR.<\/p>\n\n\n\n<p><\/p>\n\n\n\n<h2 class=\"wp-block-heading\">Pleno emprego<\/h2>\n\n\n\n<p>No tempo do socialismo alban\u00eas havia pleno emprego. Agora em Maio de 2022 havia 14,7% de desemprego e nos jovens 20%. \u00c9 discut\u00edvel se o pleno emprego era rent\u00e1vel e produtivo, mas essa \u00e9 uma discuss\u00e3o para outro f\u00f3rum. No entanto todos tinham o seu emprego<\/p>\n\n\n\n<p><\/p>\n\n\n\n<h2 class=\"wp-block-heading\">Trabalho igual, sal\u00e1rio igual<\/h2>\n\n\n\n<p>Para trabalho igual de homens e mulheres havia o mesmo sal\u00e1rio. E ai de quem n\u00e3o cumprisse. Agora na Alb\u00e2nia para o mesmo trabalho o sal\u00e1rio das mulheres \u00e9 em m\u00e9dia 11,5 % inferior ao dos homens.<\/p>\n\n\n\n<p><\/p>\n\n\n\n<h2 class=\"wp-block-heading\">Emigra\u00e7\u00e3o inexistente<\/h2>\n\n\n\n<p>Como DR diz no seu artigo a emigra\u00e7\u00e3o n\u00e3o existia, era proibida e reprimida. Agora no final de 2021 a emigra\u00e7\u00e3o atingiu cerca de 1milh\u00e3o &nbsp;700 mil pessoas, cerca de 43% da popula\u00e7\u00e3o, o que faz da Alb\u00e2nia o pa\u00eds do Mundo com maior taxa de emigra\u00e7\u00e3o. Claro que n\u00e3o foi inteligente proibir a imigra\u00e7\u00e3o, at\u00e9 porque poderia ter servido de escape social para o regime. Mas os factos s\u00e3o factos e cada um tira as suas conclus\u00f5es.<\/p>\n\n\n\n<p><\/p>\n\n\n\n<h2 class=\"wp-block-heading\">Leque salarial<\/h2>\n\n\n\n<p>Sobre o sal\u00e1rio DR e CR dizem que era mentira o leque salarial de tr\u00eas para um, mas depois noutra parte da pe\u00e7a dizem e passo a citar \u201co sal\u00e1rio do oper\u00e1rio alban\u00eas vai 500 a 800 leks e de um alto funcion\u00e1rio 2000\u201d. Digam mal, mas n\u00e3o se atrapalhem.<\/p>\n\n\n\n<p><\/p>\n\n\n\n<h2 class=\"wp-block-heading\">Habita\u00e7\u00e3o para todos<\/h2>\n\n\n\n<p>Na habita\u00e7\u00e3o era distribu\u00edda a cada fam\u00edlia trabalhadora um TO, T1 ou T3 de acordo com o tamanho da fam\u00edlia, a proximidade do local de trabalho e, v\u00e1 l\u00e1, com a opini\u00e3o do comit\u00e9 local do Partido do Trabalho da Alb\u00e2nia (PTA). CR e DR podem dizer que essa opini\u00e3o n\u00e3o era isenta nem respeitava a vontade de escolha de cada fam\u00edlia. Sobre a isen\u00e7\u00e3o at\u00e9 estou de acordo pois se virmos a pr\u00e1tica do partido socialista portugu\u00eas (de que CR e DR s\u00e3o adeptos) na atribui\u00e7\u00e3o de empregos, subs\u00eddios, habita\u00e7\u00e3o, e outros favores aos \u201cseus\u201d, tamb\u00e9m era prov\u00e1vel que na Alb\u00e2nia houvesse \u201ccunhas\u201d, embora o \u201crisco\u201d para os praticantes fosse grande. <\/p>\n\n\n\n<p><\/p>\n\n\n\n<h2 class=\"wp-block-heading\">Acabamentos exteriores das casas n\u00e3o eram bonitos <\/h2>\n\n\n\n<p>J\u00e1 sobre a liberdade de escolha estou de acordo, n\u00e3o existia. Agora existe desde que tenham dinheiro. Por exemplo para um ordenado m\u00e9dio mensal de 45000 leks pode-se escolher entre um T0 de &nbsp;com renda mensal de 36000 leks dentro de Tirana e de 22000&nbsp; nos arredores. Para um T3 pode-se escolher entre um de 62000 leks dentro de Tirana e 37000 nos arredores. As casas distribu\u00eddas n\u00e3o tinham bonitos acabamentos, sobretudo exteriores, aonde a falta de gosto predominava, mas n\u00e3o eram as barracas dos bidonvilles dos oper\u00e1rios portugueses, que CR e DR tamb\u00e9m conheceram em Paris.<\/p>\n\n\n\n<p><\/p>\n\n\n\n<h2 class=\"wp-block-heading\">Sa\u00fade nacionalizada e gratuita<\/h2>\n\n\n\n<p>Sobre a sa\u00fade, era nacionalizada e n\u00e3o havia medicina privada. \u00c9 verdade que era deficiente, mas gratuita para todos. Agora \u00e9 mais avan\u00e7ada, multiplicaram-se os hospitais privados e quem quer ter boa sa\u00fade paga-a. O pr\u00f3prio Estado paga aos privados. Com despesas de sa\u00fade de 4,8% do PIB alban\u00eas e 14,6%do Or\u00e7amento anual, s\u00f3 42% vai para o sector p\u00fablico. O restante 58% vai para os privados.<\/p>\n\n\n\n<p><\/p>\n\n\n\n<h2 class=\"wp-block-heading\">Um instituto superior de engenharia na Tratori<\/h2>\n\n\n\n<p>Sobre a educa\u00e7\u00e3o, era universal, gratuita e p\u00fablica. O acesso ao ensino superior n\u00e3o era s\u00f3 para as \u201celites\u201d do partido como dizem CR e DR. Por exemplo, na principal f\u00e1brica metal\u00fargica de Tirana (Tratori), que visitei, um complexo com cerca de 4000 trabalhadores e trabalhadoras, havia uma escola secund\u00e1ria e um instituto superior de engenharia, integrados no complexo e frequentado por oper\u00e1rios da f\u00e1brica.Agora \u00e9 diferente. Todos podem ter acesso a um curso superior desde que tenham dinheiro. As universidades privadas multiplicaram-se. Para tirar um curso superior de 4 anos numa privada \u00e9 necess\u00e1rio dispor de 2000 a 6000 euros anuais. Para quem ganha em m\u00e9dia cerca de 200 euros mensais \u00e9 obra.<\/p>\n\n\n\n<p><\/p>\n\n\n\n<h2 class=\"wp-block-heading\">N\u00e3o havia m\u00e1fias<\/h2>\n\n\n\n<p>Sobre a seguran\u00e7a ela foi levada ao extremo e exagerada, mas n\u00e3o havia nenhuma mafia organizada por medo. Agora h\u00e1 cerca de 15 fam\u00edlias mafiosas com forte influ\u00eancia n\u00e3o s\u00f3 na Alb\u00e2nia, mas tamb\u00e9m em Fran\u00e7a e na Inglaterra.<\/p>\n\n\n\n<p><\/p>\n\n\n\n<h2 class=\"wp-block-heading\">Alb\u00e2nia independente dos blocos militares<\/h2>\n\n\n\n<p>Sobre a pol\u00edtica de defesa, CR e DR ridicularizam os milhares de \u201ccogumelos\u201d existentes em toda a costa adri\u00e1tica albanesa, esperando uma invas\u00e3o que ainda n\u00e3o chegou. Um exagero, sem d\u00favida, com elevado peso no or\u00e7amento do Estado. A Alb\u00e2nia era independente da Nato e do Pacto de Vars\u00f3via, os dirigentes do PTA temiam a Invas\u00e3o, mas nunca tiveram pretens\u00f5es de invadir os vizinhos (ou pelo menos a manifestaram, porque nos Balc\u00e3s os nacionalismos s\u00e3o assunto complicado). Agora a Alb\u00e2nia pertence \u00e0 Nato e o Imp\u00e9rio Americano est\u00e1 a negociar a constru\u00e7\u00e3o de uma base em Porto Romano, de apoio \u00e0 S\u00e9tima Esquadra e \u00e0s For\u00e7as Especiais Americanas no quadro de prepara\u00e7\u00e3o da mobiliza\u00e7\u00e3o da for\u00e7a de interven\u00e7\u00e3o r\u00e1pida da Nato de 300.000 efectivos. Cheira que n\u00e3o \u00e9 para defender a Alb\u00e2nia dos vizinhos.<\/p>\n\n\n\n<p><\/p>\n\n\n\n<h2 class=\"wp-block-heading\">Liberdade de imprensa n\u00e3o existia<\/h2>\n\n\n\n<p>Sobre a liberdade de imprensa CR e DR t\u00eam raz\u00e3o n\u00e3o existia. \u00c9 sem d\u00favida um dos grandes fracassos do socialismo alban\u00eas e de outros socialismos. Agora existe, com alguns problemas. Sobre eles cito quem sabe da poda, os Reporters Sem Fronteiras (2021)<\/p>\n\n\n\n<p>\u201cNa Alb\u00e2nia a independ\u00eancia editorial da imprensa est\u00e1 amea\u00e7ada por uma regulamenta\u00e7\u00e3o partid\u00e1ria. Os jornalistas s\u00e3o v\u00edtimas do crime organizado e \u00e0s vezes da viol\u00eancia policial, incentivados pelo fracasso do Estado em garantir protec\u00e7\u00e3o.\u201d<\/p>\n\n\n\n<p>\u201cUma parte significativa do mercado da imprensa albanesa est\u00e1 concentrada nas m\u00e3os de quatro ou cinco empresas. O financiamento p\u00fablico responde por uma grande parte da receita, mas a sua distribui\u00e7\u00e3o, opaca e discriminat\u00f3ria, levanta suspeitas de tr\u00e1fico de influ\u00eancia\u201d.<\/p>\n\n\n\n<p><\/p>\n\n\n\n<h2 class=\"wp-block-heading\">A liberdade pol\u00edtica, cultural e religiosa<\/h2>\n\n\n\n<p>Sobre a liberdade pol\u00edtica, cultural e religiosa, CR e DR t\u00eam raz\u00e3o, embora exagerem. \u00c9 sem d\u00favida outro dos grandes fracassos do socialismo alban\u00eas e de outros socialismos. CR e DR dizem que em 1992, cito, \u201chavia 1200 prisioneiros pol\u00edticos na Alb\u00e2nia\u201d. Depois num passe de m\u00e1gica dizem que foram cerca de 250.000. Conhe\u00e7o CR e DR h\u00e1 cerca de 45 anos e os n\u00fameros nunca foram o forte deles.<\/p>\n\n\n\n<p><\/p>\n\n\n\n<h2 class=\"wp-block-heading\">Nunca me senti utilizado<\/h2>\n\n\n\n<p>CR e DR dizem que O PTA \u201cutilizava\u201d os partidos europeus que lhe eram pr\u00f3ximos. Em representa\u00e7\u00e3o do meu Partido nunca me senti utilizado. Se CR e DR se sentiram utilizados \u00e9 l\u00e1 com eles. Mas cuidado, quem se deixa utilizar uma vez pode ser utilizado 2 ou 3. E o imperialismo americano e a direita europeia t\u00eam larga experi\u00eancia na utiliza\u00e7\u00e3o dos incautos na sua j\u00e1 longa luta para desacreditar o socialismo.<\/p>\n\n\n\n<p><\/p>\n\n\n\n<h2 class=\"wp-block-heading\">Foi uma experi\u00eancia, n\u00e3o foi o para\u00edso<\/h2>\n\n\n\n<p>Ao colocar estes \u201cobst\u00e1culos\u201d no processo de descomuniza\u00e7\u00e3o de CR e DR n\u00e3o pretendo dizer que na Alb\u00e2nia Socialista foram 45 anos de \u201cpara\u00edso\u201d. Foi uma experi\u00eancia do povo alban\u00eas que na minha modesta opini\u00e3o deve ser contextualizada no tempo, avaliando os seus sucessos e fracassos.<\/p>\n\n\n\n<p>De acordo com os dados que apresentei anteriormente penso que estes 30 anos de \u201cDemocracia Albanesa\u201d integrada no Imp\u00e9rio Americano n\u00e3o s\u00e3o \u201co melhor dos mundos\u201d.<\/p>\n\n\n\n<p>Para n\u00f3s, n\u00e1ufragos do Socialismo Alban\u00eas, analisar os fracassos e sucessos de cada experi\u00eancia acho bem melhor do que agarrar a primeira t\u00e1bua podre de anticomunismo que nos apare\u00e7a.<\/p>\n\n\n\n<p><\/p>\n\n\n\n<figure class=\"wp-block-gallery has-nested-images columns-default is-cropped wp-block-gallery-1 is-layout-flex wp-block-gallery-is-layout-flex\">\n<figure class=\"wp-block-image size-large is-style-default\"><img decoding=\"async\" loading=\"lazy\" width=\"1024\" height=\"550\" data-id=\"7523\" src=\"https:\/\/semfronteiras.eu\/wp-content\/uploads\/2022\/07\/ALBANIA-BANER5-1-1024x550.jpg\" alt=\"\" class=\"wp-image-7523\" srcset=\"https:\/\/nsf.pt\/wp-content\/uploads\/2022\/07\/ALBANIA-BANER5-1-1024x550.jpg 1024w, https:\/\/nsf.pt\/wp-content\/uploads\/2022\/07\/ALBANIA-BANER5-1-300x161.jpg 300w, https:\/\/nsf.pt\/wp-content\/uploads\/2022\/07\/ALBANIA-BANER5-1-768x413.jpg 768w, https:\/\/nsf.pt\/wp-content\/uploads\/2022\/07\/ALBANIA-BANER5-1.jpg 1057w\" sizes=\"(max-width: 1024px) 100vw, 1024px\" \/><\/figure>\n<\/figure>\n\n\n\n<p><\/p>\n\n\n\n<p>Editado CR| Sem Fronteiras | (<em>subt\u00edtulos)<\/em><\/p>\n\n\n\n<p><\/p>\n\n\n\n<h2 class=\"wp-block-heading\">ARTIGOS ANTERIORES DO DOSSI\u00ca<\/h2>\n\n\n\n<p>1 &#8211; No pa\u00eds das \u00e1guias | <a href=\"https:\/\/semfronteiras.eu\/index.php\/2022\/07\/03\/no-pais-das-aguias\/\">LER <\/a><\/p>\n\n\n\n<p>2 &#8211; N\u00e1ufragos do socialismo | <a href=\"https:\/\/semfronteiras.eu\/index.php\/2022\/07\/09\/naufragos-do-socialismo\/\">LER <\/a><\/p>\n\n\n\n<p>3 &#8211; Escodra &#8220;N\u00e3o te esque\u00e7as de te lembrares&#8221; |<a href=\"https:\/\/semfronteiras.eu\/index.php\/2022\/07\/13\/escodra-nao-te-esquecas-de-te-lembrares\/\"> LER <\/a><\/p>\n\n\n\n<p>4 &#8211; Jovens trabalham as mem\u00f3rias da repress\u00e3o e das persegui\u00e7\u00f5es em Escodra | <a href=\"https:\/\/semfronteiras.eu\/index.php\/2022\/07\/18\/jovens-trabalham-as-memorias-da-repressao-e-das-perseguicoes-em-escodra\/\">LER <\/a><\/p>\n","protected":false},"excerpt":{"rendered":"<p>MUNDO | DOSSI\u00ca Alb\u00e2nia Hoje (5) \u2013 20 de julho 2022 | DEBATE | Opini\u00e3o&#8230;<\/p>\n","protected":false},"author":2,"featured_media":7520,"comment_status":"open","ping_status":"open","sticky":true,"template":"","format":"standard","meta":{"sfsi_plus_gutenberg_text_before_share":"","sfsi_plus_gutenberg_show_text_before_share":"","sfsi_plus_gutenberg_icon_type":"","sfsi_plus_gutenberg_icon_alignemt":"","sfsi_plus_gutenburg_max_per_row":"","ngg_post_thumbnail":0,"footnotes":""},"categories":[377,238,236,99],"tags":[370],"featured_image_urls":{"full":["https:\/\/nsf.pt\/wp-content\/uploads\/2022\/07\/ALBANIA-BANER5.jpg",1057,568,false],"thumbnail":["https:\/\/nsf.pt\/wp-content\/uploads\/2022\/07\/ALBANIA-BANER5-150x150.jpg",150,150,true],"medium":["https:\/\/nsf.pt\/wp-content\/uploads\/2022\/07\/ALBANIA-BANER5-300x161.jpg",300,161,true],"medium_large":["https:\/\/nsf.pt\/wp-content\/uploads\/2022\/07\/ALBANIA-BANER5-768x413.jpg",640,344,true],"large":["https:\/\/nsf.pt\/wp-content\/uploads\/2022\/07\/ALBANIA-BANER5-1024x550.jpg",640,344,true],"1536x1536":["https:\/\/nsf.pt\/wp-content\/uploads\/2022\/07\/ALBANIA-BANER5.jpg",1057,568,false],"2048x2048":["https:\/\/nsf.pt\/wp-content\/uploads\/2022\/07\/ALBANIA-BANER5.jpg",1057,568,false],"covernews-slider-full":["https:\/\/nsf.pt\/wp-content\/uploads\/2022\/07\/ALBANIA-BANER5.jpg",1057,568,false],"covernews-slider-center":["https:\/\/nsf.pt\/wp-content\/uploads\/2022\/07\/ALBANIA-BANER5-800x500.jpg",800,500,true],"covernews-featured":["https:\/\/nsf.pt\/wp-content\/uploads\/2022\/07\/ALBANIA-BANER5-1024x550.jpg",1024,550,true],"covernews-medium":["https:\/\/nsf.pt\/wp-content\/uploads\/2022\/07\/ALBANIA-BANER5-540x340.jpg",540,340,true],"covernews-medium-square":["https:\/\/nsf.pt\/wp-content\/uploads\/2022\/07\/ALBANIA-BANER5-400x250.jpg",400,250,true]},"author_info":{"info":["Carlos Ribeiro"]},"category_info":"<a href=\"http:\/\/nsf.pt\/index.php\/category\/albania-2022\/\" rel=\"category tag\">ALB\u00c2NIA 2022<\/a> <a href=\"http:\/\/nsf.pt\/index.php\/category\/destaque\/\" rel=\"category tag\">DESTAQUE<\/a> <a href=\"http:\/\/nsf.pt\/index.php\/category\/mundo\/\" rel=\"category tag\">MUNDO<\/a> <a href=\"http:\/\/nsf.pt\/index.php\/category\/opiniao\/\" rel=\"category tag\">OPINI\u00c3O<\/a>","tag_info":"OPINI\u00c3O","comment_count":"0","_links":{"self":[{"href":"http:\/\/nsf.pt\/index.php\/wp-json\/wp\/v2\/posts\/7518"}],"collection":[{"href":"http:\/\/nsf.pt\/index.php\/wp-json\/wp\/v2\/posts"}],"about":[{"href":"http:\/\/nsf.pt\/index.php\/wp-json\/wp\/v2\/types\/post"}],"author":[{"embeddable":true,"href":"http:\/\/nsf.pt\/index.php\/wp-json\/wp\/v2\/users\/2"}],"replies":[{"embeddable":true,"href":"http:\/\/nsf.pt\/index.php\/wp-json\/wp\/v2\/comments?post=7518"}],"version-history":[{"count":2,"href":"http:\/\/nsf.pt\/index.php\/wp-json\/wp\/v2\/posts\/7518\/revisions"}],"predecessor-version":[{"id":7525,"href":"http:\/\/nsf.pt\/index.php\/wp-json\/wp\/v2\/posts\/7518\/revisions\/7525"}],"wp:featuredmedia":[{"embeddable":true,"href":"http:\/\/nsf.pt\/index.php\/wp-json\/wp\/v2\/media\/7520"}],"wp:attachment":[{"href":"http:\/\/nsf.pt\/index.php\/wp-json\/wp\/v2\/media?parent=7518"}],"wp:term":[{"taxonomy":"category","embeddable":true,"href":"http:\/\/nsf.pt\/index.php\/wp-json\/wp\/v2\/categories?post=7518"},{"taxonomy":"post_tag","embeddable":true,"href":"http:\/\/nsf.pt\/index.php\/wp-json\/wp\/v2\/tags?post=7518"}],"curies":[{"name":"wp","href":"https:\/\/api.w.org\/{rel}","templated":true}]}}