{"id":7689,"date":"2022-08-03T00:40:14","date_gmt":"2022-08-03T00:40:14","guid":{"rendered":"https:\/\/semfronteiras.eu\/?p=7689"},"modified":"2022-08-03T00:58:00","modified_gmt":"2022-08-03T00:58:00","slug":"shqiperia-ime","status":"publish","type":"post","link":"http:\/\/nsf.pt\/index.php\/2022\/08\/03\/shqiperia-ime\/","title":{"rendered":"Shqip\u00ebria ime\u00a0"},"content":{"rendered":"\n<p><mark style=\"background-color:rgba(0, 0, 0, 0)\" class=\"has-inline-color has-vivid-red-color\"><strong>MUNDO<\/strong><\/mark> | DOSSI\u00ca Alb\u00e2nia Hoje (7) \u2013 03 de agosto 2022 | DEBATE | Opini\u00e3o<\/p>\n\n\n\n<p>OPINI\u00c3O | <strong><em>Shqip\u00ebria ime&nbsp;<\/em><\/strong><em>(a minha Alb\u00e2nia)&nbsp;<\/em><\/p>\n\n\n\n<figure class=\"wp-block-image size-full is-style-default\"><img decoding=\"async\" loading=\"lazy\" width=\"369\" height=\"364\" src=\"https:\/\/semfronteiras.eu\/wp-content\/uploads\/2022\/08\/carmos-gomes.jpg\" alt=\"\" class=\"wp-image-7690\" srcset=\"https:\/\/nsf.pt\/wp-content\/uploads\/2022\/08\/carmos-gomes.jpg 369w, https:\/\/nsf.pt\/wp-content\/uploads\/2022\/08\/carmos-gomes-300x296.jpg 300w\" sizes=\"(max-width: 369px) 100vw, 369px\" \/><\/figure>\n\n\n\n<h2 class=\"wp-block-heading\">por Maria do Carmo Gomes<\/h2>\n\n\n\n<h2 class=\"wp-block-heading\">A improv\u00e1vel Tirana&nbsp;<\/h2>\n\n\n\n<p>Fez este ano dez anos em que me mudei para Tirana, a capital da Alb\u00e2nia, por motivos profissionais. L\u00e1&nbsp;fiquei de 2012 a 2016, mais de quatro anos de uma experi\u00eancia pessoal e profissional intensas e de uma riqueza extraordin\u00e1ria. Da Alb\u00e2nia pouco sabia para&nbsp;al\u00e9m&nbsp;dos fatos hist\u00f3ricos a que todos fomos mais ou menos tendo acesso \u2013 o regime de Enver Hoxha, a transi\u00e7\u00e3o iniciada em 1989 e que culmina em 1991, e a lenta abertura e processo de moderniza\u00e7\u00e3o. A Alb\u00e2nia foi sempre um exemplo de um dos pa\u00edses europeus mais fechados devido ao regime comunista de Hoxha, e paradoxalmente, uma agonia para a maioria do seu povo e a gl\u00f3ria&nbsp;para alguns dos dirigentes e da elite pol\u00edtica do regime.&nbsp;<\/p>\n\n\n\n<p>Quando cheguei, na Primavera de 2012, fui imediatamente remetida para a ideia long\u00ednqua de um Portugal rural e pobre dos anos 60, com alguns sinais da crescente presen\u00e7a de um capitalismo emergente \u2013 o parque autom\u00f3vel, a expans\u00e3o imobili\u00e1ria (absolutamente desordenada), a aparente pujante e&nbsp;moderna&nbsp;vida social e econ\u00f3mica da capital albanesa. &nbsp;A lenta transforma\u00e7\u00e3o do tecido social e econ\u00f3mico mesmo no contexto dos Balc\u00e3s (em particular dos pa\u00edses provenientes da ex-Jugosl\u00e1via) era, no entanto, evidente.&nbsp;&nbsp;<\/p>\n\n\n\n<p><\/p>\n\n\n\n<h2 class=\"wp-block-heading\">Para al\u00e9m de Tirana<\/h2>\n\n\n\n<p>Sair de Tirana implicava um exerc\u00edcio de retorno ao passado. As estradas esburacadas, inacabadas, sem asfalto&#8230;&nbsp;as casas por terminar de construir&nbsp;\u00e0&nbsp;medida das remessas dos emigrantes,&nbsp;as aldeias isoladas sem abastecimento publico de \u00e1gua, &#8230; e muitas vezes ainda de eletricidade&#8230; as popula\u00e7\u00f5es rurais pobres, esquecidas, isoladas. O contraste com Tirana era evidente. As restantes cidades de media dimens\u00e3o eram um misto de urbanidade e ruralidade, pobreza e desenvolvimento em curso para alimentar principalmente a ind\u00fastria da constru\u00e7\u00e3o e do turismo (principalmente no Sul e na costa). E as perplexidades eram di\u00e1rias. <\/p>\n\n\n\n<p class=\"has-text-align-center has-cyan-bluish-gray-background-color has-background has-medium-font-size\">Era o pais mais pobre da Europa, a umas escassas centenas de quil\u00f3metros da Uni\u00e3o Europeia, a sul pela fronteira com a Gr\u00e9cia, a norte pela fronteira com a Cro\u00e1cia, a Oeste&#8230; a um Adri\u00e1tico de dist\u00e2ncia de um dos pa\u00edses mais desenvolvidos da Europa, <em>La&nbsp;bella Italia<\/em>.&nbsp;<\/p>\n\n\n\n<h2 class=\"wp-block-heading\">O caminho para a Uni\u00e3o Europeia&nbsp;<\/h2>\n\n\n\n<p>H\u00e1 uns dias atras, a Uni\u00e3o Europeia abriu as negocia\u00e7\u00f5es para a ades\u00e3o da Alb\u00e2nia como Estado-Membro. Ocorre esta decis\u00e3o no contexto de uma guerra entre a federa\u00e7\u00e3o Russa e a Ucr\u00e2nia(uma ex-rep\u00fablica da ex-URSS). A hist\u00f3ria tem sempre estas ironias. Tal como a ex-Jugosl\u00e1via ficou pelo caminho e as suas rep\u00fablicas n\u00e3o conseguiram a ades\u00e3o na altura&nbsp;\u00e0&nbsp;Uni\u00e3o Europeia tamb\u00e9m por causa de uma guerra (neste caso a Guerra dos Balc\u00e3s na d\u00e9cada de 90), a Alb\u00e2nia e a Maced\u00f3nia do Norte veem agora este processo iniciar-se ap\u00f3s longos anos de condicionalismos, exig\u00eancias e discuss\u00f5es t\u00e9cnico-pol\u00edticas, tamb\u00e9m sem d\u00favida por causa de um outro conflito que se passa noutra geografia, num outro contexto pol\u00edtico.&nbsp;<\/p>\n\n\n\n<p>Na Alb\u00e2nia, trabalhei sempre no setor da educa\u00e7\u00e3o, forma\u00e7\u00e3o e emprego. Coordenei por quase tr\u00eas anos (2012-15) um projeto financiado pela Uni\u00e3o Europeia para o desenvolvimento destes setores, e fiquei mais um ano e meio como assessora do Ministro do Trabalho e do Bem-estar Social (2015-16). Coincidiu este projeto com o fechar de um ciclo de governa\u00e7\u00e3o de Sali Berisha (liderado pelo Partido Democr\u00e1tico) e o in\u00edcio do ciclo de Edi Rama (liderado pelo Partido Socialista), que prometia a&nbsp;<em>Rilindja<\/em>&nbsp;(o renascimento alban\u00eas) e a aproxima\u00e7\u00e3o ao projeto europeu como grandes des\u00edgnios nacionais.&nbsp;<\/p>\n\n\n\n<div style=\"height:21px\" aria-hidden=\"true\" class=\"wp-block-spacer\"><\/div>\n\n\n\n<div class=\"wp-block-jetpack-tiled-gallery aligncenter is-style-rectangular\"><div class=\"tiled-gallery__gallery\"><div class=\"tiled-gallery__row\"><div class=\"tiled-gallery__col\" style=\"flex-basis:50.00000%\"><figure class=\"tiled-gallery__item\"><img decoding=\"async\" alt=\"\" data-height=\"1152\" data-id=\"7691\" data-link=\"https:\/\/semfronteiras.eu\/?attachment_id=7691\" data-url=\"https:\/\/semfronteiras.eu\/wp-content\/uploads\/2022\/08\/295026436_5222142501228564_4450720927931756684_n-1024x614.jpg\" data-width=\"1920\" src=\"https:\/\/i0.wp.com\/semfronteiras.eu\/wp-content\/uploads\/2022\/08\/295026436_5222142501228564_4450720927931756684_n-1024x614.jpg?ssl=1\" data-amp-layout=\"responsive\"\/><\/figure><\/div><div class=\"tiled-gallery__col\" style=\"flex-basis:50.00000%\"><figure class=\"tiled-gallery__item\"><img decoding=\"async\" alt=\"\" data-height=\"1152\" data-id=\"7692\" data-link=\"https:\/\/semfronteiras.eu\/?attachment_id=7692\" data-url=\"https:\/\/semfronteiras.eu\/wp-content\/uploads\/2022\/08\/295254129_422663783236787_7328800147784453598_n-1024x614.jpg\" data-width=\"1920\" src=\"https:\/\/i2.wp.com\/semfronteiras.eu\/wp-content\/uploads\/2022\/08\/295254129_422663783236787_7328800147784453598_n-1024x614.jpg?ssl=1\" data-amp-layout=\"responsive\"\/><\/figure><\/div><\/div><div class=\"tiled-gallery__row\"><div class=\"tiled-gallery__col\" style=\"flex-basis:100.00000%\"><figure class=\"tiled-gallery__item\"><img decoding=\"async\" alt=\"\" data-height=\"900\" data-id=\"7695\" data-link=\"https:\/\/semfronteiras.eu\/?attachment_id=7695\" data-url=\"https:\/\/semfronteiras.eu\/wp-content\/uploads\/2022\/08\/296096614_992217264782509_6602100907754692667_n-1024x461.jpg\" data-width=\"2000\" src=\"https:\/\/i0.wp.com\/semfronteiras.eu\/wp-content\/uploads\/2022\/08\/296096614_992217264782509_6602100907754692667_n-1024x461.jpg?ssl=1\" data-amp-layout=\"responsive\"\/><\/figure><\/div><\/div><div class=\"tiled-gallery__row\"><div class=\"tiled-gallery__col\" style=\"flex-basis:50.00000%\"><figure class=\"tiled-gallery__item\"><img decoding=\"async\" alt=\"\" data-height=\"1152\" data-id=\"7696\" data-link=\"https:\/\/semfronteiras.eu\/?attachment_id=7696\" data-url=\"https:\/\/semfronteiras.eu\/wp-content\/uploads\/2022\/08\/296192914_3723294914563672_7527462708119295_n-1024x614.jpg\" data-width=\"1920\" src=\"https:\/\/i2.wp.com\/semfronteiras.eu\/wp-content\/uploads\/2022\/08\/296192914_3723294914563672_7527462708119295_n-1024x614.jpg?ssl=1\" data-amp-layout=\"responsive\"\/><\/figure><\/div><div class=\"tiled-gallery__col\" style=\"flex-basis:50.00000%\"><figure class=\"tiled-gallery__item\"><img decoding=\"async\" alt=\"\" data-height=\"1152\" data-id=\"7697\" data-link=\"https:\/\/semfronteiras.eu\/?attachment_id=7697\" data-url=\"https:\/\/semfronteiras.eu\/wp-content\/uploads\/2022\/08\/296200835_1201624663739590_6959865760981813818_n-1024x614.jpg\" data-width=\"1920\" src=\"https:\/\/i0.wp.com\/semfronteiras.eu\/wp-content\/uploads\/2022\/08\/296200835_1201624663739590_6959865760981813818_n-1024x614.jpg?ssl=1\" data-amp-layout=\"responsive\"\/><\/figure><\/div><\/div><\/div><\/div>\n\n\n\n<div style=\"height:21px\" aria-hidden=\"true\" class=\"wp-block-spacer\"><\/div>\n\n\n\n<h2 class=\"wp-block-heading\">Emprego, educa\u00e7\u00e3o e forma\u00e7\u00e3o<\/h2>\n\n\n\n<p>O setor da educa\u00e7\u00e3o e forma\u00e7\u00e3o passava inevitavelmente pelo ajustamento da transi\u00e7\u00e3o para a democracia. O setor do emprego passava inevitavelmente pelo ajustamento da transi\u00e7\u00e3o para o capitalismo.&nbsp;&nbsp;<\/p>\n\n\n\n<p>Os desafios da transi\u00e7\u00e3o democr\u00e1tica para o sistema educativo passavam por diferentes aspetos. Apenas para nomear alguns, <\/p>\n\n\n\n<ul><li>a massifica\u00e7\u00e3o do acesso ao ensino superior atrav\u00e9s da prolifera\u00e7\u00e3o de estabelecimentos de ensino privados, <\/li><li>o acelerado desinteresse e desmantelamento do ensino t\u00e9cnico-profissional (quer pelo car\u00e1ter obsoleto das infraestruturas, dos equipamentos e das qualifica\u00e7\u00f5es oferecidas, quer pelo desinteresse dos alunos e fam\u00edlias por este tipo de ensino que trazia as reminisc\u00eancias do passado), <\/li><li>a fraca qualidade do sistema de ensino e dos resultados de aprendizagem obtidos pelos alunos (corroborados pelos resultados nos testes internacionais como PISA, TALIS), <\/li><li>a corrup\u00e7\u00e3o end\u00e9mica em todos os servi\u00e7os p\u00fablicos albaneses que permite o acesso e os resultados mediante contrapartidas financeiras, <\/li><li>o controlo politico dos dirigentes escolares em todo o sistema&nbsp;p\u00fablico, e por fim, <\/li><li>uma oferta de forma\u00e7\u00e3o profissional continua totalmente desajustada, desatualizada e, muitas das vezes, fict\u00edcia.&nbsp;<\/li><\/ul>\n\n\n\n<h2 class=\"wp-block-heading\">Desafios econ\u00f3micos<\/h2>\n\n\n\n<p>Os desafios econ\u00f3micos n\u00e3o eram menores. Para come\u00e7ar, a predomin\u00e2ncia do setor informal da economia e omnipresente desregula\u00e7\u00e3o das rela\u00e7\u00f5es laborais, os monop\u00f3lios econ\u00f3micos crescentes, a debilidade das micro e pequenas empresas de base familiar e maioritariamente no setor do com\u00e9rcio e dos servi\u00e7os, a especula\u00e7\u00e3o do setor da constru\u00e7\u00e3o e imobili\u00e1rio, a crescente presen\u00e7a e depend\u00eancia do setor do turismo, a depend\u00eancia industrial.&nbsp;<\/p>\n\n\n\n<p>E, para alem de todos estes elementos de transforma\u00e7\u00e3o, a pir\u00e2mide demogr\u00e1fica a inverter-se e a transi\u00e7\u00e3o digital como uma realidade inexor\u00e1vel.&nbsp;<\/p>\n\n\n\n<p>Era esta a Alb\u00e2nia de 2012, aos meus olhos e nos relat\u00f3rios que ia lendo.&nbsp;<\/p>\n\n\n\n<h2 class=\"wp-block-heading\">Os desafios estrat\u00e9gicos na educa\u00e7\u00e3o, forma\u00e7\u00e3o e emprego&nbsp;<\/h2>\n\n\n\n<p>Uma das minhas responsabilidades foi apoiar o governo alban\u00eas a preparar uma Estrat\u00e9gia Nacional para as Compet\u00eancias e o Emprego, para o per\u00edodo 2014-2020. Esse documento, aprovado em Conselho de Ministros de Novembro 2015, delineou uma vis\u00e3o para os setores da educa\u00e7\u00e3o, forma\u00e7\u00e3o e emprego, numa perspetiva de aprendizagem ao longo da vida, identificou as prioridades estrat\u00e9gicas e foi complementado por um plano de a\u00e7\u00e3o com medidas concretas a serem aplicadas.&nbsp;&nbsp;<\/p>\n\n\n\n<p>Foram quatro os pilares em que esta estrat\u00e9gia assentava: <\/p>\n\n\n\n<ul class=\"has-cyan-bluish-gray-background-color has-background\"><li>1. Promover o trabalho digno atrav\u00e9s de medidas de emprego eficazes; <\/li><li>2. Oferecer educa\u00e7\u00e3o e forma\u00e7\u00e3o de qualidade a jovens e adultos; <\/li><li>3. Promover a inclus\u00e3o social e a coes\u00e3o territorial; e <\/li><li>4. Refor\u00e7ar os mecanismos de governo do mercado de trabalho e do sistema de qualifica\u00e7\u00f5es.&nbsp;<\/li><\/ul>\n\n\n\n<p>Dada a sua abrang\u00eancia, esta estrat\u00e9gia acabou por ser o principal documento de refer\u00eancia para o desenvolvimento destes setores, para os apoios da Uni\u00e3o Europeia e outros doadores internacionais, e est<em>\u00e1<\/em>&nbsp;atualmente ainda em vigor.&nbsp;<\/p>\n\n\n\n<p><\/p>\n\n\n\n<h2 class=\"wp-block-heading\">Novo ciclo de planeamento<\/h2>\n\n\n\n<p>Tenho regressado com muita frequ\u00eancia&nbsp;\u00e0&nbsp;Alb\u00e2nia pelas fun\u00e7\u00f5es que desempenho atualmente. E na minha \u00faltima miss\u00e3o ao&nbsp;pa\u00eds, em Abril de 2022, fui convidada para ser oradora na&nbsp;confer\u00eancia&nbsp;nacional sobre o futuro da educa\u00e7\u00e3o, na qual se iniciou a prepara\u00e7\u00e3o do novo ciclo de planeamento estrat\u00e9gico. Os desafios permanecem gigantescos. Se, por um lado, verificaram-se muitos avan\u00e7os no plano legislativo, regulat\u00f3rio e institucional \u2013 os chamados mecanismos de governa\u00e7\u00e3o (ou governan\u00e7a) do setor \u2013 as \u00e1reas em que menos se avan\u00e7ou foram exatamente as que ligam o mundo da educa\u00e7\u00e3o e da forma\u00e7\u00e3o ao mundo do trabalho, a coes\u00e3o social e territorial, e em certa medida, garantir a qualidade dos resultados de aprendizagem em todos os n\u00edveis de ensino e setores de educa\u00e7\u00e3o-forma\u00e7\u00e3o.&nbsp;<\/p>\n\n\n\n<div style=\"height:21px\" aria-hidden=\"true\" class=\"wp-block-spacer\"><\/div>\n\n\n\n<div class=\"wp-block-jetpack-tiled-gallery aligncenter is-style-rectangular\"><div class=\"tiled-gallery__gallery\"><div class=\"tiled-gallery__row\"><div class=\"tiled-gallery__col\" style=\"flex-basis:42.89069%\"><figure class=\"tiled-gallery__item\"><img decoding=\"async\" alt=\"\" data-height=\"1152\" data-id=\"7699\" data-link=\"https:\/\/semfronteiras.eu\/?attachment_id=7699\" data-url=\"https:\/\/semfronteiras.eu\/wp-content\/uploads\/2022\/08\/296470362_581247286793603_8634386026371168395_n-1024x614.jpg\" data-width=\"1920\" src=\"https:\/\/i1.wp.com\/semfronteiras.eu\/wp-content\/uploads\/2022\/08\/296470362_581247286793603_8634386026371168395_n-1024x614.jpg?ssl=1\" data-amp-layout=\"responsive\"\/><\/figure><\/div><div class=\"tiled-gallery__col\" style=\"flex-basis:57.10931%\"><figure class=\"tiled-gallery__item\"><img decoding=\"async\" alt=\"\" data-height=\"900\" data-id=\"7700\" data-link=\"https:\/\/semfronteiras.eu\/?attachment_id=7700\" data-url=\"https:\/\/semfronteiras.eu\/wp-content\/uploads\/2022\/08\/296840873_918223329571226_4025465932857466744_n-1024x461.jpg\" data-width=\"2000\" src=\"https:\/\/i0.wp.com\/semfronteiras.eu\/wp-content\/uploads\/2022\/08\/296840873_918223329571226_4025465932857466744_n-1024x461.jpg?ssl=1\" data-amp-layout=\"responsive\"\/><\/figure><\/div><\/div><div class=\"tiled-gallery__row\"><div class=\"tiled-gallery__col\" style=\"flex-basis:32.61319%\"><figure class=\"tiled-gallery__item\"><img decoding=\"async\" alt=\"\" data-height=\"1152\" data-id=\"7701\" data-link=\"https:\/\/semfronteiras.eu\/?attachment_id=7701\" data-url=\"https:\/\/semfronteiras.eu\/wp-content\/uploads\/2022\/08\/295881655_626899545299675_6823490747772092820_n-1-1024x614.jpg\" data-width=\"1920\" src=\"https:\/\/i2.wp.com\/semfronteiras.eu\/wp-content\/uploads\/2022\/08\/295881655_626899545299675_6823490747772092820_n-1-1024x614.jpg?ssl=1\" data-amp-layout=\"responsive\"\/><\/figure><\/div><div class=\"tiled-gallery__col\" style=\"flex-basis:32.61319%\"><figure class=\"tiled-gallery__item\"><img decoding=\"async\" alt=\"\" data-height=\"1152\" data-id=\"7702\" data-link=\"https:\/\/semfronteiras.eu\/?attachment_id=7702\" data-url=\"https:\/\/semfronteiras.eu\/wp-content\/uploads\/2022\/08\/295856669_1098545964405009_1700571909577086498_n-1-1024x614.jpg\" data-width=\"1920\" src=\"https:\/\/i1.wp.com\/semfronteiras.eu\/wp-content\/uploads\/2022\/08\/295856669_1098545964405009_1700571909577086498_n-1-1024x614.jpg?ssl=1\" data-amp-layout=\"responsive\"\/><\/figure><\/div><div class=\"tiled-gallery__col\" style=\"flex-basis:34.77362%\"><figure class=\"tiled-gallery__item\"><img decoding=\"async\" alt=\"\" data-height=\"720\" data-id=\"7703\" data-link=\"https:\/\/semfronteiras.eu\/?attachment_id=7703\" data-url=\"https:\/\/semfronteiras.eu\/wp-content\/uploads\/2022\/08\/296149462_795627281474575_3779462260221709387_n-1024x576.jpg\" data-width=\"1280\" src=\"https:\/\/i1.wp.com\/semfronteiras.eu\/wp-content\/uploads\/2022\/08\/296149462_795627281474575_3779462260221709387_n-1024x576.jpg?ssl=1\" data-amp-layout=\"responsive\"\/><\/figure><\/div><\/div><\/div><\/div>\n\n\n\n<div style=\"height:21px\" aria-hidden=\"true\" class=\"wp-block-spacer\"><\/div>\n\n\n\n<p>O novo ciclo promete um foco e aten\u00e7\u00e3o maior a participa\u00e7\u00e3o dos parceiros sociais e do setor privado, em particular, na regula\u00e7\u00e3o, na defini\u00e7\u00e3o e na promo\u00e7\u00e3o da oferta educativa e formativa. Promete tamb\u00e9m olhar para os territ\u00f3rios rurais, mais pobres e com popula\u00e7\u00f5es mais vulner\u00e1veis social e economicamente e garantir que os mecanismos de promo\u00e7\u00e3o da igualdade de oportunidades come\u00e7am a fazer o seu caminho, e que a igualdade mais que uma condi\u00e7\u00e3o de partida,&nbsp;\u00e9&nbsp;uma condi\u00e7\u00e3o de chegada. <\/p>\n\n\n\n<p class=\"has-text-align-center has-cyan-bluish-gray-background-color has-background has-medium-font-size\">Promete ainda criar condi\u00e7\u00f5es mais favor\u00e1veis para os jovens albaneses que pretendem estudar, trabalhar e viver no seu pa\u00eds, travando o \u00eaxodo massivo de pessoas em idade ativa que se tem verificado nos \u00faltimos anos.&nbsp;&nbsp;<\/p>\n\n\n\n<p>E, finalmente, promete que aos adultos em idade ativa sejam permitidas oportunidades de desenvolvimento pessoal e profissional e proporcionadas oportunidades de aprendizagem ao longo da vida.<\/p>\n\n\n\n<p>A maioria dos albaneses n\u00e3o acredita que a escola publica e o sistema de ensino&nbsp;p\u00fablico&nbsp;tenha a qualidade necess\u00e1ria para as ambi\u00e7\u00f5es enormes dos seus filhos que&nbsp;<strong><em>s\u00e3o&nbsp;<\/em><\/strong>europeus e&nbsp;<strong><em>querem ser&nbsp;<\/em><\/strong>cidad\u00e3os europeus de pleno direito.&nbsp;&nbsp;<\/p>\n\n\n\n<p>O estado alban\u00eas democr\u00e1tico, livre e promotor de uma economia de mercado deve-lhes isso! Que o tempo de um desenvolvimento econ\u00f3mico equilibrado e justo, e da igualdade de oportunidades para todos e cada um, seja a&nbsp;<em>Shiperia Ime<\/em>!!! E que em breve possamos dizer \u201cMir\u00ebsevini\u201d&nbsp;\u00e0&nbsp;Uni\u00e3o Europeia!&nbsp;<\/p>\n\n\n\n<div style=\"height:21px\" aria-hidden=\"true\" class=\"wp-block-spacer\"><\/div>\n\n\n\n<div class=\"wp-block-jetpack-tiled-gallery aligncenter is-style-rectangular\"><div class=\"tiled-gallery__gallery\"><div class=\"tiled-gallery__row\"><div class=\"tiled-gallery__col\" style=\"flex-basis:39.10426%\"><figure class=\"tiled-gallery__item\"><img decoding=\"async\" alt=\"\" data-height=\"1920\" data-id=\"7704\" data-link=\"https:\/\/semfronteiras.eu\/?attachment_id=7704\" data-url=\"https:\/\/semfronteiras.eu\/wp-content\/uploads\/2022\/08\/296231161_515617380361491_1177780262247499_n-614x1024.jpg\" data-width=\"1152\" src=\"https:\/\/i2.wp.com\/semfronteiras.eu\/wp-content\/uploads\/2022\/08\/296231161_515617380361491_1177780262247499_n-614x1024.jpg?ssl=1\" data-amp-layout=\"responsive\"\/><\/figure><\/div><div class=\"tiled-gallery__col\" style=\"flex-basis:29.21357%\"><figure class=\"tiled-gallery__item\"><img decoding=\"async\" alt=\"\" data-height=\"2000\" data-id=\"7705\" data-link=\"https:\/\/semfronteiras.eu\/?attachment_id=7705\" data-url=\"https:\/\/semfronteiras.eu\/wp-content\/uploads\/2022\/08\/296238225_1459838074518690_3463203703351952234_n-459x1024.jpg\" data-width=\"896\" src=\"https:\/\/i2.wp.com\/semfronteiras.eu\/wp-content\/uploads\/2022\/08\/296238225_1459838074518690_3463203703351952234_n-459x1024.jpg?ssl=1\" data-amp-layout=\"responsive\"\/><\/figure><\/div><div class=\"tiled-gallery__col\" style=\"flex-basis:31.68217%\"><figure class=\"tiled-gallery__item\"><img decoding=\"async\" alt=\"\" data-height=\"1280\" data-id=\"7706\" data-link=\"https:\/\/semfronteiras.eu\/?attachment_id=7706\" data-url=\"https:\/\/semfronteiras.eu\/wp-content\/uploads\/2022\/08\/296123255_454194286313826_1255813482236546050_n-498x1024.jpg\" data-width=\"622\" src=\"https:\/\/i0.wp.com\/semfronteiras.eu\/wp-content\/uploads\/2022\/08\/296123255_454194286313826_1255813482236546050_n-498x1024.jpg?ssl=1\" data-amp-layout=\"responsive\"\/><\/figure><\/div><\/div><div class=\"tiled-gallery__row\"><div class=\"tiled-gallery__col\" style=\"flex-basis:48.39381%\"><figure class=\"tiled-gallery__item\"><img decoding=\"async\" alt=\"\" data-height=\"1152\" data-id=\"7707\" data-link=\"https:\/\/semfronteiras.eu\/?attachment_id=7707\" data-url=\"https:\/\/semfronteiras.eu\/wp-content\/uploads\/2022\/08\/296123255_825389905113109_4724084732575119264_n-1024x614.jpg\" data-width=\"1920\" src=\"https:\/\/i0.wp.com\/semfronteiras.eu\/wp-content\/uploads\/2022\/08\/296123255_825389905113109_4724084732575119264_n-1024x614.jpg?ssl=1\" data-amp-layout=\"responsive\"\/><\/figure><\/div><div class=\"tiled-gallery__col\" style=\"flex-basis:51.60619%\"><figure class=\"tiled-gallery__item\"><img decoding=\"async\" alt=\"\" data-height=\"720\" data-id=\"7708\" data-link=\"https:\/\/semfronteiras.eu\/?attachment_id=7708\" data-url=\"https:\/\/semfronteiras.eu\/wp-content\/uploads\/2022\/08\/296149462_795627281474575_3779462260221709387_n-1-1024x576.jpg\" data-width=\"1280\" src=\"https:\/\/i1.wp.com\/semfronteiras.eu\/wp-content\/uploads\/2022\/08\/296149462_795627281474575_3779462260221709387_n-1-1024x576.jpg?ssl=1\" data-amp-layout=\"responsive\"\/><\/figure><\/div><\/div><\/div><\/div>\n\n\n\n<div style=\"height:21px\" aria-hidden=\"true\" class=\"wp-block-spacer\"><\/div>\n\n\n\n<p>Fotos  \u00a9 Maria Garmo Gomes<\/p>\n\n\n\n<p><strong>Maria do Carmo Gomes,<\/strong> Investigadora Associada, CIES-IUL-ISCTE, ex-vice- Presidente da Ag\u00eancia Nacional para as Qualifica\u00e7\u00f5es, atual Coordenadora\/Perita da Funda\u00e7\u00e3o Europeia para a Forma\u00e7\u00e3o para um programa integrado nos diversos pa\u00edses dos Balc\u00e3s.<\/p>\n\n\n\n<p><\/p>\n\n\n\n<p><\/p>\n\n\n\n<div style=\"height:100px\" aria-hidden=\"true\" class=\"wp-block-spacer\"><\/div>\n","protected":false},"excerpt":{"rendered":"<p>MUNDO | DOSSI\u00ca Alb\u00e2nia Hoje (7) \u2013 03 de agosto 2022 | DEBATE | Opini\u00e3o&#8230;<\/p>\n","protected":false},"author":2,"featured_media":7714,"comment_status":"open","ping_status":"open","sticky":true,"template":"","format":"standard","meta":{"sfsi_plus_gutenberg_text_before_share":"","sfsi_plus_gutenberg_show_text_before_share":"","sfsi_plus_gutenberg_icon_type":"","sfsi_plus_gutenberg_icon_alignemt":"","sfsi_plus_gutenburg_max_per_row":"","ngg_post_thumbnail":0,"footnotes":""},"categories":[377,238,236],"tags":[370],"featured_image_urls":{"full":["https:\/\/nsf.pt\/wp-content\/uploads\/2022\/08\/sete.jpg",1072,476,false],"thumbnail":["https:\/\/nsf.pt\/wp-content\/uploads\/2022\/08\/sete-150x150.jpg",150,150,true],"medium":["https:\/\/nsf.pt\/wp-content\/uploads\/2022\/08\/sete-300x133.jpg",300,133,true],"medium_large":["https:\/\/nsf.pt\/wp-content\/uploads\/2022\/08\/sete-768x341.jpg",640,284,true],"large":["https:\/\/nsf.pt\/wp-content\/uploads\/2022\/08\/sete-1024x455.jpg",640,284,true],"1536x1536":["https:\/\/nsf.pt\/wp-content\/uploads\/2022\/08\/sete.jpg",1072,476,false],"2048x2048":["https:\/\/nsf.pt\/wp-content\/uploads\/2022\/08\/sete.jpg",1072,476,false],"covernews-slider-full":["https:\/\/nsf.pt\/wp-content\/uploads\/2022\/08\/sete.jpg",1072,476,false],"covernews-slider-center":["https:\/\/nsf.pt\/wp-content\/uploads\/2022\/08\/sete-800x476.jpg",800,476,true],"covernews-featured":["https:\/\/nsf.pt\/wp-content\/uploads\/2022\/08\/sete-1024x455.jpg",1024,455,true],"covernews-medium":["https:\/\/nsf.pt\/wp-content\/uploads\/2022\/08\/sete-540x340.jpg",540,340,true],"covernews-medium-square":["https:\/\/nsf.pt\/wp-content\/uploads\/2022\/08\/sete-400x250.jpg",400,250,true]},"author_info":{"info":["Carlos Ribeiro"]},"category_info":"<a href=\"http:\/\/nsf.pt\/index.php\/category\/albania-2022\/\" rel=\"category tag\">ALB\u00c2NIA 2022<\/a> <a href=\"http:\/\/nsf.pt\/index.php\/category\/destaque\/\" rel=\"category tag\">DESTAQUE<\/a> <a href=\"http:\/\/nsf.pt\/index.php\/category\/mundo\/\" rel=\"category tag\">MUNDO<\/a>","tag_info":"MUNDO","comment_count":"0","_links":{"self":[{"href":"http:\/\/nsf.pt\/index.php\/wp-json\/wp\/v2\/posts\/7689"}],"collection":[{"href":"http:\/\/nsf.pt\/index.php\/wp-json\/wp\/v2\/posts"}],"about":[{"href":"http:\/\/nsf.pt\/index.php\/wp-json\/wp\/v2\/types\/post"}],"author":[{"embeddable":true,"href":"http:\/\/nsf.pt\/index.php\/wp-json\/wp\/v2\/users\/2"}],"replies":[{"embeddable":true,"href":"http:\/\/nsf.pt\/index.php\/wp-json\/wp\/v2\/comments?post=7689"}],"version-history":[{"count":3,"href":"http:\/\/nsf.pt\/index.php\/wp-json\/wp\/v2\/posts\/7689\/revisions"}],"predecessor-version":[{"id":7715,"href":"http:\/\/nsf.pt\/index.php\/wp-json\/wp\/v2\/posts\/7689\/revisions\/7715"}],"wp:featuredmedia":[{"embeddable":true,"href":"http:\/\/nsf.pt\/index.php\/wp-json\/wp\/v2\/media\/7714"}],"wp:attachment":[{"href":"http:\/\/nsf.pt\/index.php\/wp-json\/wp\/v2\/media?parent=7689"}],"wp:term":[{"taxonomy":"category","embeddable":true,"href":"http:\/\/nsf.pt\/index.php\/wp-json\/wp\/v2\/categories?post=7689"},{"taxonomy":"post_tag","embeddable":true,"href":"http:\/\/nsf.pt\/index.php\/wp-json\/wp\/v2\/tags?post=7689"}],"curies":[{"name":"wp","href":"https:\/\/api.w.org\/{rel}","templated":true}]}}