{"id":9301,"date":"2023-03-22T11:38:26","date_gmt":"2023-03-22T11:38:26","guid":{"rendered":"https:\/\/semfronteiras.eu\/?p=9301"},"modified":"2023-03-22T11:39:12","modified_gmt":"2023-03-22T11:39:12","slug":"25-de-abril-2023","status":"publish","type":"post","link":"http:\/\/nsf.pt\/index.php\/2023\/03\/22\/25-de-abril-2023\/","title":{"rendered":"25 de Abril 2023"},"content":{"rendered":"<div class=\"wp-block-post-date\"><time datetime=\"2023-03-22T11:38:26+00:00\">22 de Mar\u00e7o, 2023<\/time><\/div>\n\n\n<h2 class=\"wp-block-heading\"><mark style=\"background-color:rgba(0, 0, 0, 0)\" class=\"has-inline-color has-vivid-red-color\">APELO 2023<\/mark><\/h2>\n\n\n\n<p><\/p>\n\n\n\n<p><strong>Apelo da Comiss\u00e3o Promotora das Comemora\u00e7\u00f5es Populares do 25 de Abril<\/strong><\/p>\n\n\n\n<div style=\"height:36px\" aria-hidden=\"true\" class=\"wp-block-spacer\"><\/div>\n\n\n\n<figure class=\"wp-block-gallery has-nested-images columns-default is-cropped wp-block-gallery-1 is-layout-flex wp-block-gallery-is-layout-flex\">\n<figure class=\"wp-block-image size-large is-style-default\"><img decoding=\"async\" loading=\"lazy\" width=\"929\" height=\"546\" data-id=\"9302\" src=\"https:\/\/semfronteiras.eu\/wp-content\/uploads\/2023\/03\/5050.jpg\" alt=\"\" class=\"wp-image-9302\" srcset=\"https:\/\/nsf.pt\/wp-content\/uploads\/2023\/03\/5050.jpg 929w, https:\/\/nsf.pt\/wp-content\/uploads\/2023\/03\/5050-300x176.jpg 300w, https:\/\/nsf.pt\/wp-content\/uploads\/2023\/03\/5050-768x451.jpg 768w\" sizes=\"(max-width: 929px) 100vw, 929px\" \/><\/figure>\n<\/figure>\n\n\n\n<p><\/p>\n\n\n\n<div style=\"height:27px\" aria-hidden=\"true\" class=\"wp-block-spacer\"><\/div>\n\n\n\n<p>A um ano de comemorarmos o 50.\u00ba anivers\u00e1rio do <strong>25 de Abril<\/strong>, aqui estamos de novo para festejar esse her\u00f3ico levantamento militar do Movimento das For\u00e7as Armadas que p\u00f4s fim a 48 longos anos de obscurantismo e ditadura fascista.<\/p>\n\n\n\n<p>Comemorar o 25 de Abril \u00e9 festejar aquela madrugada por que tanto esperava o povo portugu\u00eas para emergir da noite e do sil\u00eancio e poder construir, em liberdade, uma sociedade democr\u00e1tica, justa e inclusiva. Por isso o povo saiu \u00e0 rua e juntou-se aos <strong>her\u00f3icos capit\u00e3es<\/strong> para dar corpo \u00e0 Revolu\u00e7\u00e3o de Abril: conquistaram-se liberdades e garantias, direitos pol\u00edticos, econ\u00f3micos, sociais e culturais, afirmou-se a soberania e independ\u00eancia nacionais \u2013 princ\u00edpios, direitos e garantias consagrados na Constitui\u00e7\u00e3o da Rep\u00fablica Portuguesa.<\/p>\n\n\n\n<p>Uma sociedade democr\u00e1tica, justa e inclusiva constr\u00f3i-se ou desconstr\u00f3i-se conforme as op\u00e7\u00f5es de pol\u00edticas p\u00fablicas e a capacidade de participa\u00e7\u00e3o dos cidad\u00e3os. Por isso, desde o 25 de Abril de 1974,&nbsp; tem havido avan\u00e7os e recuos nessa constru\u00e7\u00e3o. Persistem discrimina\u00e7\u00f5es por g\u00e9nero, idade, defici\u00eancia, origem \u00e9tnica ou car\u00eancias de ordem socioecon\u00f3mica que se agravaram com a pandemia COVID 19 e com o recente, aumento do custo de vida que est\u00e1 a criar cada vez mais desigualdades em Portugal. S\u00e3o de valorizar e continuar a defender os avan\u00e7os nas garantias e liberdades individuais, no reconhecimento dos direitos das minorias e do direito \u00e0 diferen\u00e7a.<\/p>\n\n\n\n<p>H\u00e1, pois, que continuar a lutar para cumprir Abril porque cumprir Abril \u00e9 garantir que todos os portugueses tenham acesso a pens\u00f5es, reformas e sal\u00e1rios dignos, \u00e0 sa\u00fade, educa\u00e7\u00e3o, cultura, habita\u00e7\u00e3o porque, como diz o poeta, sem isso n\u00e3o h\u00e1 liberdade a s\u00e9rio. Cumprir Abril \u00e9 contribuir para a constru\u00e7\u00e3o de uma sociedade em que se possa viver com dignidade, num meio ambiente amigo da natureza, em que a Paz, o di\u00e1logo e a coopera\u00e7\u00e3o entre as Na\u00e7\u00f5es e os Povos sejam uma realidade.&nbsp;<\/p>\n\n\n\n<p>Para cumprir Abril \u00e9 preciso defender e refor\u00e7ar o Servi\u00e7o Nacional de Sa\u00fade, essa constru\u00e7\u00e3o maior da democracia, sem o qual teria sido imposs\u00edvel combater eficazmente a pandemia do COVID 19, dotando-o dos meios necess\u00e1rios e compensando os profissionais de sa\u00fade de forma digna e consistente.<\/p>\n\n\n\n<p>Para cumprir Abril \u00e9 preciso investir na Educa\u00e7\u00e3o, respondendo ao clamor dos seus profissionais de forma a poder aplicar-se efetivamente os des\u00edgnios da Escola Inclusiva.<\/p>\n\n\n\n<p>Para cumprir Abril \u00e9 preciso investir na Cultura, pois \u00e9 pela Cultura que se preserva a mem\u00f3ria identit\u00e1ria dos povos, sem a qual o futuro fica comprometido, n\u00e3o esquecendo que a pr\u00e1tica do desporto \u00e9 um fator dinamizador da consci\u00eancia coletiva, sobretudo na juventude.<\/p>\n\n\n\n<p>Para cumprir Abril \u00e9 preciso garantir o direito \u00e0 habita\u00e7\u00e3o, em condi\u00e7\u00f5es de habitabilidade e de acessibilidade.<\/p>\n\n\n\n<p>Para cumprir Abril \u00e9 preciso combater a pobreza e o agravamento das desigualdades sociais. Nesse combate ocupa lugar de destaque a valoriza\u00e7\u00e3o dos direitos laborais, pondo fim \u00e0 precariza\u00e7\u00e3o do trabalho e aos baixos sal\u00e1rios, mas, tamb\u00e9m, \u00e9 preciso aumentar as reformas e pens\u00f5es e garantir&nbsp; uma efetiva prote\u00e7\u00e3o dos grupos sociais mais vulner\u00e1veis e marginalizados.<\/p>\n\n\n\n<p>Para cumprir Abril deve ser reconhecido o combate \u00e0s altera\u00e7\u00f5es clim\u00e1ticas, entendendo que partilhamos todos o mesmo desafio existencial e que temos uma responsabilidade intergeracional, de deixarmos um mundo melhor para as pr\u00f3ximas gera\u00e7\u00f5es.<\/p>\n\n\n\n<p>Para cumprir Abril \u00e9 preciso que a todos seja garantido o direito de acesso \u00e0 Justi\u00e7a.<\/p>\n\n\n\n<p>Em todas estas dimens\u00f5es \u00e9 preciso avan\u00e7ar.<\/p>\n\n\n\n<p>As enormes marcas negativas que a guerra colonial deixou na sociedade portuguesa provocaram no nosso povo um profundo sentimento de defesa da Paz, objectivo assumido na Constitui\u00e7\u00e3o da Rep\u00fablica Portuguesa que garante a soberania e independ\u00eancia , preconizando a cria\u00e7\u00e3o de uma ordem internacional capaz de assegurar a paz e a justi\u00e7a nas rela\u00e7\u00f5es entre os povos e os Estados, em particular no refor\u00e7o da identidade Europeia e nos la\u00e7os privilegiados de amizade e coopera\u00e7\u00e3o com os pa\u00edses de L\u00edngua Portuguesa.<\/p>\n\n\n\n<p>Face ao recrudescimento de express\u00f5es reacion\u00e1rias de cariz racista, xen\u00f3fobo, antidemocr\u00e1tico e fascista, afirmamos que estamos unidos na convic\u00e7\u00e3o de que os valores de Abril est\u00e3o bem presentes na hist\u00f3ria, na identidade de Portugal e dos portugueses e que tudo faremos para combater ideias e ac\u00e7\u00f5es que ataquem Abril e a Constitui\u00e7\u00e3o da Rep\u00fablica Portuguesa que corporiza os seus valores.<\/p>\n\n\n\n<p>A todos quantos se revejam nos valores constantes neste Apelo da Comiss\u00e3o Promotora das Comemora\u00e7\u00f5es Populares do 25 de Abril, que se juntem e participem no Desfile Popular, \u00e0s 15 horas do dia 25 de Abril de 2023, no Marqu\u00eas de Pombal\/Avenida da Liberdade.<\/p>\n\n\n\n<p>Viva o 25 de Abril!<\/p>\n","protected":false},"excerpt":{"rendered":"<p>APELO 2023 Apelo da Comiss\u00e3o Promotora das Comemora\u00e7\u00f5es Populares do 25 de Abril A um&#8230;<\/p>\n","protected":false},"author":2,"featured_media":9302,"comment_status":"open","ping_status":"open","sticky":true,"template":"","format":"standard","meta":{"sfsi_plus_gutenberg_text_before_share":"","sfsi_plus_gutenberg_show_text_before_share":"","sfsi_plus_gutenberg_icon_type":"","sfsi_plus_gutenberg_icon_alignemt":"","sfsi_plus_gutenburg_max_per_row":"","ngg_post_thumbnail":0,"footnotes":""},"categories":[319,238],"tags":[350],"featured_image_urls":{"full":["https:\/\/nsf.pt\/wp-content\/uploads\/2023\/03\/5050.jpg",929,546,false],"thumbnail":["https:\/\/nsf.pt\/wp-content\/uploads\/2023\/03\/5050-150x150.jpg",150,150,true],"medium":["https:\/\/nsf.pt\/wp-content\/uploads\/2023\/03\/5050-300x176.jpg",300,176,true],"medium_large":["https:\/\/nsf.pt\/wp-content\/uploads\/2023\/03\/5050-768x451.jpg",640,376,true],"large":["https:\/\/nsf.pt\/wp-content\/uploads\/2023\/03\/5050.jpg",640,376,false],"1536x1536":["https:\/\/nsf.pt\/wp-content\/uploads\/2023\/03\/5050.jpg",929,546,false],"2048x2048":["https:\/\/nsf.pt\/wp-content\/uploads\/2023\/03\/5050.jpg",929,546,false],"covernews-slider-full":["https:\/\/nsf.pt\/wp-content\/uploads\/2023\/03\/5050.jpg",929,546,false],"covernews-slider-center":["https:\/\/nsf.pt\/wp-content\/uploads\/2023\/03\/5050-800x500.jpg",800,500,true],"covernews-featured":["https:\/\/nsf.pt\/wp-content\/uploads\/2023\/03\/5050.jpg",929,546,false],"covernews-medium":["https:\/\/nsf.pt\/wp-content\/uploads\/2023\/03\/5050-540x340.jpg",540,340,true],"covernews-medium-square":["https:\/\/nsf.pt\/wp-content\/uploads\/2023\/03\/5050-400x250.jpg",400,250,true]},"author_info":{"info":["Carlos Ribeiro"]},"category_info":"<a href=\"http:\/\/nsf.pt\/index.php\/category\/50x2abril\/\" rel=\"category tag\">50X2ABRIL<\/a> <a href=\"http:\/\/nsf.pt\/index.php\/category\/destaque\/\" rel=\"category tag\">DESTAQUE<\/a>","tag_info":"DESTAQUE","comment_count":"0","_links":{"self":[{"href":"http:\/\/nsf.pt\/index.php\/wp-json\/wp\/v2\/posts\/9301"}],"collection":[{"href":"http:\/\/nsf.pt\/index.php\/wp-json\/wp\/v2\/posts"}],"about":[{"href":"http:\/\/nsf.pt\/index.php\/wp-json\/wp\/v2\/types\/post"}],"author":[{"embeddable":true,"href":"http:\/\/nsf.pt\/index.php\/wp-json\/wp\/v2\/users\/2"}],"replies":[{"embeddable":true,"href":"http:\/\/nsf.pt\/index.php\/wp-json\/wp\/v2\/comments?post=9301"}],"version-history":[{"count":2,"href":"http:\/\/nsf.pt\/index.php\/wp-json\/wp\/v2\/posts\/9301\/revisions"}],"predecessor-version":[{"id":9304,"href":"http:\/\/nsf.pt\/index.php\/wp-json\/wp\/v2\/posts\/9301\/revisions\/9304"}],"wp:featuredmedia":[{"embeddable":true,"href":"http:\/\/nsf.pt\/index.php\/wp-json\/wp\/v2\/media\/9302"}],"wp:attachment":[{"href":"http:\/\/nsf.pt\/index.php\/wp-json\/wp\/v2\/media?parent=9301"}],"wp:term":[{"taxonomy":"category","embeddable":true,"href":"http:\/\/nsf.pt\/index.php\/wp-json\/wp\/v2\/categories?post=9301"},{"taxonomy":"post_tag","embeddable":true,"href":"http:\/\/nsf.pt\/index.php\/wp-json\/wp\/v2\/tags?post=9301"}],"curies":[{"name":"wp","href":"https:\/\/api.w.org\/{rel}","templated":true}]}}