{"id":9498,"date":"2023-04-28T23:31:33","date_gmt":"2023-04-28T23:31:33","guid":{"rendered":"https:\/\/semfronteiras.eu\/?p=9498"},"modified":"2023-04-28T23:38:41","modified_gmt":"2023-04-28T23:38:41","slug":"antestreia-do-filme-documental-exilios-no-feminino-na-associacao-25-de-abril","status":"publish","type":"post","link":"http:\/\/nsf.pt\/index.php\/2023\/04\/28\/antestreia-do-filme-documental-exilios-no-feminino-na-associacao-25-de-abril\/","title":{"rendered":"Antestreia do Filme Documental &#8220;Ex\u00edlios no Feminino&#8221; na Associa\u00e7\u00e3o 25 de Abril"},"content":{"rendered":"<div class=\"wp-block-post-date\"><time datetime=\"2023-04-28T23:31:33+00:00\">28 de Abril, 2023<\/time><\/div>\n\n\n<h2 class=\"wp-block-heading\">\u00c0s 16h00 (29 de abril) tem in\u00edcio a sess\u00e3o que contar\u00e1 com a presen\u00e7a das 7 autoras do livro <\/h2>\n\n\n\n<div style=\"height:12px\" aria-hidden=\"true\" class=\"wp-block-spacer\"><\/div>\n\n\n\n<figure class=\"wp-block-gallery has-nested-images columns-default is-cropped wp-block-gallery-1 is-layout-flex wp-block-gallery-is-layout-flex\">\n<figure class=\"wp-block-image size-large is-style-default\"><img decoding=\"async\" loading=\"lazy\" width=\"1024\" height=\"427\" data-id=\"9499\" src=\"https:\/\/semfronteiras.eu\/wp-content\/uploads\/2023\/04\/Sem-nome-1024x427.jpg\" alt=\"\" class=\"wp-image-9499\" srcset=\"https:\/\/nsf.pt\/wp-content\/uploads\/2023\/04\/Sem-nome-1024x427.jpg 1024w, https:\/\/nsf.pt\/wp-content\/uploads\/2023\/04\/Sem-nome-300x125.jpg 300w, https:\/\/nsf.pt\/wp-content\/uploads\/2023\/04\/Sem-nome-768x320.jpg 768w, https:\/\/nsf.pt\/wp-content\/uploads\/2023\/04\/Sem-nome.jpg 1040w\" sizes=\"(max-width: 1024px) 100vw, 1024px\" \/><\/figure>\n<\/figure>\n\n\n\n<div style=\"height:27px\" aria-hidden=\"true\" class=\"wp-block-spacer\"><\/div>\n\n\n\n<p>A Associa\u00e7\u00e3o 25 de Abril tamb\u00e9m realizou um convite para esta iniciativa que ter\u00e1 o seguinte Programa<\/p>\n\n\n\n<h2 class=\"wp-block-heading\">PROGRAMA<\/h2>\n\n\n\n<p>16:00 Boas-vindas e enquadramento<\/p>\n\n\n\n<p>Vasco Louren\u00e7o, Equipa do filme e Fernanda Marques<\/p>\n\n\n\n<p>16:10 Visualiza\u00e7\u00e3o do 1\u00ba epis\u00f3dio<\/p>\n\n\n\n<p>17:00 Intervalo<\/p>\n\n\n\n<p>17:15 Visualiza\u00e7\u00e3o do 2\u00aa epis\u00f3dio<\/p>\n\n\n\n<p>18:10 Debate com a participa\u00e7\u00e3o de Am\u00e9lia Resende, Beatriz Abrantes, Fernanda Marques, Helena Cabe\u00e7adas, Helena Rato, Irene Pimentel e Maria Em\u00edlia Brederode Santos.<\/p>\n\n\n\n<p>19:00 Apontamento sobre o livro &#8211; Carlos Ribeiro, Editor<\/p>\n\n\n\n<p>19:15 Encerramento<\/p>\n\n\n\n<h2 class=\"wp-block-heading\">CONVITE<\/h2>\n\n\n\n<figure class=\"wp-block-table\"><table><tbody><tr><td>Caras(os) Associadas(os)Temos o gosto de vos convidar para assistirem na nossa Sede \u00e0 antestreia da s\u00e9rie documental &#8220;Ex\u00edlios no Feminino&#8221; que ter\u00e1 lugar no pr\u00f3ximo dia 29 de Abril (S\u00e1bado) \u00e0s 16H00 e cuja informa\u00e7\u00e3o complementar segue abaixo.Com cordiais sauda\u00e7\u00f5es de Abril<br>A Direc\u00e7\u00e3o<\/td><\/tr><tr><td><\/td><\/tr><tr><td><a href=\"https:\/\/mkt.a25abril.pt\/go\/f6bcdfb2ed24-4397a7747f4-0496a3dd3128d711ef847-d-28be1e27wme1bpQzedTe4uW\" target=\"_blank\" rel=\"noreferrer noopener\"><strong>\u201cEx\u00edlios no Feminino\u201d<\/strong><\/a><\/td><\/tr><tr><td>O filme documental desenvolvido por Edgar Feldman, Paulo Guerra e Eduarda Manso est\u00e1 organizado em dois epis\u00f3dios, cada um com cerca de 50 minutos e reproduz as entrevistas realizadas a Am\u00e9lia Resende, Beatriz Abrantes, Fernanda Marques, Helena Cabe\u00e7adas, Helena Rato, Irene Pimentel e Maria Em\u00edlia Brederode dos Santos. A antestreia ser\u00e1 levada a efeito na Associa\u00e7\u00e3o 25 de Abril no pr\u00f3ximo dia 29 de abril, com in\u00edcio \u00e1s 16h00, e no termo das apresenta\u00e7\u00f5es do filme ser\u00e1 realizado um debate com a participa\u00e7\u00e3o das protagonistas do livro&nbsp;<a href=\"https:\/\/mkt.a25abril.pt\/go\/f6bcdfb2ed24-4397a7747f4-0496a3dd3128d711ef847-d-28be1e27wme1bpQzedTe4uW\" target=\"_blank\" rel=\"noreferrer noopener\">Ex\u00edlios no Feminino<\/a>. Fazem parte da equipa Edgar Feldman e Paulo Guerra na realiza\u00e7\u00e3o, Eduarda Salaviza Manso nas entrevistas, Jorge Galv\u00e3o nos grafismos e Lu\u00eds Cilia na m\u00fasica original<\/td><\/tr><\/tbody><\/table><\/figure>\n","protected":false},"excerpt":{"rendered":"<p>\u00c0s 16h00 (29 de abril) tem in\u00edcio a sess\u00e3o que contar\u00e1 com a presen\u00e7a das&#8230;<\/p>\n","protected":false},"author":2,"featured_media":9501,"comment_status":"open","ping_status":"open","sticky":true,"template":"","format":"standard","meta":{"sfsi_plus_gutenberg_text_before_share":"","sfsi_plus_gutenberg_show_text_before_share":"","sfsi_plus_gutenberg_icon_type":"","sfsi_plus_gutenberg_icon_alignemt":"","sfsi_plus_gutenburg_max_per_row":"","ngg_post_thumbnail":0,"footnotes":""},"categories":[421,425,207,317],"tags":[407],"featured_image_urls":{"full":["https:\/\/nsf.pt\/wp-content\/uploads\/2023\/04\/ef5.jpg",1101,428,false],"thumbnail":["https:\/\/nsf.pt\/wp-content\/uploads\/2023\/04\/ef5-150x150.jpg",150,150,true],"medium":["https:\/\/nsf.pt\/wp-content\/uploads\/2023\/04\/ef5-300x117.jpg",300,117,true],"medium_large":["https:\/\/nsf.pt\/wp-content\/uploads\/2023\/04\/ef5-768x299.jpg",640,249,true],"large":["https:\/\/nsf.pt\/wp-content\/uploads\/2023\/04\/ef5-1024x398.jpg",640,249,true],"1536x1536":["https:\/\/nsf.pt\/wp-content\/uploads\/2023\/04\/ef5.jpg",1101,428,false],"2048x2048":["https:\/\/nsf.pt\/wp-content\/uploads\/2023\/04\/ef5.jpg",1101,428,false],"covernews-slider-full":["https:\/\/nsf.pt\/wp-content\/uploads\/2023\/04\/ef5.jpg",1101,428,false],"covernews-slider-center":["https:\/\/nsf.pt\/wp-content\/uploads\/2023\/04\/ef5-800x428.jpg",800,428,true],"covernews-featured":["https:\/\/nsf.pt\/wp-content\/uploads\/2023\/04\/ef5-1024x398.jpg",1024,398,true],"covernews-medium":["https:\/\/nsf.pt\/wp-content\/uploads\/2023\/04\/ef5-540x340.jpg",540,340,true],"covernews-medium-square":["https:\/\/nsf.pt\/wp-content\/uploads\/2023\/04\/ef5-400x250.jpg",400,250,true]},"author_info":{"info":["Carlos Ribeiro"]},"category_info":"<a href=\"http:\/\/nsf.pt\/index.php\/category\/50anos25abril\/\" rel=\"category tag\">50ANOS25abril<\/a> <a href=\"http:\/\/nsf.pt\/index.php\/category\/abril-2023\/\" rel=\"category tag\">abril 2023<\/a> <a href=\"http:\/\/nsf.pt\/index.php\/category\/agenda-2\/\" rel=\"category tag\">AGENDA<\/a> <a href=\"http:\/\/nsf.pt\/index.php\/category\/noticias\/\" rel=\"category tag\">NOTICIAS<\/a>","tag_info":"NOTICIAS","comment_count":"0","_links":{"self":[{"href":"http:\/\/nsf.pt\/index.php\/wp-json\/wp\/v2\/posts\/9498"}],"collection":[{"href":"http:\/\/nsf.pt\/index.php\/wp-json\/wp\/v2\/posts"}],"about":[{"href":"http:\/\/nsf.pt\/index.php\/wp-json\/wp\/v2\/types\/post"}],"author":[{"embeddable":true,"href":"http:\/\/nsf.pt\/index.php\/wp-json\/wp\/v2\/users\/2"}],"replies":[{"embeddable":true,"href":"http:\/\/nsf.pt\/index.php\/wp-json\/wp\/v2\/comments?post=9498"}],"version-history":[{"count":1,"href":"http:\/\/nsf.pt\/index.php\/wp-json\/wp\/v2\/posts\/9498\/revisions"}],"predecessor-version":[{"id":9500,"href":"http:\/\/nsf.pt\/index.php\/wp-json\/wp\/v2\/posts\/9498\/revisions\/9500"}],"wp:featuredmedia":[{"embeddable":true,"href":"http:\/\/nsf.pt\/index.php\/wp-json\/wp\/v2\/media\/9501"}],"wp:attachment":[{"href":"http:\/\/nsf.pt\/index.php\/wp-json\/wp\/v2\/media?parent=9498"}],"wp:term":[{"taxonomy":"category","embeddable":true,"href":"http:\/\/nsf.pt\/index.php\/wp-json\/wp\/v2\/categories?post=9498"},{"taxonomy":"post_tag","embeddable":true,"href":"http:\/\/nsf.pt\/index.php\/wp-json\/wp\/v2\/tags?post=9498"}],"curies":[{"name":"wp","href":"https:\/\/api.w.org\/{rel}","templated":true}]}}