{"id":10334,"date":"2024-01-01T19:17:11","date_gmt":"2024-01-01T19:17:11","guid":{"rendered":"https:\/\/nsf.pt\/?p=10334"},"modified":"2024-01-01T19:17:14","modified_gmt":"2024-01-01T19:17:14","slug":"musica-maeesl","status":"publish","type":"post","link":"https:\/\/nsf.pt\/index.php\/2024\/01\/01\/musica-maeesl\/","title":{"rendered":"M\u00fasica MAEESL!"},"content":{"rendered":"\n<h2 class=\"wp-block-heading\">Concerto da VGA encerrou a jornada<\/h2>\n\n\n<div class=\"wp-block-post-date\"><time datetime=\"2024-01-01T19:17:11+00:00\">1 de Janeiro, 2024<\/time><\/div>\n\n\n<p>No final da visita \u00e0 exposi\u00e7\u00e3o teve lugar um espet\u00e1culo musical realizado no anfiteatro da Torre do Tombo com um concerto inovador da VGA (Variable Geometry Orchestra).<\/p>\n\n\n\n<div style=\"height:33px\" aria-hidden=\"true\" class=\"wp-block-spacer\"><\/div>\n\n\n\n<figure class=\"wp-block-gallery has-nested-images columns-default is-cropped wp-block-gallery-1 is-layout-flex wp-block-gallery-is-layout-flex\">\n<figure class=\"wp-block-image size-large\"><img decoding=\"async\" loading=\"lazy\" width=\"1024\" height=\"768\" data-id=\"10336\" src=\"https:\/\/nsf.pt\/wp-content\/uploads\/2024\/01\/Es2.jpg\" alt=\"\" class=\"wp-image-10336\" srcset=\"https:\/\/nsf.pt\/wp-content\/uploads\/2024\/01\/Es2.jpg 1024w, https:\/\/nsf.pt\/wp-content\/uploads\/2024\/01\/Es2-300x225.jpg 300w, https:\/\/nsf.pt\/wp-content\/uploads\/2024\/01\/Es2-768x576.jpg 768w\" sizes=\"(max-width: 1024px) 100vw, 1024px\" \/><\/figure>\n<\/figure>\n\n\n\n<p class=\"has-text-align-center\">Concerto da VGA no Anfiteatro da Torre do Tombo<\/p>\n\n\n\n<div style=\"height:22px\" aria-hidden=\"true\" class=\"wp-block-spacer\"><\/div>\n\n\n\n<p>&#8220;A m\u00fasica produzida pela Variable Geometry Orchestra resulta do jogo de acumula\u00e7\u00e3o e interac\u00e7\u00e3o de massas sonoras, provenientes de diversos meios, sejam eles ac\u00fasticos, el\u00e9ctricos ou electr\u00f3nicos, numa tentativa de cont\u00ednua busca de pequenos detalhes e significados em termos musicais\/sonoros.<\/p>\n\n\n\n<p>Atrav\u00e9s da estrutura\u00e7\u00e3o da orquestra em pequenos grupos (naipes) instrumentais, a composi\u00e7\u00e3o em tempo real oscila entre a organiza\u00e7\u00e3o formal do caos, do &#8220;&#8221;tutti&#8221;&#8221; orquestral, onde existe uma tentativa de aplica\u00e7\u00e3o de novos conceitos de indetermina\u00e7\u00e3o e composi\u00e7\u00e3o instant\u00e2nea, e situa\u00e7\u00f5es de dialogo de pequenos grupos.<\/p>\n\n\n\n<p>Estas, contribuem para uma erup\u00e7\u00e3o assimetricamente alternada de momentos de som e sil\u00eancio (aus\u00eancia de som identific\u00e1vel), seja pela emiss\u00e3o de sons de caracter\u00edsticas subliminares e psico-ac\u00fasticas, seja pela completa aus\u00eancia de sons, permitindo assim aos m\u00fasicos recuperar o seu ritmo natural de respira\u00e7\u00e3o e sentido aleat\u00f3rio de pulsa\u00e7\u00e3o&#8221;. apresenta\u00e7\u00e3o pelo Teatro D. Maria II.<\/p>\n\n\n\n<p>\u00a0Foto \u00a9 CVR\/NSF<\/p>\n","protected":false},"excerpt":{"rendered":"<p>Concerto da VGA encerrou a jornada No final da visita \u00e0 exposi\u00e7\u00e3o teve lugar um&#8230;<\/p>\n","protected":false},"author":2,"featured_media":10336,"comment_status":"open","ping_status":"open","sticky":true,"template":"","format":"standard","meta":{"sfsi_plus_gutenberg_text_before_share":"","sfsi_plus_gutenberg_show_text_before_share":"","sfsi_plus_gutenberg_icon_type":"","sfsi_plus_gutenberg_icon_alignemt":"","sfsi_plus_gutenburg_max_per_row":"","ngg_post_thumbnail":0,"footnotes":""},"categories":[448,465],"tags":[25],"featured_image_urls":{"full":["https:\/\/nsf.pt\/wp-content\/uploads\/2024\/01\/Es2.jpg",1024,768,false],"thumbnail":["https:\/\/nsf.pt\/wp-content\/uploads\/2024\/01\/Es2-150x150.jpg",150,150,true],"medium":["https:\/\/nsf.pt\/wp-content\/uploads\/2024\/01\/Es2-300x225.jpg",300,225,true],"medium_large":["https:\/\/nsf.pt\/wp-content\/uploads\/2024\/01\/Es2-768x576.jpg",640,480,true],"large":["https:\/\/nsf.pt\/wp-content\/uploads\/2024\/01\/Es2.jpg",640,480,false],"1536x1536":["https:\/\/nsf.pt\/wp-content\/uploads\/2024\/01\/Es2.jpg",1024,768,false],"2048x2048":["https:\/\/nsf.pt\/wp-content\/uploads\/2024\/01\/Es2.jpg",1024,768,false],"covernews-slider-full":["https:\/\/nsf.pt\/wp-content\/uploads\/2024\/01\/Es2-1024x715.jpg",1024,715,true],"covernews-slider-center":["https:\/\/nsf.pt\/wp-content\/uploads\/2024\/01\/Es2-800x500.jpg",800,500,true],"covernews-featured":["https:\/\/nsf.pt\/wp-content\/uploads\/2024\/01\/Es2.jpg",1024,768,false],"covernews-medium":["https:\/\/nsf.pt\/wp-content\/uploads\/2024\/01\/Es2-540x340.jpg",540,340,true],"covernews-medium-square":["https:\/\/nsf.pt\/wp-content\/uploads\/2024\/01\/Es2-400x250.jpg",400,250,true]},"author_info":{"info":["Carlos Ribeiro"]},"category_info":"<a href=\"https:\/\/nsf.pt\/index.php\/category\/historia-e-memorias\/\" rel=\"category tag\">HIST\u00d3RIA E MEM\u00d3RIAS<\/a> <a href=\"https:\/\/nsf.pt\/index.php\/category\/reportagem\/\" rel=\"category tag\">REPORTAGEM<\/a>","tag_info":"REPORTAGEM","comment_count":"0","_links":{"self":[{"href":"https:\/\/nsf.pt\/index.php\/wp-json\/wp\/v2\/posts\/10334"}],"collection":[{"href":"https:\/\/nsf.pt\/index.php\/wp-json\/wp\/v2\/posts"}],"about":[{"href":"https:\/\/nsf.pt\/index.php\/wp-json\/wp\/v2\/types\/post"}],"author":[{"embeddable":true,"href":"https:\/\/nsf.pt\/index.php\/wp-json\/wp\/v2\/users\/2"}],"replies":[{"embeddable":true,"href":"https:\/\/nsf.pt\/index.php\/wp-json\/wp\/v2\/comments?post=10334"}],"version-history":[{"count":1,"href":"https:\/\/nsf.pt\/index.php\/wp-json\/wp\/v2\/posts\/10334\/revisions"}],"predecessor-version":[{"id":10337,"href":"https:\/\/nsf.pt\/index.php\/wp-json\/wp\/v2\/posts\/10334\/revisions\/10337"}],"wp:featuredmedia":[{"embeddable":true,"href":"https:\/\/nsf.pt\/index.php\/wp-json\/wp\/v2\/media\/10336"}],"wp:attachment":[{"href":"https:\/\/nsf.pt\/index.php\/wp-json\/wp\/v2\/media?parent=10334"}],"wp:term":[{"taxonomy":"category","embeddable":true,"href":"https:\/\/nsf.pt\/index.php\/wp-json\/wp\/v2\/categories?post=10334"},{"taxonomy":"post_tag","embeddable":true,"href":"https:\/\/nsf.pt\/index.php\/wp-json\/wp\/v2\/tags?post=10334"}],"curies":[{"name":"wp","href":"https:\/\/api.w.org\/{rel}","templated":true}]}}