{"id":10345,"date":"2024-01-01T19:58:18","date_gmt":"2024-01-01T19:58:18","guid":{"rendered":"https:\/\/nsf.pt\/?p=10345"},"modified":"2024-01-01T19:59:25","modified_gmt":"2024-01-01T19:59:25","slug":"esperanca-em-lisboa","status":"publish","type":"post","link":"https:\/\/nsf.pt\/index.php\/2024\/01\/01\/esperanca-em-lisboa\/","title":{"rendered":"Esperan\u00e7a em Lisboa"},"content":{"rendered":"\n<h2 class=\"wp-block-heading\">AGENDA &#8211; Livro sobre Jos\u00e9 Afonso \u00e9 apresentado na AJA Lisboa no pr\u00f3ximo dia 11 de Janeiro<\/h2>\n\n\n<div class=\"wp-block-post-date\"><time datetime=\"2024-01-01T19:58:18+00:00\">1 de Janeiro, 2024<\/time><\/div>\n\n\n<p>No dia&nbsp;<strong>11 de janeiro \u00e0s 19h<\/strong>, o N\u00facleo AJA Lisboa \u2013 Associa\u00e7\u00e3o Jos\u00e9 Afonso recebe a apresenta\u00e7\u00e3o do livro \u201c<strong>Jos\u00e9 Afonso: O tri\u00e2ngulo m\u00e1gico na sua vida e obra<\/strong>\u201d de&nbsp;<strong>Paulo Esperan\u00e7a<\/strong>.<\/p>\n\n\n\n<p>Como disse Jos\u00e9 Afonso, \u201csou, no fundo, fruto de muitas gentes, de muitos lugares, de muitos dissabores\u201d. Foi daqui que o autor partiu para escrever este livro.&nbsp;<\/p>\n\n\n\n<p>Apesar desses \u201cmuitos lugares\u201d, Paulo Esperan\u00e7a considera a exist\u00eancia de um tri\u00e2ngulo m\u00e1gico no imagin\u00e1rio de Jos\u00e9 Afonso que influenciou a sua vida, obra, cria\u00e7\u00e3o art\u00edstica&nbsp;e abertura para a compreens\u00e3o do mundo que o rodeava. \u00c1frica, Portugal e Galiza s\u00e3o esses v\u00e9rtices!<\/p>\n\n\n\n<p>O evento conta com a presen\u00e7a do autor e do artista&nbsp;<strong>Manuel Teixeira<\/strong>, que cantar\u00e1 m\u00fasicas de raiz africana portuguesa e galega para acompanhar a sess\u00e3o.&nbsp;<\/p>\n\n\n\n<p>Segue-se um&nbsp;<strong>lanche partilhado<\/strong>&nbsp;\u2013 pedimos a todos que tragam uma comida e\/ou bebida para contribuir.<\/p>\n\n\n\n<div style=\"height:27px\" aria-hidden=\"true\" class=\"wp-block-spacer\"><\/div>\n\n\n\n<figure class=\"wp-block-gallery has-nested-images columns-default is-cropped wp-block-gallery-1 is-layout-flex wp-block-gallery-is-layout-flex\">\n<figure class=\"wp-block-image size-large\"><img decoding=\"async\" loading=\"lazy\" width=\"1024\" height=\"683\" data-id=\"10348\" src=\"https:\/\/nsf.pt\/wp-content\/uploads\/2024\/01\/Triangulo-Facebook-1-1024x683.jpg\" alt=\"\" class=\"wp-image-10348\" srcset=\"https:\/\/nsf.pt\/wp-content\/uploads\/2024\/01\/Triangulo-Facebook-1-1024x683.jpg 1024w, https:\/\/nsf.pt\/wp-content\/uploads\/2024\/01\/Triangulo-Facebook-1-300x200.jpg 300w, https:\/\/nsf.pt\/wp-content\/uploads\/2024\/01\/Triangulo-Facebook-1-768x512.jpg 768w, https:\/\/nsf.pt\/wp-content\/uploads\/2024\/01\/Triangulo-Facebook-1.jpg 1200w\" sizes=\"(max-width: 1024px) 100vw, 1024px\" \/><\/figure>\n<\/figure>\n\n\n\n<p><em>Fonte N\u00facleo da AJA Lisboa<\/em><\/p>\n","protected":false},"excerpt":{"rendered":"<p>AGENDA &#8211; Livro sobre Jos\u00e9 Afonso \u00e9 apresentado na AJA Lisboa no pr\u00f3ximo dia 11&#8230;<\/p>\n","protected":false},"author":2,"featured_media":10346,"comment_status":"open","ping_status":"open","sticky":true,"template":"","format":"standard","meta":{"sfsi_plus_gutenberg_text_before_share":"","sfsi_plus_gutenberg_show_text_before_share":"","sfsi_plus_gutenberg_icon_type":"","sfsi_plus_gutenberg_icon_alignemt":"","sfsi_plus_gutenburg_max_per_row":"","ngg_post_thumbnail":0,"footnotes":""},"categories":[207,467],"tags":[104],"featured_image_urls":{"full":["https:\/\/nsf.pt\/wp-content\/uploads\/2024\/01\/Triangulo-Facebook.jpg",1200,800,false],"thumbnail":["https:\/\/nsf.pt\/wp-content\/uploads\/2024\/01\/Triangulo-Facebook-150x150.jpg",150,150,true],"medium":["https:\/\/nsf.pt\/wp-content\/uploads\/2024\/01\/Triangulo-Facebook-300x200.jpg",300,200,true],"medium_large":["https:\/\/nsf.pt\/wp-content\/uploads\/2024\/01\/Triangulo-Facebook-768x512.jpg",640,427,true],"large":["https:\/\/nsf.pt\/wp-content\/uploads\/2024\/01\/Triangulo-Facebook-1024x683.jpg",640,427,true],"1536x1536":["https:\/\/nsf.pt\/wp-content\/uploads\/2024\/01\/Triangulo-Facebook.jpg",1200,800,false],"2048x2048":["https:\/\/nsf.pt\/wp-content\/uploads\/2024\/01\/Triangulo-Facebook.jpg",1200,800,false],"covernews-slider-full":["https:\/\/nsf.pt\/wp-content\/uploads\/2024\/01\/Triangulo-Facebook-1115x715.jpg",1115,715,true],"covernews-slider-center":["https:\/\/nsf.pt\/wp-content\/uploads\/2024\/01\/Triangulo-Facebook-800x500.jpg",800,500,true],"covernews-featured":["https:\/\/nsf.pt\/wp-content\/uploads\/2024\/01\/Triangulo-Facebook-1024x683.jpg",1024,683,true],"covernews-medium":["https:\/\/nsf.pt\/wp-content\/uploads\/2024\/01\/Triangulo-Facebook-540x340.jpg",540,340,true],"covernews-medium-square":["https:\/\/nsf.pt\/wp-content\/uploads\/2024\/01\/Triangulo-Facebook-400x250.jpg",400,250,true]},"author_info":{"info":["Carlos Ribeiro"]},"category_info":"<a href=\"https:\/\/nsf.pt\/index.php\/category\/agenda-2\/\" rel=\"category tag\">AGENDA<\/a> <a href=\"https:\/\/nsf.pt\/index.php\/category\/na-hora\/\" rel=\"category tag\">NA HORA<\/a>","tag_info":"NA HORA","comment_count":"0","_links":{"self":[{"href":"https:\/\/nsf.pt\/index.php\/wp-json\/wp\/v2\/posts\/10345"}],"collection":[{"href":"https:\/\/nsf.pt\/index.php\/wp-json\/wp\/v2\/posts"}],"about":[{"href":"https:\/\/nsf.pt\/index.php\/wp-json\/wp\/v2\/types\/post"}],"author":[{"embeddable":true,"href":"https:\/\/nsf.pt\/index.php\/wp-json\/wp\/v2\/users\/2"}],"replies":[{"embeddable":true,"href":"https:\/\/nsf.pt\/index.php\/wp-json\/wp\/v2\/comments?post=10345"}],"version-history":[{"count":2,"href":"https:\/\/nsf.pt\/index.php\/wp-json\/wp\/v2\/posts\/10345\/revisions"}],"predecessor-version":[{"id":10349,"href":"https:\/\/nsf.pt\/index.php\/wp-json\/wp\/v2\/posts\/10345\/revisions\/10349"}],"wp:featuredmedia":[{"embeddable":true,"href":"https:\/\/nsf.pt\/index.php\/wp-json\/wp\/v2\/media\/10346"}],"wp:attachment":[{"href":"https:\/\/nsf.pt\/index.php\/wp-json\/wp\/v2\/media?parent=10345"}],"wp:term":[{"taxonomy":"category","embeddable":true,"href":"https:\/\/nsf.pt\/index.php\/wp-json\/wp\/v2\/categories?post=10345"},{"taxonomy":"post_tag","embeddable":true,"href":"https:\/\/nsf.pt\/index.php\/wp-json\/wp\/v2\/tags?post=10345"}],"curies":[{"name":"wp","href":"https:\/\/api.w.org\/{rel}","templated":true}]}}