{"id":10371,"date":"2024-01-02T11:40:32","date_gmt":"2024-01-02T11:40:32","guid":{"rendered":"https:\/\/nsf.pt\/?p=10371"},"modified":"2024-01-02T11:44:52","modified_gmt":"2024-01-02T11:44:52","slug":"no-vertice-galiza","status":"publish","type":"post","link":"https:\/\/nsf.pt\/index.php\/2024\/01\/02\/no-vertice-galiza\/","title":{"rendered":"No v\u00e9rtice galego do tri\u00e2ngulo m\u00e1gico"},"content":{"rendered":"\n<h2 class=\"wp-block-heading\">Livro de Paulo Esperan\u00e7a andou pela Galiza e recordar Jos\u00e9 Afonso<\/h2>\n\n\n<div class=\"wp-block-post-date\"><time datetime=\"2024-01-02T11:40:32+00:00\">2 de Janeiro, 2024<\/time><\/div>\n\n\n<p>V\u00e1rias jornadas, de 15 a 17 de dezembro, constitu\u00edram o p\u00e9riplo por Compostela, Vigo, Cangas de Morrazo e Salvaterra dando voz \u00e0 mem\u00f3ria de Jos\u00e9 Afonso e \u00e0s rela\u00e7\u00f5es privilegiadas que o cantautor tinha com a Galiza.<\/p>\n\n\n\n<p>Paulo Esperan\u00e7a autor do livro &#8220;Jos\u00e9 Afonso &#8211; O Tri\u00e2ngulo m\u00e1gico na sua Vida e Obra&#8221; animou as sess\u00f5es com a colabora\u00e7\u00e3o de v\u00e1rios protagonistas locais.<\/p>\n\n\n\n<p><\/p>\n\n\n\n<figure class=\"wp-block-gallery has-nested-images columns-default is-cropped wp-block-gallery-1 is-layout-flex wp-block-gallery-is-layout-flex\">\n<figure class=\"wp-block-image size-large\"><img decoding=\"async\" loading=\"lazy\" width=\"1024\" height=\"1024\" data-id=\"10372\" src=\"https:\/\/nsf.pt\/wp-content\/uploads\/2024\/01\/1image-1024x1024.png\" alt=\"\" class=\"wp-image-10372\" srcset=\"https:\/\/nsf.pt\/wp-content\/uploads\/2024\/01\/1image-1024x1024.png 1024w, https:\/\/nsf.pt\/wp-content\/uploads\/2024\/01\/1image-300x300.png 300w, https:\/\/nsf.pt\/wp-content\/uploads\/2024\/01\/1image-150x150.png 150w, https:\/\/nsf.pt\/wp-content\/uploads\/2024\/01\/1image-768x768.png 768w, https:\/\/nsf.pt\/wp-content\/uploads\/2024\/01\/1image.png 1080w\" sizes=\"(max-width: 1024px) 100vw, 1024px\" \/><\/figure>\n\n\n\n<figure class=\"wp-block-image size-large\"><img decoding=\"async\" loading=\"lazy\" width=\"940\" height=\"788\" data-id=\"10373\" src=\"https:\/\/nsf.pt\/wp-content\/uploads\/2024\/01\/2image.png\" alt=\"\" class=\"wp-image-10373\" srcset=\"https:\/\/nsf.pt\/wp-content\/uploads\/2024\/01\/2image.png 940w, https:\/\/nsf.pt\/wp-content\/uploads\/2024\/01\/2image-300x251.png 300w, https:\/\/nsf.pt\/wp-content\/uploads\/2024\/01\/2image-768x644.png 768w\" sizes=\"(max-width: 940px) 100vw, 940px\" \/><\/figure>\n\n\n\n<figure class=\"wp-block-image size-large\"><img decoding=\"async\" loading=\"lazy\" width=\"940\" height=\"788\" data-id=\"10374\" src=\"https:\/\/nsf.pt\/wp-content\/uploads\/2024\/01\/3image.png\" alt=\"\" class=\"wp-image-10374\" srcset=\"https:\/\/nsf.pt\/wp-content\/uploads\/2024\/01\/3image.png 940w, https:\/\/nsf.pt\/wp-content\/uploads\/2024\/01\/3image-300x251.png 300w, https:\/\/nsf.pt\/wp-content\/uploads\/2024\/01\/3image-768x644.png 768w\" sizes=\"(max-width: 940px) 100vw, 940px\" \/><\/figure>\n<\/figure>\n\n\n\n<div style=\"height:35px\" aria-hidden=\"true\" class=\"wp-block-spacer\"><\/div>\n\n\n\n<figure class=\"wp-block-gallery has-nested-images columns-default is-cropped wp-block-gallery-3 is-layout-flex wp-block-gallery-is-layout-flex\">\n<figure class=\"wp-block-image size-large\"><img decoding=\"async\" loading=\"lazy\" width=\"1024\" height=\"443\" data-id=\"10375\" src=\"https:\/\/nsf.pt\/wp-content\/uploads\/2024\/01\/IMG-20231228-WA0001-1024x443.jpg\" alt=\"\" class=\"wp-image-10375\" srcset=\"https:\/\/nsf.pt\/wp-content\/uploads\/2024\/01\/IMG-20231228-WA0001-1024x443.jpg 1024w, https:\/\/nsf.pt\/wp-content\/uploads\/2024\/01\/IMG-20231228-WA0001-300x130.jpg 300w, https:\/\/nsf.pt\/wp-content\/uploads\/2024\/01\/IMG-20231228-WA0001-768x332.jpg 768w, https:\/\/nsf.pt\/wp-content\/uploads\/2024\/01\/IMG-20231228-WA0001-1536x664.jpg 1536w, https:\/\/nsf.pt\/wp-content\/uploads\/2024\/01\/IMG-20231228-WA0001.jpg 1600w\" sizes=\"(max-width: 1024px) 100vw, 1024px\" \/><\/figure>\n<\/figure>\n","protected":false},"excerpt":{"rendered":"<p>Livro de Paulo Esperan\u00e7a andou pela Galiza e recordar Jos\u00e9 Afonso V\u00e1rias jornadas, de 15&#8230;<\/p>\n","protected":false},"author":2,"featured_media":10373,"comment_status":"open","ping_status":"open","sticky":true,"template":"","format":"standard","meta":{"sfsi_plus_gutenberg_text_before_share":"","sfsi_plus_gutenberg_show_text_before_share":"","sfsi_plus_gutenberg_icon_type":"","sfsi_plus_gutenberg_icon_alignemt":"","sfsi_plus_gutenburg_max_per_row":"","ngg_post_thumbnail":0,"footnotes":""},"categories":[450,469],"tags":[284],"featured_image_urls":{"full":["https:\/\/nsf.pt\/wp-content\/uploads\/2024\/01\/2image.png",940,788,false],"thumbnail":["https:\/\/nsf.pt\/wp-content\/uploads\/2024\/01\/2image-150x150.png",150,150,true],"medium":["https:\/\/nsf.pt\/wp-content\/uploads\/2024\/01\/2image-300x251.png",300,251,true],"medium_large":["https:\/\/nsf.pt\/wp-content\/uploads\/2024\/01\/2image-768x644.png",640,537,true],"large":["https:\/\/nsf.pt\/wp-content\/uploads\/2024\/01\/2image.png",640,537,false],"1536x1536":["https:\/\/nsf.pt\/wp-content\/uploads\/2024\/01\/2image.png",940,788,false],"2048x2048":["https:\/\/nsf.pt\/wp-content\/uploads\/2024\/01\/2image.png",940,788,false],"covernews-slider-full":["https:\/\/nsf.pt\/wp-content\/uploads\/2024\/01\/2image-940x715.png",940,715,true],"covernews-slider-center":["https:\/\/nsf.pt\/wp-content\/uploads\/2024\/01\/2image-800x500.png",800,500,true],"covernews-featured":["https:\/\/nsf.pt\/wp-content\/uploads\/2024\/01\/2image.png",940,788,false],"covernews-medium":["https:\/\/nsf.pt\/wp-content\/uploads\/2024\/01\/2image-540x340.png",540,340,true],"covernews-medium-square":["https:\/\/nsf.pt\/wp-content\/uploads\/2024\/01\/2image-400x250.png",400,250,true]},"author_info":{"info":["Carlos Ribeiro"]},"category_info":"<a href=\"https:\/\/nsf.pt\/index.php\/category\/livros\/\" rel=\"category tag\">LIVROS<\/a> <a href=\"https:\/\/nsf.pt\/index.php\/category\/pausa-cafe\/\" rel=\"category tag\">PAUSA CAF\u00c9<\/a>","tag_info":"PAUSA CAF\u00c9","comment_count":"0","_links":{"self":[{"href":"https:\/\/nsf.pt\/index.php\/wp-json\/wp\/v2\/posts\/10371"}],"collection":[{"href":"https:\/\/nsf.pt\/index.php\/wp-json\/wp\/v2\/posts"}],"about":[{"href":"https:\/\/nsf.pt\/index.php\/wp-json\/wp\/v2\/types\/post"}],"author":[{"embeddable":true,"href":"https:\/\/nsf.pt\/index.php\/wp-json\/wp\/v2\/users\/2"}],"replies":[{"embeddable":true,"href":"https:\/\/nsf.pt\/index.php\/wp-json\/wp\/v2\/comments?post=10371"}],"version-history":[{"count":2,"href":"https:\/\/nsf.pt\/index.php\/wp-json\/wp\/v2\/posts\/10371\/revisions"}],"predecessor-version":[{"id":10378,"href":"https:\/\/nsf.pt\/index.php\/wp-json\/wp\/v2\/posts\/10371\/revisions\/10378"}],"wp:featuredmedia":[{"embeddable":true,"href":"https:\/\/nsf.pt\/index.php\/wp-json\/wp\/v2\/media\/10373"}],"wp:attachment":[{"href":"https:\/\/nsf.pt\/index.php\/wp-json\/wp\/v2\/media?parent=10371"}],"wp:term":[{"taxonomy":"category","embeddable":true,"href":"https:\/\/nsf.pt\/index.php\/wp-json\/wp\/v2\/categories?post=10371"},{"taxonomy":"post_tag","embeddable":true,"href":"https:\/\/nsf.pt\/index.php\/wp-json\/wp\/v2\/tags?post=10371"}],"curies":[{"name":"wp","href":"https:\/\/api.w.org\/{rel}","templated":true}]}}