{"id":10484,"date":"2024-01-04T10:41:42","date_gmt":"2024-01-04T10:41:42","guid":{"rendered":"https:\/\/nsf.pt\/?p=10484"},"modified":"2024-01-04T16:04:03","modified_gmt":"2024-01-04T16:04:03","slug":"elas-tambem-estiveram-la","status":"publish","type":"post","link":"https:\/\/nsf.pt\/index.php\/2024\/01\/04\/elas-tambem-estiveram-la\/","title":{"rendered":"Elas tamb\u00e9m estiveram l\u00e1"},"content":{"rendered":"\n<h2 class=\"wp-block-heading\">Na aula aberta de Antropologia e Movimentos Sociais na FCSH Berna houve filme e debate<\/h2>\n\n\n<div class=\"wp-block-post-date\"><time datetime=\"2024-01-04T10:41:42+00:00\">4 de Janeiro, 2024<\/time><\/div>\n\n\n<p>Quando a universidade se abre a quem se interessa pelos temas que ela trata, ganha a institui\u00e7\u00e3o, ganham alunos e professores e ganham ainda os visitantes de ocasi\u00e3o. Foi o que aconteceu ontem na aula que Paula Godinho dinamiza como professora e investigadora, em Antropologia e Movimentos Sociais, com a exibi\u00e7\u00e3o do filme ELAS TAMB\u00c9M ESTIVERAM L\u00c1, realizado por Joana Craveiro, produzido por Teatro do Vestido (Portugal | 2021 | 105\u2019).<\/p>\n\n\n\n<div style=\"height:27px\" aria-hidden=\"true\" class=\"wp-block-spacer\"><\/div>\n\n\n\n<figure class=\"wp-block-gallery has-nested-images columns-default is-cropped wp-block-gallery-1 is-layout-flex wp-block-gallery-is-layout-flex\">\n<figure class=\"wp-block-image size-large\"><img decoding=\"async\" loading=\"lazy\" width=\"1024\" height=\"678\" data-id=\"10499\" src=\"https:\/\/nsf.pt\/wp-content\/uploads\/2024\/01\/joana-1-1024x678.jpg\" alt=\"\" class=\"wp-image-10499\" srcset=\"https:\/\/nsf.pt\/wp-content\/uploads\/2024\/01\/joana-1-1024x678.jpg 1024w, https:\/\/nsf.pt\/wp-content\/uploads\/2024\/01\/joana-1-300x199.jpg 300w, https:\/\/nsf.pt\/wp-content\/uploads\/2024\/01\/joana-1-768x509.jpg 768w, https:\/\/nsf.pt\/wp-content\/uploads\/2024\/01\/joana-1.jpg 1105w\" sizes=\"(max-width: 1024px) 100vw, 1024px\" \/><\/figure>\n<\/figure>\n\n\n\n<p class=\"has-text-align-center\">Joana Craveiro dinamizou o debate depois da exibi\u00e7\u00e3o do filme<\/p>\n\n\n\n<div style=\"height:19px\" aria-hidden=\"true\" class=\"wp-block-spacer\"><\/div>\n\n\n\n<p>Houve aula viva, com filme e muitas emo\u00e7\u00f5es \u00e0 mistura e no final uma partilha marcada por grande cumplicidade com Joana Craveiro que transbordava de energia e de vontade de fazer mais e melhor depois da experi\u00eancia do filme que \u00e9 antes de mais uma transposi\u00e7\u00e3o do teatro para o cinema. Foi esta aventura, de permuta de linguagens, com meios muitos reduzidos, que tivemos oportunidade de ouvir, comentar, debater e sobretudo de aprender com ela.<\/p>\n\n\n\n<p>Como Paula Godinho adiantou no seu convite \u00e0 participa\u00e7\u00e3o na aula &#8220;Trata-se de &#8220;um document\u00e1rio po\u00e9tico sobre a invisibilidade das mulheres em acontecimentos hist\u00f3ricos, como a ditadura portuguesa de 1926-1974, ou o processo revolucion\u00e1rio de 1974-75. Combinando hist\u00f3rias de vida, fotografias e documentos originais, o filme reencena essas vidas invis\u00edveis e culmina com uma cena filmada numa pequena sala de cinema, que se acredita ter sido usada pelos censores durante a ditadura portuguesa.<\/p>\n\n\n\n<p>O filme recebeu v\u00e1rios pr\u00e9mios. &#8220;Elas tamb\u00e9m estiveram l\u00e1&#8221;, originalmente um espect\u00e1culo de teatro estreado em 2018, foi nomeado para melhor Texto Portugu\u00eas Representado pela SPA, em 2019&#8243;.<\/p>\n\n\n\n<figure class=\"wp-block-gallery has-nested-images columns-default is-cropped wp-block-gallery-3 is-layout-flex wp-block-gallery-is-layout-flex\">\n<figure class=\"wp-block-image size-large\"><img decoding=\"async\" loading=\"lazy\" width=\"1011\" height=\"600\" data-id=\"10494\" src=\"https:\/\/nsf.pt\/wp-content\/uploads\/2024\/01\/sala.jpg\" alt=\"\" class=\"wp-image-10494\" srcset=\"https:\/\/nsf.pt\/wp-content\/uploads\/2024\/01\/sala.jpg 1011w, https:\/\/nsf.pt\/wp-content\/uploads\/2024\/01\/sala-300x178.jpg 300w, https:\/\/nsf.pt\/wp-content\/uploads\/2024\/01\/sala-768x456.jpg 768w\" sizes=\"(max-width: 1011px) 100vw, 1011px\" \/><\/figure>\n<\/figure>\n\n\n\n<div style=\"height:21px\" aria-hidden=\"true\" class=\"wp-block-spacer\"><\/div>\n\n\n\n<figure class=\"wp-block-gallery has-nested-images columns-default is-cropped wp-block-gallery-5 is-layout-flex wp-block-gallery-is-layout-flex\">\n<figure class=\"wp-block-image size-large\"><img decoding=\"async\" loading=\"lazy\" width=\"800\" height=\"600\" data-id=\"10493\" src=\"https:\/\/nsf.pt\/wp-content\/uploads\/2024\/01\/joana-2.jpg\" alt=\"\" class=\"wp-image-10493\" srcset=\"https:\/\/nsf.pt\/wp-content\/uploads\/2024\/01\/joana-2.jpg 800w, https:\/\/nsf.pt\/wp-content\/uploads\/2024\/01\/joana-2-300x225.jpg 300w, https:\/\/nsf.pt\/wp-content\/uploads\/2024\/01\/joana-2-768x576.jpg 768w\" sizes=\"(max-width: 800px) 100vw, 800px\" \/><\/figure>\n\n\n\n<figure class=\"wp-block-image size-large\"><img decoding=\"async\" loading=\"lazy\" width=\"800\" height=\"600\" data-id=\"10492\" src=\"https:\/\/nsf.pt\/wp-content\/uploads\/2024\/01\/aula2.jpg\" alt=\"\" class=\"wp-image-10492\" srcset=\"https:\/\/nsf.pt\/wp-content\/uploads\/2024\/01\/aula2.jpg 800w, https:\/\/nsf.pt\/wp-content\/uploads\/2024\/01\/aula2-300x225.jpg 300w, https:\/\/nsf.pt\/wp-content\/uploads\/2024\/01\/aula2-768x576.jpg 768w\" sizes=\"(max-width: 800px) 100vw, 800px\" \/><\/figure>\n<\/figure>\n\n\n\n<p class=\"has-text-align-center\">Debate com participa\u00e7\u00e3o de Aurora Rodrigues<\/p>\n\n\n\n<div style=\"height:18px\" aria-hidden=\"true\" class=\"wp-block-spacer\"><\/div>\n\n\n\n<p>Na sala esteve em foco a presen\u00e7a de Aurora Rodrigues que tamb\u00e9m foi protagonista de temas e acontecimentos retratados no filme e que \u00e9 hoje uma voz incontorn\u00e1vel da din\u00e2mica em curso que visa recolocar, no seu devido lugar, o papel das mulheres na resist\u00eancia e luta antifascista e na constru\u00e7\u00e3o de um Portugal mais igualit\u00e1rio, nomeadamente atrav\u00e9s da sua participa\u00e7\u00e3o nos movimentos sociais p\u00f3s-25 de Abril.<\/p>\n\n\n\n<p><\/p>\n\n\n\n<p>Fotos \u00a9CVR\/NSF<\/p>\n","protected":false},"excerpt":{"rendered":"<p>Na aula aberta de Antropologia e Movimentos Sociais na FCSH Berna houve filme e debate&#8230;<\/p>\n","protected":false},"author":2,"featured_media":10499,"comment_status":"open","ping_status":"open","sticky":true,"template":"","format":"standard","meta":{"sfsi_plus_gutenberg_text_before_share":"","sfsi_plus_gutenberg_show_text_before_share":"","sfsi_plus_gutenberg_icon_type":"","sfsi_plus_gutenberg_icon_alignemt":"","sfsi_plus_gutenburg_max_per_row":"","ngg_post_thumbnail":0,"footnotes":""},"categories":[238,448],"tags":[193],"featured_image_urls":{"full":["https:\/\/nsf.pt\/wp-content\/uploads\/2024\/01\/joana-1.jpg",1105,732,false],"thumbnail":["https:\/\/nsf.pt\/wp-content\/uploads\/2024\/01\/joana-1-150x150.jpg",150,150,true],"medium":["https:\/\/nsf.pt\/wp-content\/uploads\/2024\/01\/joana-1-300x199.jpg",300,199,true],"medium_large":["https:\/\/nsf.pt\/wp-content\/uploads\/2024\/01\/joana-1-768x509.jpg",640,424,true],"large":["https:\/\/nsf.pt\/wp-content\/uploads\/2024\/01\/joana-1-1024x678.jpg",640,424,true],"1536x1536":["https:\/\/nsf.pt\/wp-content\/uploads\/2024\/01\/joana-1.jpg",1105,732,false],"2048x2048":["https:\/\/nsf.pt\/wp-content\/uploads\/2024\/01\/joana-1.jpg",1105,732,false],"covernews-slider-full":["https:\/\/nsf.pt\/wp-content\/uploads\/2024\/01\/joana-1-1105x715.jpg",1105,715,true],"covernews-slider-center":["https:\/\/nsf.pt\/wp-content\/uploads\/2024\/01\/joana-1-800x500.jpg",800,500,true],"covernews-featured":["https:\/\/nsf.pt\/wp-content\/uploads\/2024\/01\/joana-1-1024x678.jpg",1024,678,true],"covernews-medium":["https:\/\/nsf.pt\/wp-content\/uploads\/2024\/01\/joana-1-540x340.jpg",540,340,true],"covernews-medium-square":["https:\/\/nsf.pt\/wp-content\/uploads\/2024\/01\/joana-1-400x250.jpg",400,250,true]},"author_info":{"info":["Carlos Ribeiro"]},"category_info":"<a href=\"https:\/\/nsf.pt\/index.php\/category\/destaque\/\" rel=\"category tag\">DESTAQUE<\/a> <a href=\"https:\/\/nsf.pt\/index.php\/category\/historia-e-memorias\/\" rel=\"category tag\">HIST\u00d3RIA E MEM\u00d3RIAS<\/a>","tag_info":"HIST\u00d3RIA E MEM\u00d3RIAS","comment_count":"0","_links":{"self":[{"href":"https:\/\/nsf.pt\/index.php\/wp-json\/wp\/v2\/posts\/10484"}],"collection":[{"href":"https:\/\/nsf.pt\/index.php\/wp-json\/wp\/v2\/posts"}],"about":[{"href":"https:\/\/nsf.pt\/index.php\/wp-json\/wp\/v2\/types\/post"}],"author":[{"embeddable":true,"href":"https:\/\/nsf.pt\/index.php\/wp-json\/wp\/v2\/users\/2"}],"replies":[{"embeddable":true,"href":"https:\/\/nsf.pt\/index.php\/wp-json\/wp\/v2\/comments?post=10484"}],"version-history":[{"count":3,"href":"https:\/\/nsf.pt\/index.php\/wp-json\/wp\/v2\/posts\/10484\/revisions"}],"predecessor-version":[{"id":10501,"href":"https:\/\/nsf.pt\/index.php\/wp-json\/wp\/v2\/posts\/10484\/revisions\/10501"}],"wp:featuredmedia":[{"embeddable":true,"href":"https:\/\/nsf.pt\/index.php\/wp-json\/wp\/v2\/media\/10499"}],"wp:attachment":[{"href":"https:\/\/nsf.pt\/index.php\/wp-json\/wp\/v2\/media?parent=10484"}],"wp:term":[{"taxonomy":"category","embeddable":true,"href":"https:\/\/nsf.pt\/index.php\/wp-json\/wp\/v2\/categories?post=10484"},{"taxonomy":"post_tag","embeddable":true,"href":"https:\/\/nsf.pt\/index.php\/wp-json\/wp\/v2\/tags?post=10484"}],"curies":[{"name":"wp","href":"https:\/\/api.w.org\/{rel}","templated":true}]}}