{"id":10560,"date":"2024-01-09T18:22:33","date_gmt":"2024-01-09T18:22:33","guid":{"rendered":"https:\/\/nsf.pt\/?p=10560"},"modified":"2024-01-15T08:29:46","modified_gmt":"2024-01-15T08:29:46","slug":"munther-amira-e-um-preso-politico","status":"publish","type":"post","link":"https:\/\/nsf.pt\/index.php\/2024\/01\/09\/munther-amira-e-um-preso-politico\/","title":{"rendered":"Munther Amira \u00e9 um preso pol\u00edtico"},"content":{"rendered":"\n<p> REVISTA DE IMPRENSA | Israel det\u00e9m activista palestiniano sem acusa\u00e7\u00e3o<\/p>\n\n\n<div class=\"wp-block-post-date\"><time datetime=\"2024-01-09T18:22:33+00:00\">9 de Janeiro, 2024<\/time><\/div>\n\n\n<p>&#8220;Na madrugada de 18 de Dezembro, pelas 3h, soldados israelitas entraram na casa de Munther Amira, no campo de refugiados de Aida, na Cisjord\u00e2nia ocupada, enquanto a fam\u00edlia dormia. Espancaram o irm\u00e3o mais novo, Kareem, at\u00e9 este perder a consci\u00eancia. Separaram Munther da mulher, Sanaa, e dos seus cinco filhos, arrastaram-no para a rua e levaram-no, ainda de pijama, algemado e vendado&#8221; ler no PUBLICO | CAROLINA AMADO 9 de janeiro<\/p>\n\n\n\n<div style=\"height:34px\" aria-hidden=\"true\" class=\"wp-block-spacer\"><\/div>\n\n\n\n<figure class=\"wp-block-gallery has-nested-images columns-default is-cropped wp-block-gallery-1 is-layout-flex wp-block-gallery-is-layout-flex\">\n<figure class=\"wp-block-image size-large\"><img decoding=\"async\" loading=\"lazy\" width=\"1024\" height=\"648\" data-id=\"10561\" src=\"https:\/\/nsf.pt\/wp-content\/uploads\/2024\/01\/cease1-1024x648.jpg\" alt=\"\" class=\"wp-image-10561\" srcset=\"https:\/\/nsf.pt\/wp-content\/uploads\/2024\/01\/cease1-1024x648.jpg 1024w, https:\/\/nsf.pt\/wp-content\/uploads\/2024\/01\/cease1-300x190.jpg 300w, https:\/\/nsf.pt\/wp-content\/uploads\/2024\/01\/cease1-768x486.jpg 768w, https:\/\/nsf.pt\/wp-content\/uploads\/2024\/01\/cease1.jpg 1438w\" sizes=\"(max-width: 1024px) 100vw, 1024px\" \/><\/figure>\n<\/figure>\n\n\n\n<p class=\"has-text-align-center\">Munther Amira com uma bandeira palestiniana&nbsp;MAHMOUD ILLEAN\/FACEBOOK<\/p>\n\n\n\n<p><\/p>\n","protected":false},"excerpt":{"rendered":"<p>REVISTA DE IMPRENSA | Israel det\u00e9m activista palestiniano sem acusa\u00e7\u00e3o &#8220;Na madrugada de 18 de&#8230;<\/p>\n","protected":false},"author":2,"featured_media":10561,"comment_status":"open","ping_status":"open","sticky":true,"template":"","format":"standard","meta":{"sfsi_plus_gutenberg_text_before_share":"","sfsi_plus_gutenberg_show_text_before_share":"","sfsi_plus_gutenberg_icon_type":"","sfsi_plus_gutenberg_icon_alignemt":"","sfsi_plus_gutenburg_max_per_row":"","ngg_post_thumbnail":0,"footnotes":""},"categories":[495,238,460],"tags":[],"featured_image_urls":{"full":["https:\/\/nsf.pt\/wp-content\/uploads\/2024\/01\/cease1.jpg",1438,910,false],"thumbnail":["https:\/\/nsf.pt\/wp-content\/uploads\/2024\/01\/cease1-150x150.jpg",150,150,true],"medium":["https:\/\/nsf.pt\/wp-content\/uploads\/2024\/01\/cease1-300x190.jpg",300,190,true],"medium_large":["https:\/\/nsf.pt\/wp-content\/uploads\/2024\/01\/cease1-768x486.jpg",640,405,true],"large":["https:\/\/nsf.pt\/wp-content\/uploads\/2024\/01\/cease1-1024x648.jpg",640,405,true],"1536x1536":["https:\/\/nsf.pt\/wp-content\/uploads\/2024\/01\/cease1.jpg",1438,910,false],"2048x2048":["https:\/\/nsf.pt\/wp-content\/uploads\/2024\/01\/cease1.jpg",1438,910,false],"covernews-slider-full":["https:\/\/nsf.pt\/wp-content\/uploads\/2024\/01\/cease1-1115x715.jpg",1115,715,true],"covernews-slider-center":["https:\/\/nsf.pt\/wp-content\/uploads\/2024\/01\/cease1-800x500.jpg",800,500,true],"covernews-featured":["https:\/\/nsf.pt\/wp-content\/uploads\/2024\/01\/cease1-1024x648.jpg",1024,648,true],"covernews-medium":["https:\/\/nsf.pt\/wp-content\/uploads\/2024\/01\/cease1-540x340.jpg",540,340,true],"covernews-medium-square":["https:\/\/nsf.pt\/wp-content\/uploads\/2024\/01\/cease1-400x250.jpg",400,250,true]},"author_info":{"info":["Carlos Ribeiro"]},"category_info":"<a href=\"https:\/\/nsf.pt\/index.php\/category\/ceasefirenow\/\" rel=\"category tag\">CEASEFIRENOW<\/a> <a href=\"https:\/\/nsf.pt\/index.php\/category\/destaque\/\" rel=\"category tag\">DESTAQUE<\/a> <a href=\"https:\/\/nsf.pt\/index.php\/category\/revista-de-imprensa\/\" rel=\"category tag\">REVISTA DE IMPRENSA<\/a>","tag_info":"REVISTA DE IMPRENSA","comment_count":"0","_links":{"self":[{"href":"https:\/\/nsf.pt\/index.php\/wp-json\/wp\/v2\/posts\/10560"}],"collection":[{"href":"https:\/\/nsf.pt\/index.php\/wp-json\/wp\/v2\/posts"}],"about":[{"href":"https:\/\/nsf.pt\/index.php\/wp-json\/wp\/v2\/types\/post"}],"author":[{"embeddable":true,"href":"https:\/\/nsf.pt\/index.php\/wp-json\/wp\/v2\/users\/2"}],"replies":[{"embeddable":true,"href":"https:\/\/nsf.pt\/index.php\/wp-json\/wp\/v2\/comments?post=10560"}],"version-history":[{"count":2,"href":"https:\/\/nsf.pt\/index.php\/wp-json\/wp\/v2\/posts\/10560\/revisions"}],"predecessor-version":[{"id":10572,"href":"https:\/\/nsf.pt\/index.php\/wp-json\/wp\/v2\/posts\/10560\/revisions\/10572"}],"wp:featuredmedia":[{"embeddable":true,"href":"https:\/\/nsf.pt\/index.php\/wp-json\/wp\/v2\/media\/10561"}],"wp:attachment":[{"href":"https:\/\/nsf.pt\/index.php\/wp-json\/wp\/v2\/media?parent=10560"}],"wp:term":[{"taxonomy":"category","embeddable":true,"href":"https:\/\/nsf.pt\/index.php\/wp-json\/wp\/v2\/categories?post=10560"},{"taxonomy":"post_tag","embeddable":true,"href":"https:\/\/nsf.pt\/index.php\/wp-json\/wp\/v2\/tags?post=10560"}],"curies":[{"name":"wp","href":"https:\/\/api.w.org\/{rel}","templated":true}]}}