{"id":10664,"date":"2024-01-27T10:21:35","date_gmt":"2024-01-27T10:21:35","guid":{"rendered":"https:\/\/nsf.pt\/?p=10664"},"modified":"2024-09-18T21:43:00","modified_gmt":"2024-09-18T21:43:00","slug":"greve-geral-dos-jornalistas","status":"publish","type":"post","link":"https:\/\/nsf.pt\/index.php\/2024\/01\/27\/greve-geral-dos-jornalistas\/","title":{"rendered":"Greve geral dos jornalistas"},"content":{"rendered":"\n<h2 class=\"wp-block-heading\">NA HORA &#8211; CURTAS | Crise nos media e solidariedade com os camaradas do Global Media Group<\/h2>\n\n\n<div class=\"wp-block-post-date\"><time datetime=\"2024-01-27T10:21:35+00:00\">27 de Janeiro, 2024<\/time><\/div>\n\n\n<p>Jornalistas aprovam realiza\u00e7\u00e3o de greve&nbsp;geral<\/p>\n\n\n\n<p>O Congresso de Jornalistas aprovou no domingo passado uma mo\u00e7\u00e3o com a proposta de realiza\u00e7\u00e3o de uma greve geral. A data ser\u00e1 marcada em momento posterior.<\/p>\n\n\n\n<p>\u201cPropomos ao V Congresso de Jornalistas que mandate o Sindicato de Jornalistas para convocar um dia de greve geral em solidariedade com os camaradas do Global Media Group, em defesa da dignidade no Jornalismo e da Democracia\u201d,&nbsp;l\u00ea-se na mo\u00e7\u00e3o aprovada no congresso.<\/p>\n\n\n\n<div style=\"height:26px\" aria-hidden=\"true\" class=\"wp-block-spacer\"><\/div>\n\n\n\n<figure class=\"wp-block-gallery has-nested-images columns-default is-cropped wp-block-gallery-1 is-layout-flex wp-block-gallery-is-layout-flex\">\n<figure class=\"wp-block-image size-large\"><img decoding=\"async\" loading=\"lazy\" width=\"1024\" height=\"568\" data-id=\"10690\" src=\"https:\/\/nsf.pt\/wp-content\/uploads\/2024\/01\/CONGRESSO-JORNAS-1024x568.jpg\" alt=\"\" class=\"wp-image-10690\" srcset=\"https:\/\/nsf.pt\/wp-content\/uploads\/2024\/01\/CONGRESSO-JORNAS-1024x568.jpg 1024w, https:\/\/nsf.pt\/wp-content\/uploads\/2024\/01\/CONGRESSO-JORNAS-300x166.jpg 300w, https:\/\/nsf.pt\/wp-content\/uploads\/2024\/01\/CONGRESSO-JORNAS-768x426.jpg 768w, https:\/\/nsf.pt\/wp-content\/uploads\/2024\/01\/CONGRESSO-JORNAS.jpg 1106w\" sizes=\"(max-width: 1024px) 100vw, 1024px\" \/><\/figure>\n<\/figure>\n","protected":false},"excerpt":{"rendered":"<p>NA HORA &#8211; CURTAS | Crise nos media e solidariedade com os camaradas do Global&#8230;<\/p>\n","protected":false},"author":2,"featured_media":10690,"comment_status":"open","ping_status":"open","sticky":true,"template":"","format":"standard","meta":{"sfsi_plus_gutenberg_text_before_share":"","sfsi_plus_gutenberg_show_text_before_share":"","sfsi_plus_gutenberg_icon_type":"","sfsi_plus_gutenberg_icon_alignemt":"","sfsi_plus_gutenburg_max_per_row":"","ngg_post_thumbnail":0,"footnotes":""},"categories":[467],"tags":[202],"featured_image_urls":{"full":["https:\/\/nsf.pt\/wp-content\/uploads\/2024\/01\/CONGRESSO-JORNAS.jpg",1106,613,false],"thumbnail":["https:\/\/nsf.pt\/wp-content\/uploads\/2024\/01\/CONGRESSO-JORNAS-150x150.jpg",150,150,true],"medium":["https:\/\/nsf.pt\/wp-content\/uploads\/2024\/01\/CONGRESSO-JORNAS-300x166.jpg",300,166,true],"medium_large":["https:\/\/nsf.pt\/wp-content\/uploads\/2024\/01\/CONGRESSO-JORNAS-768x426.jpg",640,355,true],"large":["https:\/\/nsf.pt\/wp-content\/uploads\/2024\/01\/CONGRESSO-JORNAS-1024x568.jpg",640,355,true],"1536x1536":["https:\/\/nsf.pt\/wp-content\/uploads\/2024\/01\/CONGRESSO-JORNAS.jpg",1106,613,false],"2048x2048":["https:\/\/nsf.pt\/wp-content\/uploads\/2024\/01\/CONGRESSO-JORNAS.jpg",1106,613,false],"covernews-slider-full":["https:\/\/nsf.pt\/wp-content\/uploads\/2024\/01\/CONGRESSO-JORNAS.jpg",1106,613,false],"covernews-slider-center":["https:\/\/nsf.pt\/wp-content\/uploads\/2024\/01\/CONGRESSO-JORNAS-800x500.jpg",800,500,true],"covernews-featured":["https:\/\/nsf.pt\/wp-content\/uploads\/2024\/01\/CONGRESSO-JORNAS-1024x568.jpg",1024,568,true],"covernews-medium":["https:\/\/nsf.pt\/wp-content\/uploads\/2024\/01\/CONGRESSO-JORNAS-540x340.jpg",540,340,true],"covernews-medium-square":["https:\/\/nsf.pt\/wp-content\/uploads\/2024\/01\/CONGRESSO-JORNAS-400x250.jpg",400,250,true]},"author_info":{"info":["Carlos Ribeiro"]},"category_info":"<a href=\"https:\/\/nsf.pt\/index.php\/category\/na-hora\/\" rel=\"category tag\">NA HORA<\/a>","tag_info":"NA HORA","comment_count":"0","_links":{"self":[{"href":"https:\/\/nsf.pt\/index.php\/wp-json\/wp\/v2\/posts\/10664"}],"collection":[{"href":"https:\/\/nsf.pt\/index.php\/wp-json\/wp\/v2\/posts"}],"about":[{"href":"https:\/\/nsf.pt\/index.php\/wp-json\/wp\/v2\/types\/post"}],"author":[{"embeddable":true,"href":"https:\/\/nsf.pt\/index.php\/wp-json\/wp\/v2\/users\/2"}],"replies":[{"embeddable":true,"href":"https:\/\/nsf.pt\/index.php\/wp-json\/wp\/v2\/comments?post=10664"}],"version-history":[{"count":3,"href":"https:\/\/nsf.pt\/index.php\/wp-json\/wp\/v2\/posts\/10664\/revisions"}],"predecessor-version":[{"id":12360,"href":"https:\/\/nsf.pt\/index.php\/wp-json\/wp\/v2\/posts\/10664\/revisions\/12360"}],"wp:featuredmedia":[{"embeddable":true,"href":"https:\/\/nsf.pt\/index.php\/wp-json\/wp\/v2\/media\/10690"}],"wp:attachment":[{"href":"https:\/\/nsf.pt\/index.php\/wp-json\/wp\/v2\/media?parent=10664"}],"wp:term":[{"taxonomy":"category","embeddable":true,"href":"https:\/\/nsf.pt\/index.php\/wp-json\/wp\/v2\/categories?post=10664"},{"taxonomy":"post_tag","embeddable":true,"href":"https:\/\/nsf.pt\/index.php\/wp-json\/wp\/v2\/tags?post=10664"}],"curies":[{"name":"wp","href":"https:\/\/api.w.org\/{rel}","templated":true}]}}