{"id":10669,"date":"2024-01-25T04:31:16","date_gmt":"2024-01-25T04:31:16","guid":{"rendered":"https:\/\/nsf.pt\/?p=10669"},"modified":"2024-01-25T04:31:19","modified_gmt":"2024-01-25T04:31:19","slug":"o-tup-o-18-de-janeiro-e-as-revoltas-de-hoje","status":"publish","type":"post","link":"https:\/\/nsf.pt\/index.php\/2024\/01\/25\/o-tup-o-18-de-janeiro-e-as-revoltas-de-hoje\/","title":{"rendered":"O TUP, o 18 de janeiro e as revoltas de hoje"},"content":{"rendered":"\n<h2 class=\"wp-block-heading\">Amanh\u00e3 N\u00e3o H\u00e1 Revolta <\/h2>\n\n\n<div class=\"wp-block-post-date\"><time datetime=\"2024-01-25T04:31:16+00:00\">25 de Janeiro, 2024<\/time><\/div>\n\n\n<h1 class=\"wp-block-heading\">Teatro Universit\u00e1rio do Porto recuperou pe\u00e7a sobre revolta dos vidreiros<\/h1>\n\n\n\n<h3 class=\"wp-block-heading\">O Teatro Universit\u00e1rio do Porto (TUP) apresentou na quinta-feira a domingo passados &#8220;Amanh\u00e3 n\u00e3o h\u00e1 revolta&#8221;, na Associa\u00e7\u00e3o de Moradores da Bou\u00e7a, recuperando uma cria\u00e7\u00e3o coletiva com quase 50 anos sobre a revolta dos vidreiros em 1934.<\/h3>\n\n\n\n<div style=\"height:38px\" aria-hidden=\"true\" class=\"wp-block-spacer\"><\/div>\n\n\n\n<figure class=\"wp-block-gallery has-nested-images columns-default is-cropped wp-block-gallery-1 is-layout-flex wp-block-gallery-is-layout-flex\">\n<figure class=\"wp-block-image size-large\"><img decoding=\"async\" loading=\"lazy\" width=\"1024\" height=\"635\" data-id=\"10670\" src=\"https:\/\/nsf.pt\/wp-content\/uploads\/2024\/01\/tup_amnha-NHR1-1024x635.jpg\" alt=\"\" class=\"wp-image-10670\" srcset=\"https:\/\/nsf.pt\/wp-content\/uploads\/2024\/01\/tup_amnha-NHR1-1024x635.jpg 1024w, https:\/\/nsf.pt\/wp-content\/uploads\/2024\/01\/tup_amnha-NHR1-300x186.jpg 300w, https:\/\/nsf.pt\/wp-content\/uploads\/2024\/01\/tup_amnha-NHR1-768x476.jpg 768w, https:\/\/nsf.pt\/wp-content\/uploads\/2024\/01\/tup_amnha-NHR1.jpg 1306w\" sizes=\"(max-width: 1024px) 100vw, 1024px\" \/><\/figure>\n<\/figure>\n\n\n\n<p>Fotos de Nuno Matos<\/p>\n\n\n\n<p><\/p>\n\n\n\n<p>&#8220;O TUP faz 75 anos este ano e ach\u00e1mos que faria todo o sentido olharmos para o arquivo, percebermos a nossa hist\u00f3ria, e pegarmos numa pe\u00e7a importante para a nossa associa\u00e7\u00e3o. [&#8230;] Fomos os primeiros a pegar na pe\u00e7a e and\u00e1mos com o espet\u00e1culo pelo pa\u00eds, em associa\u00e7\u00f5es de moradores, associa\u00e7\u00f5es de estudantes, nas Minas do Pej\u00e3o. Teve carreira grande e contactou com muita gente&#8221;, contou \u00e0 Lusa a presidente do TUP, e parte da equipa do espet\u00e1culo, Sandra Pinheiro.<\/p>\n\n\n\n<p>O espet\u00e1culo teve carreira durante o per\u00edodo do Processo Revolucion\u00e1rio em Curso (PREC), quando &#8220;os s\u00f3cios tinham vontade de falar de pol\u00edtica e de coisas importantes para eles&#8221;, entrando aqui esta luta oper\u00e1ria.<\/p>\n\n\n\n<p>&#8220;Um grupo de oper\u00e1rios come\u00e7ou uma revolta e a partir da Marinha Grande aconteceram greves e manifesta\u00e7\u00f5es noutros locais, Silves, Sines, Almada, Barreiro. \u00c9 um grande marco para o sindicalismo e organiza\u00e7\u00e3o coletiva em Portugal&#8221;, contou Sandra Pinheiro.<\/p>\n\n\n\n<p><\/p>\n\n\n\n<div style=\"height:14px\" aria-hidden=\"true\" class=\"wp-block-spacer\"><\/div>\n\n\n\n<figure class=\"wp-block-gallery has-nested-images columns-default is-cropped wp-block-gallery-3 is-layout-flex wp-block-gallery-is-layout-flex\">\n<figure class=\"wp-block-image size-large\"><img decoding=\"async\" loading=\"lazy\" width=\"1024\" height=\"598\" data-id=\"10671\" src=\"https:\/\/nsf.pt\/wp-content\/uploads\/2024\/01\/amanha2-1024x598.jpg\" alt=\"\" class=\"wp-image-10671\" srcset=\"https:\/\/nsf.pt\/wp-content\/uploads\/2024\/01\/amanha2-1024x598.jpg 1024w, https:\/\/nsf.pt\/wp-content\/uploads\/2024\/01\/amanha2-300x175.jpg 300w, https:\/\/nsf.pt\/wp-content\/uploads\/2024\/01\/amanha2-768x449.jpg 768w, https:\/\/nsf.pt\/wp-content\/uploads\/2024\/01\/amanha2.jpg 1416w\" sizes=\"(max-width: 1024px) 100vw, 1024px\" \/><\/figure>\n\n\n\n<figure class=\"wp-block-image size-large\"><img decoding=\"async\" loading=\"lazy\" width=\"1024\" height=\"597\" data-id=\"10672\" src=\"https:\/\/nsf.pt\/wp-content\/uploads\/2024\/01\/amanha3-1024x597.jpg\" alt=\"\" class=\"wp-image-10672\" srcset=\"https:\/\/nsf.pt\/wp-content\/uploads\/2024\/01\/amanha3-1024x597.jpg 1024w, https:\/\/nsf.pt\/wp-content\/uploads\/2024\/01\/amanha3-300x175.jpg 300w, https:\/\/nsf.pt\/wp-content\/uploads\/2024\/01\/amanha3-768x448.jpg 768w, https:\/\/nsf.pt\/wp-content\/uploads\/2024\/01\/amanha3.jpg 1390w\" sizes=\"(max-width: 1024px) 100vw, 1024px\" \/><\/figure>\n<\/figure>\n\n\n\n<p class=\"has-text-align-center\">Representa\u00e7\u00e3o do TUP | fazer o contraponto com os dias de hoje<\/p>\n\n\n\n<h2 class=\"wp-block-heading\">Quest\u00f5es atuais<\/h2>\n\n\n\n<p>Desta base, e de entrevistas com os integrantes do espet\u00e1culo original, bem como material de arquivo, o grupo partiu para uma s\u00e9rie de quest\u00f5es sobre a atualidade, perguntando como &#8220;fazer o contraponto com os dias de hoje&#8221; a partir desta evoca\u00e7\u00e3o de um momento importante para a hist\u00f3ria dos direitos dos trabalhadores e organiza\u00e7\u00e3o coletiva.<\/p>\n\n\n\n<p>&#8220;Como \u00e9 que hoje nos manifestamos? Quais s\u00e3o as nossas preocupa\u00e7\u00f5es? Quais s\u00e3o os direitos dos trabalhadores jovens? Como est\u00e1 isto no Porto, como a quest\u00e3o da habita\u00e7\u00e3o, da cidade e ocupa\u00e7\u00e3o do espa\u00e7o?&#8221;, questiona.<\/p>\n\n\n\n<p>Tamb\u00e9m o lugar do TUP \u00e9 refletido no espet\u00e1culo apresentado na Bou\u00e7a, uma vez que esta associa\u00e7\u00e3o com 75 anos de vida vive &#8220;em casa provis\u00f3ria h\u00e1 algum tempo&#8221;, sem sala de espet\u00e1culos nem condi\u00e7\u00f5es para salvaguardar o arquivo.<\/p>\n\n\n\n<p>O espet\u00e1culo \u00e9 uma cria\u00e7\u00e3o coletiva em que o texto \u00e9 assinado por Isabel Pereira, Patr\u00edcia Xar\u00e1, Rui Resende e Sandra Pinheiro, em cocria\u00e7\u00e3o com F\u00e1bio Schuch, Maria Jo\u00e3o Calisto e Maria Jo\u00e3o L.<\/p>\n\n\n\n<p>Raquel S. fez apoio \u00e0 dramaturgia e Patr\u00edcia Gon\u00e7alves apoio \u00e0 encena\u00e7\u00e3o, com o desenho de luz a cargo de C\u00e1rin Geada, e a participa\u00e7\u00e3o em processo e produ\u00e7\u00e3o de v\u00e1rias outras pessoas.<\/p>\n\n\n\n<p>AMANH\u00c3 N\u00c3O H\u00c1 REVOLTA<\/p>\n\n\n\n<p>18 a 21 de janeiro | quinta a s\u00e1bado 21h30 + domingo 19h00<\/p>\n\n\n\n<p>Associa\u00e7\u00e3o De Moradores Da Bou\u00e7a<\/p>\n\n\n\n<p><a><\/a>Fotografias de Leonardo Machado<\/p>\n\n\n\n<p>Fazer greve, manifestar-se, ficar cansado, revoltar-se.<\/p>\n\n\n\n<p>Amanh\u00e3 N\u00e3o H\u00e1 Revolta \u00e9 uma cria\u00e7\u00e3o coletiva que parte do &#8220;18 de janeiro de 1934&#8221;, um texto sobre a Revolta dos oper\u00e1rios vidreiros da Marinha Grande, encenado pelo TUP nos anos 70. No nosso arquivo, descobrimos os cartazes, as fotografias e os adere\u00e7os do espet\u00e1culo. Fal\u00e1mos com quem fez a pe\u00e7a: uma bandeira vermelha ficou presa no teto durante um espet\u00e1culo, fizeram-se palcos a partir de caixas ou da parte de tr\u00e1s de carrinhas, foi-se cantar m\u00fasicas revolucion\u00e1rias a Lisboa.<\/p>\n\n\n\n<p>Quer\u00edamos saber o que queriam dizer. Tamb\u00e9m queremos dizer alguma coisa.<\/p>\n\n\n\n<p>Cria\u00e7\u00e3o coletiva e texto: Isabel Pereira, Patr\u00edcia Xar\u00e1, Rui Resende, Sandra Pinheiro<\/p>\n\n\n\n<p>Co-cria\u00e7\u00e3o \/ interpreta\u00e7\u00e3o: F\u00e1bio Schuch, Isabel Pereira, Maria Jo\u00e3o Calisto, Maria Jo\u00e3o L, Patr\u00edcia Xar\u00e1, Sandra Pinheiro<\/p>\n\n\n\n<p>Apoio \u00e0 dramaturgia: Raquel S.<\/p>\n\n\n\n<p>Apoio \u00e0 encena\u00e7\u00e3o: Patr\u00edcia Gon\u00e7alves, Raquel S.<\/p>\n\n\n\n<p>Sonoplastia e design gr\u00e1fico: Isabel Pereira<\/p>\n\n\n\n<p>Desenho de luz: C\u00e1rin Geada<\/p>\n\n\n\n<p>Opera\u00e7\u00e3o de luz: Mariana Leite Soares<\/p>\n\n\n\n<p>Opera\u00e7\u00e3o de som e v\u00eddeo: In\u00eas Pinheiro Torres<\/p>\n\n\n\n<p>Dire\u00e7\u00e3o t\u00e9cnica: Mariana Leite Soares<\/p>\n\n\n\n<p>Apoio t\u00e9cnico: Eduardo Brand\u00e3o<\/p>\n\n\n\n<p>Apoio aos figurinos: Eva Moreira<\/p>\n\n\n\n<p>Participa\u00e7\u00e3o em processo: An\u00edbal Raposo, Eduardo Brand\u00e3o, Isaura Melo, Jos\u00e9 Alberto Pereira, Jos\u00e9 Sousa, Nuno Matos<\/p>\n\n\n\n<p>V\u00eddeo: Nuno Matos<\/p>\n\n\n\n<p>Fotografia: Leonardo Machado, Ni, Nuno Matos<\/p>\n\n\n\n<p>Produ\u00e7\u00e3o: Gon\u00e7alo Albuquerque, In\u00eas Pinheiro Torres, Joana Carvalho, Mariana Leite Soares, Rui Resende, Sandra Pinheiro<\/p>\n\n\n\n<p>Apoio \u00e0 produ\u00e7\u00e3o: Manuel de Barros, Ricardo Pinheiro, Tiago Aires L\u00eado<\/p>\n\n\n\n<p>Acolhimento: Associa\u00e7\u00e3o de Moradores da Bou\u00e7a, Manuel Monteiro, Paula Macedo<\/p>\n\n\n\n<p>Agradecimentos: H\u00e9lder Costa, Teatro Oper\u00e1rio de Paris, Tino Flores, Casa da M\u00fasica, Ernesto Costa, gui silvestre, Maria Jo\u00e3o Leite, Ma\u00edra Mafra, Miguel Amorim, R\u00e1dio Metropolitana Porto, Vera Santos<\/p>\n\n\n\n<p>Um projeto apoiado pela Universidade do Porto e IPDJ.<\/p>\n\n\n\n<div style=\"height:27px\" aria-hidden=\"true\" class=\"wp-block-spacer\"><\/div>\n\n\n\n<figure class=\"wp-block-gallery has-nested-images columns-default is-cropped wp-block-gallery-5 is-layout-flex wp-block-gallery-is-layout-flex\">\n<figure class=\"wp-block-image size-large\"><img decoding=\"async\" loading=\"lazy\" width=\"589\" height=\"769\" data-id=\"10673\" src=\"https:\/\/nsf.pt\/wp-content\/uploads\/2024\/01\/amanha5.jpg\" alt=\"\" class=\"wp-image-10673\" srcset=\"https:\/\/nsf.pt\/wp-content\/uploads\/2024\/01\/amanha5.jpg 589w, https:\/\/nsf.pt\/wp-content\/uploads\/2024\/01\/amanha5-230x300.jpg 230w\" sizes=\"(max-width: 589px) 100vw, 589px\" \/><\/figure>\n<\/figure>\n","protected":false},"excerpt":{"rendered":"<p>Amanh\u00e3 N\u00e3o H\u00e1 Revolta Teatro Universit\u00e1rio do Porto recuperou pe\u00e7a sobre revolta dos vidreiros O&#8230;<\/p>\n","protected":false},"author":2,"featured_media":10672,"comment_status":"open","ping_status":"open","sticky":true,"template":"","format":"standard","meta":{"sfsi_plus_gutenberg_text_before_share":"","sfsi_plus_gutenberg_show_text_before_share":"","sfsi_plus_gutenberg_icon_type":"","sfsi_plus_gutenberg_icon_alignemt":"","sfsi_plus_gutenburg_max_per_row":"","ngg_post_thumbnail":0,"footnotes":""},"categories":[501,238],"tags":[412,503],"featured_image_urls":{"full":["https:\/\/nsf.pt\/wp-content\/uploads\/2024\/01\/amanha3.jpg",1390,811,false],"thumbnail":["https:\/\/nsf.pt\/wp-content\/uploads\/2024\/01\/amanha3-150x150.jpg",150,150,true],"medium":["https:\/\/nsf.pt\/wp-content\/uploads\/2024\/01\/amanha3-300x175.jpg",300,175,true],"medium_large":["https:\/\/nsf.pt\/wp-content\/uploads\/2024\/01\/amanha3-768x448.jpg",640,373,true],"large":["https:\/\/nsf.pt\/wp-content\/uploads\/2024\/01\/amanha3-1024x597.jpg",640,373,true],"1536x1536":["https:\/\/nsf.pt\/wp-content\/uploads\/2024\/01\/amanha3.jpg",1390,811,false],"2048x2048":["https:\/\/nsf.pt\/wp-content\/uploads\/2024\/01\/amanha3.jpg",1390,811,false],"covernews-slider-full":["https:\/\/nsf.pt\/wp-content\/uploads\/2024\/01\/amanha3-1115x715.jpg",1115,715,true],"covernews-slider-center":["https:\/\/nsf.pt\/wp-content\/uploads\/2024\/01\/amanha3-800x500.jpg",800,500,true],"covernews-featured":["https:\/\/nsf.pt\/wp-content\/uploads\/2024\/01\/amanha3-1024x597.jpg",1024,597,true],"covernews-medium":["https:\/\/nsf.pt\/wp-content\/uploads\/2024\/01\/amanha3-540x340.jpg",540,340,true],"covernews-medium-square":["https:\/\/nsf.pt\/wp-content\/uploads\/2024\/01\/amanha3-400x250.jpg",400,250,true]},"author_info":{"info":["Carlos Ribeiro"]},"category_info":"<a href=\"https:\/\/nsf.pt\/index.php\/category\/18-janeiro-1934\/\" rel=\"category tag\">18 JANEIRO 1934<\/a> <a href=\"https:\/\/nsf.pt\/index.php\/category\/destaque\/\" rel=\"category tag\">DESTAQUE<\/a>","tag_info":"DESTAQUE","comment_count":"0","_links":{"self":[{"href":"https:\/\/nsf.pt\/index.php\/wp-json\/wp\/v2\/posts\/10669"}],"collection":[{"href":"https:\/\/nsf.pt\/index.php\/wp-json\/wp\/v2\/posts"}],"about":[{"href":"https:\/\/nsf.pt\/index.php\/wp-json\/wp\/v2\/types\/post"}],"author":[{"embeddable":true,"href":"https:\/\/nsf.pt\/index.php\/wp-json\/wp\/v2\/users\/2"}],"replies":[{"embeddable":true,"href":"https:\/\/nsf.pt\/index.php\/wp-json\/wp\/v2\/comments?post=10669"}],"version-history":[{"count":1,"href":"https:\/\/nsf.pt\/index.php\/wp-json\/wp\/v2\/posts\/10669\/revisions"}],"predecessor-version":[{"id":10674,"href":"https:\/\/nsf.pt\/index.php\/wp-json\/wp\/v2\/posts\/10669\/revisions\/10674"}],"wp:featuredmedia":[{"embeddable":true,"href":"https:\/\/nsf.pt\/index.php\/wp-json\/wp\/v2\/media\/10672"}],"wp:attachment":[{"href":"https:\/\/nsf.pt\/index.php\/wp-json\/wp\/v2\/media?parent=10669"}],"wp:term":[{"taxonomy":"category","embeddable":true,"href":"https:\/\/nsf.pt\/index.php\/wp-json\/wp\/v2\/categories?post=10669"},{"taxonomy":"post_tag","embeddable":true,"href":"https:\/\/nsf.pt\/index.php\/wp-json\/wp\/v2\/tags?post=10669"}],"curies":[{"name":"wp","href":"https:\/\/api.w.org\/{rel}","templated":true}]}}