{"id":10676,"date":"2024-01-25T04:41:51","date_gmt":"2024-01-25T04:41:51","guid":{"rendered":"https:\/\/nsf.pt\/?p=10676"},"modified":"2024-01-25T04:41:54","modified_gmt":"2024-01-25T04:41:54","slug":"exposicao-50-cravos-no-aljube","status":"publish","type":"post","link":"https:\/\/nsf.pt\/index.php\/2024\/01\/25\/exposicao-50-cravos-no-aljube\/","title":{"rendered":"EXPOSI\u00c7\u00c3O 50 cravos no Aljube"},"content":{"rendered":"\n<h2 class=\"wp-block-heading\">AGENDA &#8211; Museu do Aljube | 1 de fevereiro &#8211; 31 de mar\u00e7o<\/h2>\n\n\n<div class=\"wp-block-post-date\"><time datetime=\"2024-01-25T04:41:51+00:00\">25 de Janeiro, 2024<\/time><\/div>\n\n\n<h1 class=\"wp-block-heading\">50 Cravos<\/h1>\n\n\n\n<p>01 DE FEVEREIRO A 31 DE MAR\u00c7O DE 2024<\/p>\n\n\n\n<p><a href=\"https:\/\/www.museudoaljube.pt\/expo\/50-cravos\/\" data-type=\"link\" data-id=\"https:\/\/www.museudoaljube.pt\/expo\/50-cravos\/\">Fonte Museu do Aljube<\/a><\/p>\n\n\n\n<div style=\"height:24px\" aria-hidden=\"true\" class=\"wp-block-spacer\"><\/div>\n\n\n\n<figure class=\"wp-block-gallery has-nested-images columns-default is-cropped wp-block-gallery-1 is-layout-flex wp-block-gallery-is-layout-flex\">\n<figure class=\"wp-block-image size-large\"><img decoding=\"async\" loading=\"lazy\" width=\"463\" height=\"266\" data-id=\"10677\" src=\"https:\/\/nsf.pt\/wp-content\/uploads\/2024\/01\/50-cravos.jpg\" alt=\"\" class=\"wp-image-10677\" srcset=\"https:\/\/nsf.pt\/wp-content\/uploads\/2024\/01\/50-cravos.jpg 463w, https:\/\/nsf.pt\/wp-content\/uploads\/2024\/01\/50-cravos-300x172.jpg 300w\" sizes=\"(max-width: 463px) 100vw, 463px\" \/><\/figure>\n<\/figure>\n\n\n\n<div style=\"height:51px\" aria-hidden=\"true\" class=\"wp-block-spacer\"><\/div>\n\n\n\n<p>Durante os \u00faltimos 9 meses, cerca de 100 cartazes da autoria do ilustrador S\u00e9rgio Conde\u00e7o estiveram em diversos pontos do pa\u00eds e convidaram \u00e0 interven\u00e7\u00e3o popular direta, numa reflex\u00e3o sobre os valores de Abril e os 50 anos da Revolu\u00e7\u00e3o.<\/p>\n\n\n\n<p>Os cartazes estiveram colocados em escolas, bibliotecas, ruas, empresas p\u00fablicas e privadas, e o p\u00fablico interveio escolhendo uma destas formas: escrevendo, pintando, rasgando, manchando, grafitando, sobre o que representam, para cada um, o cravo e a frase \u201cem cada rosto\u201d, com o prop\u00f3sito de compreender, atualmente, a import\u00e2ncia sobre os valores de Abril.<\/p>\n\n\n\n<p>Parte do resultado destas interven\u00e7\u00f5es populares, originais e fotografia, materializam-se nesta exposi\u00e7\u00e3o tempor\u00e1ria \u2014 \u201c50 Cravos\u201d.<\/p>\n\n\n\n<figure class=\"wp-block-image\"><img decoding=\"async\" src=\"https:\/\/www.museudoaljube.pt\/wp-content\/uploads\/2024\/01\/2024_02_NL_Filete.png\" alt=\"\" class=\"wp-image-12645\"\/><\/figure>\n\n\n\n<h2 class=\"wp-block-heading\">Locais onde estiveram os cartazes:<\/h2>\n\n\n\n<p>Almada, Arraiolos, Aveiro, Braga, Caldas da Rainha (ESAD), Coimbra, \u00c9vora, \u00cdlhavo, Lisboa (Alvalade, Baixa, Beato, Carnide, Chelas, Escola Ant\u00f3nio Arroio, ESBAL), Portalegre (Casa Branca), Porto (Cedofeita, FBAUP, Miguel Bombarda), Rio de Mouro (ICE), Set\u00fabal.<br>Al\u00e9m destes locais, a Faculdade de Letras da Universidade de Santiago de Compostela une-se a esta celebra\u00e7\u00e3o, intervindo sobre os cartazes, e assinalando tamb\u00e9m o facto de ter sido ali que Zeca Afonso cantou ao vivo, pela primeira vez, a can\u00e7\u00e3o \u201cGr\u00e2ndola, Vila Morena\u201d, em maio de 1972, de onde foi retirado o verso \u201cem cada rosto\u201d.<\/p>\n\n\n\n<h2 class=\"wp-block-heading\">Projeto criativo:<\/h2>\n\n\n\n<p>Cinquenta anos ap\u00f3s a Revolu\u00e7\u00e3o dos Cravos, quais s\u00e3o os valores que continuamos a defender? Qual \u00e9 a consist\u00eancia da liberdade que a Revolu\u00e7\u00e3o nos trouxe? O que \u00e9 a liberdade, hoje? Cinquenta anos depois, continuamos a lutar diariamente por valores que pens\u00e1vamos estarem j\u00e1 enraizados na sociedade portuguesa. No lugar da consagra\u00e7\u00e3o de valores sociais, econ\u00f3micos e culturais transversais a todas as classes sociais, assistimos hoje a um desvio de tudo o que ambicion\u00e1mos nas \u00faltimas cinco d\u00e9cadas. \u00c9 fundamental questionar at\u00e9 que ponto conseguimos reconhecer e identificar estes valores. Partindo da base democr\u00e1tica de Abril, \u00e9 preciso perguntar, nos dias de hoje, a todos, em particular \u00e0 nova gera\u00e7\u00e3o, educada j\u00e1 sob princ\u00edpios consagrados, que import\u00e2ncia t\u00eam e como s\u00e3o por ela praticados. \u00c9 necess\u00e1rio indagar, questionar, provocar n\u00e3o s\u00f3 os mais novos, que cresceram \u00e0 sombra deste conforto sociopol\u00edtico, mas tamb\u00e9m \u00e0s gera\u00e7\u00f5es que, ao longo das \u00faltimas d\u00e9cadas, foram perdendo a esperan\u00e7a que o 25 de Abril lhes trouxe num pa\u00eds, que aos poucos, foi deixando para tr\u00e1s os seus inadaptados. Em cada rosto, igualdade?<\/p>\n\n\n\n<h2 class=\"wp-block-heading\">Sobre o autor:<\/h2>\n\n\n\n<p>S\u00e9rgio Conde\u00e7o (1968) nasceu no Estoril, Portugal, e, ainda beb\u00e9, foi viver para Nampula, Mo\u00e7ambique, de onde regressou com 10 anos. Aos 19 anos, mudou-se para o Porto onde se formou em Design T\u00eaxtil pelo CITEX, trabalhando como designer at\u00e9 2015. No ano seguinte,, e por um per\u00edodo de tr\u00eas anos, foi diretor art\u00edstico do Programa Partis, sob o tema \u201cArte para Inclus\u00e3o\u201d com o apoio da Funda\u00e7\u00e3o Calouste Gulbenkian, numa parceria do Conselho Portugu\u00eas para os Refugiados. Atualmente, colabora frequentemente em exposi\u00e7\u00f5es coletivas e a solo, e tem ilustra\u00e7\u00f5es publicadas em v\u00e1rias revistas e jornais. Em 2019, ilustrou o seu primeiro livro, da autoria de Fernanda Freitas, pela editora Penguin Random House, com a qual viria a trabalhar noutros t\u00edtulos. Ao todo, ilustrou j\u00e1 treze livros, de autoras como Ad\u00e9lia de Carvalho e Catarina Ferreira de Almeida, entre outros nomes. S\u00e9rgio Conde\u00e7o faz hoje parte do coletivo art\u00edstico \u201cLusco Fusco\u201d, com sede em Alvalade.<\/p>\n","protected":false},"excerpt":{"rendered":"<p>AGENDA &#8211; Museu do Aljube | 1 de fevereiro &#8211; 31 de mar\u00e7o 50 Cravos&#8230;<\/p>\n","protected":false},"author":2,"featured_media":10677,"comment_status":"open","ping_status":"open","sticky":true,"template":"","format":"standard","meta":{"sfsi_plus_gutenberg_text_before_share":"","sfsi_plus_gutenberg_show_text_before_share":"","sfsi_plus_gutenberg_icon_type":"","sfsi_plus_gutenberg_icon_alignemt":"","sfsi_plus_gutenburg_max_per_row":"","ngg_post_thumbnail":0,"footnotes":""},"categories":[421,207],"tags":[289],"featured_image_urls":{"full":["https:\/\/nsf.pt\/wp-content\/uploads\/2024\/01\/50-cravos.jpg",463,266,false],"thumbnail":["https:\/\/nsf.pt\/wp-content\/uploads\/2024\/01\/50-cravos-150x150.jpg",150,150,true],"medium":["https:\/\/nsf.pt\/wp-content\/uploads\/2024\/01\/50-cravos-300x172.jpg",300,172,true],"medium_large":["https:\/\/nsf.pt\/wp-content\/uploads\/2024\/01\/50-cravos.jpg",463,266,false],"large":["https:\/\/nsf.pt\/wp-content\/uploads\/2024\/01\/50-cravos.jpg",463,266,false],"1536x1536":["https:\/\/nsf.pt\/wp-content\/uploads\/2024\/01\/50-cravos.jpg",463,266,false],"2048x2048":["https:\/\/nsf.pt\/wp-content\/uploads\/2024\/01\/50-cravos.jpg",463,266,false],"covernews-slider-full":["https:\/\/nsf.pt\/wp-content\/uploads\/2024\/01\/50-cravos.jpg",463,266,false],"covernews-slider-center":["https:\/\/nsf.pt\/wp-content\/uploads\/2024\/01\/50-cravos.jpg",463,266,false],"covernews-featured":["https:\/\/nsf.pt\/wp-content\/uploads\/2024\/01\/50-cravos.jpg",463,266,false],"covernews-medium":["https:\/\/nsf.pt\/wp-content\/uploads\/2024\/01\/50-cravos.jpg",463,266,false],"covernews-medium-square":["https:\/\/nsf.pt\/wp-content\/uploads\/2024\/01\/50-cravos-400x250.jpg",400,250,true]},"author_info":{"info":["Carlos Ribeiro"]},"category_info":"<a href=\"https:\/\/nsf.pt\/index.php\/category\/50anos25abril\/\" rel=\"category tag\">50ANOS25abril<\/a> <a href=\"https:\/\/nsf.pt\/index.php\/category\/agenda-2\/\" rel=\"category tag\">AGENDA<\/a>","tag_info":"AGENDA","comment_count":"0","_links":{"self":[{"href":"https:\/\/nsf.pt\/index.php\/wp-json\/wp\/v2\/posts\/10676"}],"collection":[{"href":"https:\/\/nsf.pt\/index.php\/wp-json\/wp\/v2\/posts"}],"about":[{"href":"https:\/\/nsf.pt\/index.php\/wp-json\/wp\/v2\/types\/post"}],"author":[{"embeddable":true,"href":"https:\/\/nsf.pt\/index.php\/wp-json\/wp\/v2\/users\/2"}],"replies":[{"embeddable":true,"href":"https:\/\/nsf.pt\/index.php\/wp-json\/wp\/v2\/comments?post=10676"}],"version-history":[{"count":1,"href":"https:\/\/nsf.pt\/index.php\/wp-json\/wp\/v2\/posts\/10676\/revisions"}],"predecessor-version":[{"id":10678,"href":"https:\/\/nsf.pt\/index.php\/wp-json\/wp\/v2\/posts\/10676\/revisions\/10678"}],"wp:featuredmedia":[{"embeddable":true,"href":"https:\/\/nsf.pt\/index.php\/wp-json\/wp\/v2\/media\/10677"}],"wp:attachment":[{"href":"https:\/\/nsf.pt\/index.php\/wp-json\/wp\/v2\/media?parent=10676"}],"wp:term":[{"taxonomy":"category","embeddable":true,"href":"https:\/\/nsf.pt\/index.php\/wp-json\/wp\/v2\/categories?post=10676"},{"taxonomy":"post_tag","embeddable":true,"href":"https:\/\/nsf.pt\/index.php\/wp-json\/wp\/v2\/tags?post=10676"}],"curies":[{"name":"wp","href":"https:\/\/api.w.org\/{rel}","templated":true}]}}