{"id":10679,"date":"2024-01-27T07:33:54","date_gmt":"2024-01-27T07:33:54","guid":{"rendered":"https:\/\/nsf.pt\/?p=10679"},"modified":"2024-01-27T07:33:57","modified_gmt":"2024-01-27T07:33:57","slug":"cancao-de-protesto-em-renovacao","status":"publish","type":"post","link":"https:\/\/nsf.pt\/index.php\/2024\/01\/27\/cancao-de-protesto-em-renovacao\/","title":{"rendered":"Can\u00e7\u00e3o de protesto em renova\u00e7\u00e3o"},"content":{"rendered":"\n<h2 class=\"wp-block-heading\">Cara de Espelho um reagrupamento inspirado nos cl\u00e1ssicos da m\u00fasica de interven\u00e7\u00e3o<\/h2>\n\n\n<div class=\"wp-block-post-date\"><time datetime=\"2024-01-27T07:33:54+00:00\">27 de Janeiro, 2024<\/time><\/div>\n\n\n<p><\/p>\n\n\n\n<p>M\u00fasicos oriundos dos Deolinda, Ornato Violeta, A Naifa, Gaiteiros de Lisboa e outros seguem nos tempos atuais as pisadas de Jos\u00e9 Afonso, Jos\u00e9 M\u00e1rio Branco, Fausto, S\u00e9rgio Godinho, porque \u00e9 necess\u00e1rio agir. A can\u00e7\u00e3o pol\u00edtica ao servi\u00e7o da democracia.<\/p>\n\n\n\n<div style=\"height:33px\" aria-hidden=\"true\" class=\"wp-block-spacer\"><\/div>\n\n\n\n<figure class=\"wp-block-gallery has-nested-images columns-default is-cropped wp-block-gallery-1 is-layout-flex wp-block-gallery-is-layout-flex\">\n<figure class=\"wp-block-image size-large\"><img decoding=\"async\" loading=\"lazy\" width=\"1024\" height=\"620\" data-id=\"10680\" src=\"https:\/\/nsf.pt\/wp-content\/uploads\/2024\/01\/caras-de-espelho-1024x620.jpg\" alt=\"\" class=\"wp-image-10680\" srcset=\"https:\/\/nsf.pt\/wp-content\/uploads\/2024\/01\/caras-de-espelho-1024x620.jpg 1024w, https:\/\/nsf.pt\/wp-content\/uploads\/2024\/01\/caras-de-espelho-300x182.jpg 300w, https:\/\/nsf.pt\/wp-content\/uploads\/2024\/01\/caras-de-espelho-768x465.jpg 768w, https:\/\/nsf.pt\/wp-content\/uploads\/2024\/01\/caras-de-espelho.jpg 1342w\" sizes=\"(max-width: 1024px) 100vw, 1024px\" \/><\/figure>\n<\/figure>\n\n\n\n<p class=\"has-text-align-center\">Caras de Espelho<\/p>\n\n\n\n<figure class=\"wp-block-embed is-type-video is-provider-youtube wp-block-embed-youtube wp-embed-aspect-16-9 wp-has-aspect-ratio\"><div class=\"wp-block-embed__wrapper\">\n<iframe loading=\"lazy\" title=\"Cara de Espelho - Corridinho Portugu\u00eas (Official Music Video)\" width=\"640\" height=\"360\" src=\"https:\/\/www.youtube.com\/embed\/xMO-cNp0Cq8?feature=oembed\" frameborder=\"0\" allow=\"accelerometer; autoplay; clipboard-write; encrypted-media; gyroscope; picture-in-picture; web-share\" allowfullscreen><\/iframe>\n<\/div><\/figure>\n","protected":false},"excerpt":{"rendered":"<p>Cara de Espelho um reagrupamento inspirado nos cl\u00e1ssicos da m\u00fasica de interven\u00e7\u00e3o M\u00fasicos oriundos dos&#8230;<\/p>\n","protected":false},"author":2,"featured_media":10680,"comment_status":"open","ping_status":"open","sticky":true,"template":"","format":"standard","meta":{"sfsi_plus_gutenberg_text_before_share":"","sfsi_plus_gutenberg_show_text_before_share":"","sfsi_plus_gutenberg_icon_type":"","sfsi_plus_gutenberg_icon_alignemt":"","sfsi_plus_gutenburg_max_per_row":"","ngg_post_thumbnail":0,"footnotes":""},"categories":[451,469],"tags":[330],"featured_image_urls":{"full":["https:\/\/nsf.pt\/wp-content\/uploads\/2024\/01\/caras-de-espelho.jpg",1342,812,false],"thumbnail":["https:\/\/nsf.pt\/wp-content\/uploads\/2024\/01\/caras-de-espelho-150x150.jpg",150,150,true],"medium":["https:\/\/nsf.pt\/wp-content\/uploads\/2024\/01\/caras-de-espelho-300x182.jpg",300,182,true],"medium_large":["https:\/\/nsf.pt\/wp-content\/uploads\/2024\/01\/caras-de-espelho-768x465.jpg",640,388,true],"large":["https:\/\/nsf.pt\/wp-content\/uploads\/2024\/01\/caras-de-espelho-1024x620.jpg",640,388,true],"1536x1536":["https:\/\/nsf.pt\/wp-content\/uploads\/2024\/01\/caras-de-espelho.jpg",1342,812,false],"2048x2048":["https:\/\/nsf.pt\/wp-content\/uploads\/2024\/01\/caras-de-espelho.jpg",1342,812,false],"covernews-slider-full":["https:\/\/nsf.pt\/wp-content\/uploads\/2024\/01\/caras-de-espelho-1115x715.jpg",1115,715,true],"covernews-slider-center":["https:\/\/nsf.pt\/wp-content\/uploads\/2024\/01\/caras-de-espelho-800x500.jpg",800,500,true],"covernews-featured":["https:\/\/nsf.pt\/wp-content\/uploads\/2024\/01\/caras-de-espelho-1024x620.jpg",1024,620,true],"covernews-medium":["https:\/\/nsf.pt\/wp-content\/uploads\/2024\/01\/caras-de-espelho-540x340.jpg",540,340,true],"covernews-medium-square":["https:\/\/nsf.pt\/wp-content\/uploads\/2024\/01\/caras-de-espelho-400x250.jpg",400,250,true]},"author_info":{"info":["Carlos Ribeiro"]},"category_info":"<a href=\"https:\/\/nsf.pt\/index.php\/category\/artes-e-cultura\/\" rel=\"category tag\">ARTES E CULTURA<\/a> <a href=\"https:\/\/nsf.pt\/index.php\/category\/pausa-cafe\/\" rel=\"category tag\">PAUSA CAF\u00c9<\/a>","tag_info":"PAUSA CAF\u00c9","comment_count":"0","_links":{"self":[{"href":"https:\/\/nsf.pt\/index.php\/wp-json\/wp\/v2\/posts\/10679"}],"collection":[{"href":"https:\/\/nsf.pt\/index.php\/wp-json\/wp\/v2\/posts"}],"about":[{"href":"https:\/\/nsf.pt\/index.php\/wp-json\/wp\/v2\/types\/post"}],"author":[{"embeddable":true,"href":"https:\/\/nsf.pt\/index.php\/wp-json\/wp\/v2\/users\/2"}],"replies":[{"embeddable":true,"href":"https:\/\/nsf.pt\/index.php\/wp-json\/wp\/v2\/comments?post=10679"}],"version-history":[{"count":1,"href":"https:\/\/nsf.pt\/index.php\/wp-json\/wp\/v2\/posts\/10679\/revisions"}],"predecessor-version":[{"id":10681,"href":"https:\/\/nsf.pt\/index.php\/wp-json\/wp\/v2\/posts\/10679\/revisions\/10681"}],"wp:featuredmedia":[{"embeddable":true,"href":"https:\/\/nsf.pt\/index.php\/wp-json\/wp\/v2\/media\/10680"}],"wp:attachment":[{"href":"https:\/\/nsf.pt\/index.php\/wp-json\/wp\/v2\/media?parent=10679"}],"wp:term":[{"taxonomy":"category","embeddable":true,"href":"https:\/\/nsf.pt\/index.php\/wp-json\/wp\/v2\/categories?post=10679"},{"taxonomy":"post_tag","embeddable":true,"href":"https:\/\/nsf.pt\/index.php\/wp-json\/wp\/v2\/tags?post=10679"}],"curies":[{"name":"wp","href":"https:\/\/api.w.org\/{rel}","templated":true}]}}