{"id":10692,"date":"2024-01-27T11:32:31","date_gmt":"2024-01-27T11:32:31","guid":{"rendered":"https:\/\/nsf.pt\/?p=10692"},"modified":"2024-01-27T12:36:01","modified_gmt":"2024-01-27T12:36:01","slug":"marcha-neonazi-entre-o-martim-moniz-e-mouraria","status":"publish","type":"post","link":"https:\/\/nsf.pt\/index.php\/2024\/01\/27\/marcha-neonazi-entre-o-martim-moniz-e-mouraria\/","title":{"rendered":"Marcha neonazi entre o Martim Moniz e Mouraria"},"content":{"rendered":"\n<h2 class=\"wp-block-heading\">REVISTA DE IMPRENSA | Alerta da Amnistia Internacional<\/h2>\n\n\n<div class=\"wp-block-post-date\"><time datetime=\"2024-01-27T11:32:31+00:00\">27 de Janeiro, 2024<\/time><\/div>\n\n\n<p><\/p>\n\n\n\n<p>Protesto no Martim Moniz: Amnistia Internacional avisa que \u201cincitamento ao \u00f3dio e apologia \u00e0 discrimina\u00e7\u00e3o\u201d s\u00e3o crimes.<\/p>\n\n\n\n<figure class=\"wp-block-gallery has-nested-images columns-default is-cropped wp-block-gallery-1 is-layout-flex wp-block-gallery-is-layout-flex\">\n<figure class=\"wp-block-image size-large\"><img decoding=\"async\" loading=\"lazy\" width=\"822\" height=\"404\" data-id=\"10703\" src=\"https:\/\/nsf.pt\/wp-content\/uploads\/2024\/01\/marcha3.jpg\" alt=\"\" class=\"wp-image-10703\" srcset=\"https:\/\/nsf.pt\/wp-content\/uploads\/2024\/01\/marcha3.jpg 822w, https:\/\/nsf.pt\/wp-content\/uploads\/2024\/01\/marcha3-300x147.jpg 300w, https:\/\/nsf.pt\/wp-content\/uploads\/2024\/01\/marcha3-768x377.jpg 768w\" sizes=\"(max-width: 822px) 100vw, 822px\" \/><\/figure>\n<\/figure>\n\n\n\n<p>Perante o protesto de grupos neonazis e de extrema-direita marcado para o dia 3 de fevereiro, e que incluir\u00e1 uma marcha entre O Martim Moniz e a Mouraria, A Amnistia Internacional alerta que protestos que incitem ao \u00f3dio e \u00e0 viol\u00eancia constituem um crime, punido pela lei portuguesa.<\/p>\n\n\n\n<div style=\"height:32px\" aria-hidden=\"true\" class=\"wp-block-spacer\"><\/div>\n\n\n\n<figure class=\"wp-block-gallery has-nested-images columns-default is-cropped wp-block-gallery-3 is-layout-flex wp-block-gallery-is-layout-flex\">\n<figure class=\"wp-block-image size-large\"><img decoding=\"async\" loading=\"lazy\" width=\"1024\" height=\"575\" data-id=\"10693\" src=\"https:\/\/nsf.pt\/wp-content\/uploads\/2024\/01\/espa-1024x575.jpg\" alt=\"\" class=\"wp-image-10693\" srcset=\"https:\/\/nsf.pt\/wp-content\/uploads\/2024\/01\/espa-1024x575.jpg 1024w, https:\/\/nsf.pt\/wp-content\/uploads\/2024\/01\/espa-300x168.jpg 300w, https:\/\/nsf.pt\/wp-content\/uploads\/2024\/01\/espa-768x431.jpg 768w, https:\/\/nsf.pt\/wp-content\/uploads\/2024\/01\/espa.jpg 1250w\" sizes=\"(max-width: 1024px) 100vw, 1024px\" \/><\/figure>\n<\/figure>\n\n\n\n<p class=\"has-text-align-center\">Fonte: Pedro Zagacho Gon\u00e7alves (Executive Digest)<\/p>\n","protected":false},"excerpt":{"rendered":"<p>REVISTA DE IMPRENSA | Alerta da Amnistia Internacional Protesto no Martim Moniz: Amnistia Internacional avisa&#8230;<\/p>\n","protected":false},"author":2,"featured_media":10703,"comment_status":"open","ping_status":"open","sticky":true,"template":"","format":"standard","meta":{"sfsi_plus_gutenberg_text_before_share":"","sfsi_plus_gutenberg_show_text_before_share":"","sfsi_plus_gutenberg_icon_type":"","sfsi_plus_gutenberg_icon_alignemt":"","sfsi_plus_gutenburg_max_per_row":"","ngg_post_thumbnail":0,"footnotes":""},"categories":[467,460],"tags":[27],"featured_image_urls":{"full":["https:\/\/nsf.pt\/wp-content\/uploads\/2024\/01\/marcha3.jpg",822,404,false],"thumbnail":["https:\/\/nsf.pt\/wp-content\/uploads\/2024\/01\/marcha3-150x150.jpg",150,150,true],"medium":["https:\/\/nsf.pt\/wp-content\/uploads\/2024\/01\/marcha3-300x147.jpg",300,147,true],"medium_large":["https:\/\/nsf.pt\/wp-content\/uploads\/2024\/01\/marcha3-768x377.jpg",640,314,true],"large":["https:\/\/nsf.pt\/wp-content\/uploads\/2024\/01\/marcha3.jpg",640,315,false],"1536x1536":["https:\/\/nsf.pt\/wp-content\/uploads\/2024\/01\/marcha3.jpg",822,404,false],"2048x2048":["https:\/\/nsf.pt\/wp-content\/uploads\/2024\/01\/marcha3.jpg",822,404,false],"covernews-slider-full":["https:\/\/nsf.pt\/wp-content\/uploads\/2024\/01\/marcha3.jpg",822,404,false],"covernews-slider-center":["https:\/\/nsf.pt\/wp-content\/uploads\/2024\/01\/marcha3-800x404.jpg",800,404,true],"covernews-featured":["https:\/\/nsf.pt\/wp-content\/uploads\/2024\/01\/marcha3.jpg",822,404,false],"covernews-medium":["https:\/\/nsf.pt\/wp-content\/uploads\/2024\/01\/marcha3-540x340.jpg",540,340,true],"covernews-medium-square":["https:\/\/nsf.pt\/wp-content\/uploads\/2024\/01\/marcha3-400x250.jpg",400,250,true]},"author_info":{"info":["Carlos Ribeiro"]},"category_info":"<a href=\"https:\/\/nsf.pt\/index.php\/category\/na-hora\/\" rel=\"category tag\">NA HORA<\/a> <a href=\"https:\/\/nsf.pt\/index.php\/category\/revista-de-imprensa\/\" rel=\"category tag\">REVISTA DE IMPRENSA<\/a>","tag_info":"REVISTA DE IMPRENSA","comment_count":"0","_links":{"self":[{"href":"https:\/\/nsf.pt\/index.php\/wp-json\/wp\/v2\/posts\/10692"}],"collection":[{"href":"https:\/\/nsf.pt\/index.php\/wp-json\/wp\/v2\/posts"}],"about":[{"href":"https:\/\/nsf.pt\/index.php\/wp-json\/wp\/v2\/types\/post"}],"author":[{"embeddable":true,"href":"https:\/\/nsf.pt\/index.php\/wp-json\/wp\/v2\/users\/2"}],"replies":[{"embeddable":true,"href":"https:\/\/nsf.pt\/index.php\/wp-json\/wp\/v2\/comments?post=10692"}],"version-history":[{"count":2,"href":"https:\/\/nsf.pt\/index.php\/wp-json\/wp\/v2\/posts\/10692\/revisions"}],"predecessor-version":[{"id":10704,"href":"https:\/\/nsf.pt\/index.php\/wp-json\/wp\/v2\/posts\/10692\/revisions\/10704"}],"wp:featuredmedia":[{"embeddable":true,"href":"https:\/\/nsf.pt\/index.php\/wp-json\/wp\/v2\/media\/10703"}],"wp:attachment":[{"href":"https:\/\/nsf.pt\/index.php\/wp-json\/wp\/v2\/media?parent=10692"}],"wp:term":[{"taxonomy":"category","embeddable":true,"href":"https:\/\/nsf.pt\/index.php\/wp-json\/wp\/v2\/categories?post=10692"},{"taxonomy":"post_tag","embeddable":true,"href":"https:\/\/nsf.pt\/index.php\/wp-json\/wp\/v2\/tags?post=10692"}],"curies":[{"name":"wp","href":"https:\/\/api.w.org\/{rel}","templated":true}]}}