{"id":10695,"date":"2024-01-27T12:03:41","date_gmt":"2024-01-27T12:03:41","guid":{"rendered":"https:\/\/nsf.pt\/?p=10695"},"modified":"2024-01-27T12:03:44","modified_gmt":"2024-01-27T12:03:44","slug":"proibida-a-marcha-neonazi","status":"publish","type":"post","link":"https:\/\/nsf.pt\/index.php\/2024\/01\/27\/proibida-a-marcha-neonazi\/","title":{"rendered":"Proibida a marcha neonazi"},"content":{"rendered":"\n<h2 class=\"wp-block-heading\">C\u00e2mara de Lisboa n\u00e3o autoriza manifesta\u00e7\u00e3o anti-imigra\u00e7\u00e3o no Martim Moniz e na Mouraria<\/h2>\n\n\n<div class=\"wp-block-post-date\"><time datetime=\"2024-01-27T12:03:41+00:00\">27 de Janeiro, 2024<\/time><\/div>\n\n\n<p><\/p>\n\n\n\n<h2 class=\"wp-block-heading\">Decis\u00e3o da autarquia teve por base o parecer da PSP que h\u00e1 um elevado risco de perturba\u00e7\u00e3o grave da ordem p\u00fablica<\/h2>\n\n\n\n<p>A C\u00e2mara Municipal de Lisboa n\u00e3o vai autorizar a\u00a0manifesta\u00e7\u00e3o\u00a0anti-islamiza\u00e7\u00e3o marcada para o dia 3 de fevereiro, na Mouraria e no Martim Moniz, anunciou Carlos Moedas Presidente da C\u00e2mara de Lisboa.<\/p>\n\n\n\n<p>A marcha anti-islamiza\u00e7\u00e3o est\u00e1 a ser organizada por grupos de extrema-direita nas redes sociais, onde j\u00e1 haviam pedido doa\u00e7\u00f5es dos seguidores destinadas \u00e0 compra de tochas e parafina.<\/p>\n\n\n\n<figure class=\"wp-block-gallery has-nested-images columns-default is-cropped wp-block-gallery-1 is-layout-flex wp-block-gallery-is-layout-flex\">\n<figure class=\"wp-block-image size-large\"><img decoding=\"async\" loading=\"lazy\" width=\"825\" height=\"411\" data-id=\"10696\" src=\"https:\/\/nsf.pt\/wp-content\/uploads\/2024\/01\/je.jpg\" alt=\"\" class=\"wp-image-10696\" srcset=\"https:\/\/nsf.pt\/wp-content\/uploads\/2024\/01\/je.jpg 825w, https:\/\/nsf.pt\/wp-content\/uploads\/2024\/01\/je-300x149.jpg 300w, https:\/\/nsf.pt\/wp-content\/uploads\/2024\/01\/je-768x383.jpg 768w\" sizes=\"(max-width: 825px) 100vw, 825px\" \/><\/figure>\n<\/figure>\n\n\n\n<p><\/p>\n\n\n\n<p>Sobre a Manifesta\u00e7\u00e3o importa recordar os protestos e posi\u00e7\u00f5es de den\u00fancia,  como foi o caso da tomada de posi\u00e7\u00e3o de Rui Bebiano nas Redes Sociais.<\/p>\n\n\n\n<h2 class=\"wp-block-heading\">RACISTAS E XEN\u00d3FOBOS \u00c0 SOLTA<\/h2>\n\n\n\n<p>por Rui Bebiano<\/p>\n\n\n\n<p>&#8220;Para s\u00e1bado, 3 de fevereiro, est\u00e1 marcada uma concentra\u00e7\u00e3o organizada por grupos da extrema-direita a decorrer na \u00e1rea do Intendente, em Lisboa, espa\u00e7o de trabalho e de resid\u00eancia de numerosos imigrantes. A iniciativa incluir\u00e1 uma marcha pelas ruas da Mouraria e do Martim Moniz, supostamente \u00abcontra a islamiza\u00e7\u00e3o\u00bb. Ao mesmo tempo, setores anti-racistas e antifascistas est\u00e3o a marcar uma concentra\u00e7\u00e3o sensivelmente para a mesma \u00e1rea, esta destinada, com toda a justeza, a protestar contra aquela iniciativa. Antes que o inevit\u00e1vel aconte\u00e7a, urge, pois, a proibi\u00e7\u00e3o imediata do evento racista.<\/p>\n\n\n\n<p>Atendendo a quem organiza, justifica\u00e7\u00e3o legal n\u00e3o falta e est\u00e1 na Constitui\u00e7\u00e3o da Rep\u00fablica. Relembro, do artigo 46\u00ba, o par\u00e1grafo 1\u00ba: \u00abOs cidad\u00e3os t\u00eam o direito de, livremente e sem depend\u00eancia de qualquer autoriza\u00e7\u00e3o, constituir associa\u00e7\u00f5es, desde que estas n\u00e3o se destinem a promover a viol\u00eancia e os respectivos fins n\u00e3o sejam contr\u00e1rios \u00e0 lei penal.\u00bb E tamb\u00e9m o 2\u00ba: \u00abN\u00e3o s\u00e3o consentidas (\u2026) organiza\u00e7\u00f5es racistas ou que perfilhem a ideologia fascista.\u00bb Existe ainda um princ\u00edpio geral de preven\u00e7\u00e3o contra iniciativas p\u00fablicas capazes de gerar viol\u00eancia, al\u00e9m do artigo 240\u00ba do C\u00f3digo Penal, relativo \u00e0 discrimina\u00e7\u00e3o e ao incitamento ao \u00f3dio e \u00e0 viol\u00eancia. As autoridades competentes est\u00e3o \u00e0 espera do qu\u00ea?&#8221;<\/p>\n\n\n\n<p><\/p>\n\n\n\n<p>Da mesma forma a UMAR elevou a sua voz contra a manifesta\u00e7\u00e3o com o slogan N\u00e3o Passar\u00e3o!<\/p>\n\n\n\n<h2 class=\"wp-block-heading\">N\u00c3O PASSAR\u00c3O!<\/h2>\n\n\n\n<p>Umar &#8211; Uni\u00e3o das Mulheres Alternativa e Resposta.<\/p>\n\n\n\n<p>&#8220;Contra o racismo e a islamofobia!<\/p>\n\n\n\n<p>Est\u00e1 anunciada para o dia 3 de fevereiro, na cidade de Lisboa, uma mobiliza\u00e7\u00e3o de cunho profundamente racista e islamof\u00f3bico. Com o t\u00edtulo \u201cContra a islamiza\u00e7\u00e3o da Europa\u201d, um grupo fascista pretende invocar as t\u00e1ticas de grupos nazis e dos KKK atrav\u00e9s de uma marcha com tochas, fogo e cartazes desumanizantes, na rua do Benformoso, Martim Moniz e Rua da Palma, uma zona conhecida por abrigar uma expressiva popula\u00e7\u00e3o <a><\/a>oriunda do Sul Asi\u00e1tico e de contextos isl\u00e2micos. Trata-se de uma a\u00e7\u00e3o violenta, com o objetivo de aterrorizar esta popula\u00e7\u00e3o, faz\u00ea-la sentir-se indesejada e propagar o \u00f3dio e o preconceito na sociedade portuguesa.<\/p>\n\n\n\n<p>O facto desta agress\u00e3o n\u00e3o ter sido bloqueada pelo poder p\u00fablico, que acredita que as mesmas for\u00e7as de \u201cseguran\u00e7a p\u00fablica\u201d, que t\u00eam no seu seio ideias e grupos de extrema direita, ser\u00e3o neutras e id\u00f3neas, revela o desprezo e a falta de cuidado no tratamento das pessoas migrantes residentes e\/ou trabalhadoras na Rua do Benformoso e ruas circundantes.<\/p>\n\n\n\n<p>Nos \u00faltimos meses vimos diversas situa\u00e7\u00f5es de agress\u00e3o e viol\u00eancia tendo como alvo a popula\u00e7\u00e3o do Sul Asi\u00e1tico [como o assassinato de um migrante indiano no passado 5 de Novembro], formas brutais de racismo ignoradas ou escondidas tanto pelo poder p\u00fablico, quanto pelos principais representantes da sociedade civil. Mais uma vez, corre-se o risco de pessoas migrantes serem abandonadas \u00e0 sua pr\u00f3pria sorte, depois de terem escolhido Portugal como pa\u00eds de resid\u00eancia.<\/p>\n\n\n\n<p>Frente a mais um ataque, decidimos que n\u00e3o podemos continuar passivas. \u00c9 necess\u00e1rio dizer \u201cBasta!\u201d a esta onda racista que cada dia ganha mais espa\u00e7o no discurso p\u00fablico europeu e tenta agora infiltrar-se no territ\u00f3rio portugu\u00eas. Os partidos pol\u00edticos de extrema direita sentem-se cada vez mais \u00e0 vontade, baseando-se em mentiras e desinforma\u00e7\u00f5es para ganhar apoio, enquanto s\u00e3o legitimados e tolerados pelos partidos tradicionais em nome do \u201cjogo pol\u00edtico\u201d. Posto isto, ressaltamos: As nossas vidas e a nossa humanidade n\u00e3o podem ser questionadas! N\u00c3O PASSAR\u00c3O!&#8221;<\/p>\n\n\n\n<p><\/p>\n\n\n\n<figure class=\"wp-block-gallery has-nested-images columns-default is-cropped wp-block-gallery-3 is-layout-flex wp-block-gallery-is-layout-flex\">\n<figure class=\"wp-block-image size-large\"><img decoding=\"async\" loading=\"lazy\" width=\"819\" height=\"1024\" data-id=\"10697\" src=\"https:\/\/nsf.pt\/wp-content\/uploads\/2024\/01\/np-819x1024.jpeg\" alt=\"\" class=\"wp-image-10697\" srcset=\"https:\/\/nsf.pt\/wp-content\/uploads\/2024\/01\/np-819x1024.jpeg 819w, https:\/\/nsf.pt\/wp-content\/uploads\/2024\/01\/np-240x300.jpeg 240w, https:\/\/nsf.pt\/wp-content\/uploads\/2024\/01\/np-768x960.jpeg 768w, https:\/\/nsf.pt\/wp-content\/uploads\/2024\/01\/np-1024x1280.jpeg 1024w, https:\/\/nsf.pt\/wp-content\/uploads\/2024\/01\/np.jpeg 1080w\" sizes=\"(max-width: 819px) 100vw, 819px\" \/><\/figure>\n<\/figure>\n\n\n\n<div style=\"height:58px\" aria-hidden=\"true\" class=\"wp-block-spacer\"><\/div>\n\n\n\n<p>Tamb\u00e9m o SOS Racismo agiu contra a marcha<\/p>\n\n\n\n<h1 class=\"wp-block-heading\">SOS Racismo apresentou queixa-crime contra respons\u00e1veis da marcha marcada para o Martim Moniz<\/h1>\n\n\n\n<p>SOS Racismo afirmou que a convocat\u00f3ria e manifesta\u00e7\u00e3o\/marcha &#8220;servem unicamente para expressar discursos de \u00f3dio, generaliza\u00e7\u00f5es, preconceitos e afirma\u00e7\u00f5es ostensivamente falsas&#8221; e apela \u00e0s autoridades que &#8220;n\u00e3o permitam que tal marcha venha a ocorrer&#8221;.<\/p>\n\n\n\n<p><\/p>\n","protected":false},"excerpt":{"rendered":"<p>C\u00e2mara de Lisboa n\u00e3o autoriza manifesta\u00e7\u00e3o anti-imigra\u00e7\u00e3o no Martim Moniz e na Mouraria Decis\u00e3o da&#8230;<\/p>\n","protected":false},"author":2,"featured_media":10693,"comment_status":"open","ping_status":"open","sticky":true,"template":"","format":"standard","meta":{"sfsi_plus_gutenberg_text_before_share":"","sfsi_plus_gutenberg_show_text_before_share":"","sfsi_plus_gutenberg_icon_type":"","sfsi_plus_gutenberg_icon_alignemt":"","sfsi_plus_gutenburg_max_per_row":"","ngg_post_thumbnail":0,"footnotes":""},"categories":[489,238],"tags":[27],"featured_image_urls":{"full":["https:\/\/nsf.pt\/wp-content\/uploads\/2024\/01\/espa.jpg",1250,702,false],"thumbnail":["https:\/\/nsf.pt\/wp-content\/uploads\/2024\/01\/espa-150x150.jpg",150,150,true],"medium":["https:\/\/nsf.pt\/wp-content\/uploads\/2024\/01\/espa-300x168.jpg",300,168,true],"medium_large":["https:\/\/nsf.pt\/wp-content\/uploads\/2024\/01\/espa-768x431.jpg",640,359,true],"large":["https:\/\/nsf.pt\/wp-content\/uploads\/2024\/01\/espa-1024x575.jpg",640,359,true],"1536x1536":["https:\/\/nsf.pt\/wp-content\/uploads\/2024\/01\/espa.jpg",1250,702,false],"2048x2048":["https:\/\/nsf.pt\/wp-content\/uploads\/2024\/01\/espa.jpg",1250,702,false],"covernews-slider-full":["https:\/\/nsf.pt\/wp-content\/uploads\/2024\/01\/espa-1115x702.jpg",1115,702,true],"covernews-slider-center":["https:\/\/nsf.pt\/wp-content\/uploads\/2024\/01\/espa-800x500.jpg",800,500,true],"covernews-featured":["https:\/\/nsf.pt\/wp-content\/uploads\/2024\/01\/espa-1024x575.jpg",1024,575,true],"covernews-medium":["https:\/\/nsf.pt\/wp-content\/uploads\/2024\/01\/espa-540x340.jpg",540,340,true],"covernews-medium-square":["https:\/\/nsf.pt\/wp-content\/uploads\/2024\/01\/espa-400x250.jpg",400,250,true]},"author_info":{"info":["Carlos Ribeiro"]},"category_info":"<a href=\"https:\/\/nsf.pt\/index.php\/category\/agir\/\" rel=\"category tag\">AGIR<\/a> <a href=\"https:\/\/nsf.pt\/index.php\/category\/destaque\/\" rel=\"category tag\">DESTAQUE<\/a>","tag_info":"DESTAQUE","comment_count":"0","_links":{"self":[{"href":"https:\/\/nsf.pt\/index.php\/wp-json\/wp\/v2\/posts\/10695"}],"collection":[{"href":"https:\/\/nsf.pt\/index.php\/wp-json\/wp\/v2\/posts"}],"about":[{"href":"https:\/\/nsf.pt\/index.php\/wp-json\/wp\/v2\/types\/post"}],"author":[{"embeddable":true,"href":"https:\/\/nsf.pt\/index.php\/wp-json\/wp\/v2\/users\/2"}],"replies":[{"embeddable":true,"href":"https:\/\/nsf.pt\/index.php\/wp-json\/wp\/v2\/comments?post=10695"}],"version-history":[{"count":1,"href":"https:\/\/nsf.pt\/index.php\/wp-json\/wp\/v2\/posts\/10695\/revisions"}],"predecessor-version":[{"id":10698,"href":"https:\/\/nsf.pt\/index.php\/wp-json\/wp\/v2\/posts\/10695\/revisions\/10698"}],"wp:featuredmedia":[{"embeddable":true,"href":"https:\/\/nsf.pt\/index.php\/wp-json\/wp\/v2\/media\/10693"}],"wp:attachment":[{"href":"https:\/\/nsf.pt\/index.php\/wp-json\/wp\/v2\/media?parent=10695"}],"wp:term":[{"taxonomy":"category","embeddable":true,"href":"https:\/\/nsf.pt\/index.php\/wp-json\/wp\/v2\/categories?post=10695"},{"taxonomy":"post_tag","embeddable":true,"href":"https:\/\/nsf.pt\/index.php\/wp-json\/wp\/v2\/tags?post=10695"}],"curies":[{"name":"wp","href":"https:\/\/api.w.org\/{rel}","templated":true}]}}