{"id":10705,"date":"2024-01-28T07:55:10","date_gmt":"2024-01-28T07:55:10","guid":{"rendered":"https:\/\/nsf.pt\/?p=10705"},"modified":"2024-01-28T07:55:12","modified_gmt":"2024-01-28T07:55:12","slug":"o-alerta-de-sanders","status":"publish","type":"post","link":"https:\/\/nsf.pt\/index.php\/2024\/01\/28\/o-alerta-de-sanders\/","title":{"rendered":"O alerta de Sanders"},"content":{"rendered":"\n<h2 class=\"wp-block-heading\">Sanders alerta Biden: aborde os medos da classe trabalhadora ou corre o risco de perder para o demagogo<\/h2>\n\n\n<div class=\"wp-block-post-date\"><time datetime=\"2024-01-28T07:55:10+00:00\">28 de Janeiro, 2024<\/time><\/div>\n\n\n<div style=\"height:28px\" aria-hidden=\"true\" class=\"wp-block-spacer\"><\/div>\n\n\n\n<figure class=\"wp-block-gallery has-nested-images columns-default is-cropped wp-block-gallery-1 is-layout-flex wp-block-gallery-is-layout-flex\">\n<figure class=\"wp-block-image size-large\"><img decoding=\"async\" loading=\"lazy\" width=\"1024\" height=\"674\" data-id=\"10706\" src=\"https:\/\/nsf.pt\/wp-content\/uploads\/2024\/01\/sanders-1024x674.jpg\" alt=\"\" class=\"wp-image-10706\" srcset=\"https:\/\/nsf.pt\/wp-content\/uploads\/2024\/01\/sanders-1024x674.jpg 1024w, https:\/\/nsf.pt\/wp-content\/uploads\/2024\/01\/sanders-300x197.jpg 300w, https:\/\/nsf.pt\/wp-content\/uploads\/2024\/01\/sanders-768x505.jpg 768w, https:\/\/nsf.pt\/wp-content\/uploads\/2024\/01\/sanders.jpg 1240w\" sizes=\"(max-width: 1024px) 100vw, 1024px\" \/><\/figure>\n<\/figure>\n\n\n\n<p>Senator Bernie Sanders speaks outside the Capitol to announce the reintroduction of the Medicare For All Act of 2023, on 17 May 2023 in Washington.\u00a0Photograph: Drew Angerer\/Getty Images<\/p>\n\n\n\n<p><\/p>\n\n\n\n<p>Bernie Sanders, o principal pol\u00edtico progressista da Am\u00e9rica, emitiu um aviso severo a Joe Biden no in\u00edcio do ano das elei\u00e7\u00f5es presidenciais: seja mais agressivo na abordagem \u00e0s ansiedades de milh\u00f5es de eleitores em dificuldades ou arrisque-se a devolver a Casa Branca ao demagogo antidemocr\u00e1tico Donald Trunfo.<\/p>\n\n\n\n<h2 class=\"wp-block-heading\">Ler artigo no <a href=\"https:\/\/www.theguardian.com\/us-news\/2024\/jan\/13\/sanders-warns-biden-working-class-voters-presidential-election\">GUARDIAN<\/a><\/h2>\n","protected":false},"excerpt":{"rendered":"<p>Sanders alerta Biden: aborde os medos da classe trabalhadora ou corre o risco de perder&#8230;<\/p>\n","protected":false},"author":2,"featured_media":10706,"comment_status":"open","ping_status":"open","sticky":true,"template":"","format":"standard","meta":{"sfsi_plus_gutenberg_text_before_share":"","sfsi_plus_gutenberg_show_text_before_share":"","sfsi_plus_gutenberg_icon_type":"","sfsi_plus_gutenberg_icon_alignemt":"","sfsi_plus_gutenburg_max_per_row":"","ngg_post_thumbnail":0,"footnotes":""},"categories":[467,460],"tags":[505],"featured_image_urls":{"full":["https:\/\/nsf.pt\/wp-content\/uploads\/2024\/01\/sanders.jpg",1240,816,false],"thumbnail":["https:\/\/nsf.pt\/wp-content\/uploads\/2024\/01\/sanders-150x150.jpg",150,150,true],"medium":["https:\/\/nsf.pt\/wp-content\/uploads\/2024\/01\/sanders-300x197.jpg",300,197,true],"medium_large":["https:\/\/nsf.pt\/wp-content\/uploads\/2024\/01\/sanders-768x505.jpg",640,421,true],"large":["https:\/\/nsf.pt\/wp-content\/uploads\/2024\/01\/sanders-1024x674.jpg",640,421,true],"1536x1536":["https:\/\/nsf.pt\/wp-content\/uploads\/2024\/01\/sanders.jpg",1240,816,false],"2048x2048":["https:\/\/nsf.pt\/wp-content\/uploads\/2024\/01\/sanders.jpg",1240,816,false],"covernews-slider-full":["https:\/\/nsf.pt\/wp-content\/uploads\/2024\/01\/sanders-1115x715.jpg",1115,715,true],"covernews-slider-center":["https:\/\/nsf.pt\/wp-content\/uploads\/2024\/01\/sanders-800x500.jpg",800,500,true],"covernews-featured":["https:\/\/nsf.pt\/wp-content\/uploads\/2024\/01\/sanders-1024x674.jpg",1024,674,true],"covernews-medium":["https:\/\/nsf.pt\/wp-content\/uploads\/2024\/01\/sanders-540x340.jpg",540,340,true],"covernews-medium-square":["https:\/\/nsf.pt\/wp-content\/uploads\/2024\/01\/sanders-400x250.jpg",400,250,true]},"author_info":{"info":["Carlos Ribeiro"]},"category_info":"<a href=\"https:\/\/nsf.pt\/index.php\/category\/na-hora\/\" rel=\"category tag\">NA HORA<\/a> <a href=\"https:\/\/nsf.pt\/index.php\/category\/revista-de-imprensa\/\" rel=\"category tag\">REVISTA DE IMPRENSA<\/a>","tag_info":"REVISTA DE IMPRENSA","comment_count":"0","_links":{"self":[{"href":"https:\/\/nsf.pt\/index.php\/wp-json\/wp\/v2\/posts\/10705"}],"collection":[{"href":"https:\/\/nsf.pt\/index.php\/wp-json\/wp\/v2\/posts"}],"about":[{"href":"https:\/\/nsf.pt\/index.php\/wp-json\/wp\/v2\/types\/post"}],"author":[{"embeddable":true,"href":"https:\/\/nsf.pt\/index.php\/wp-json\/wp\/v2\/users\/2"}],"replies":[{"embeddable":true,"href":"https:\/\/nsf.pt\/index.php\/wp-json\/wp\/v2\/comments?post=10705"}],"version-history":[{"count":1,"href":"https:\/\/nsf.pt\/index.php\/wp-json\/wp\/v2\/posts\/10705\/revisions"}],"predecessor-version":[{"id":10707,"href":"https:\/\/nsf.pt\/index.php\/wp-json\/wp\/v2\/posts\/10705\/revisions\/10707"}],"wp:featuredmedia":[{"embeddable":true,"href":"https:\/\/nsf.pt\/index.php\/wp-json\/wp\/v2\/media\/10706"}],"wp:attachment":[{"href":"https:\/\/nsf.pt\/index.php\/wp-json\/wp\/v2\/media?parent=10705"}],"wp:term":[{"taxonomy":"category","embeddable":true,"href":"https:\/\/nsf.pt\/index.php\/wp-json\/wp\/v2\/categories?post=10705"},{"taxonomy":"post_tag","embeddable":true,"href":"https:\/\/nsf.pt\/index.php\/wp-json\/wp\/v2\/tags?post=10705"}],"curies":[{"name":"wp","href":"https:\/\/api.w.org\/{rel}","templated":true}]}}