{"id":10722,"date":"2024-02-02T14:27:06","date_gmt":"2024-02-02T14:27:06","guid":{"rendered":"https:\/\/nsf.pt\/?p=10722"},"modified":"2024-02-02T14:27:09","modified_gmt":"2024-02-02T14:27:09","slug":"braga-nicho-de-ricos-migrantes-brasileiros-neofascistas","status":"publish","type":"post","link":"https:\/\/nsf.pt\/index.php\/2024\/02\/02\/braga-nicho-de-ricos-migrantes-brasileiros-neofascistas\/","title":{"rendered":"Braga, nicho de ricos migrantes brasileiros neofascistas"},"content":{"rendered":"\n<h2 class=\"wp-block-heading\">Braises du Caos | Mediapart Club &#8211; Postal | Colabora\u00e7\u00e3o Artur Monteiro &#8211; Paris<\/h2>\n\n\n<div class=\"wp-block-post-date\"><time datetime=\"2024-02-02T14:27:06+00:00\">2 de Fevereiro, 2024<\/time><\/div>\n\n\n<p><br>Segundo o di\u00e1rio brasileiro Correio Braziliense, a maioria dos imigrantes brasileiros da classe m\u00e9dia alta e titulares de nacionalidade portuguesa, que vieram desde 2010, muitas vezes evang\u00e9licos, s\u00e3o apoiantes do partido portugu\u00eas de extrema-direita Chega.<\/p>\n\n\n\n<div style=\"height:36px\" aria-hidden=\"true\" class=\"wp-block-spacer\"><\/div>\n\n\n\n<figure class=\"wp-block-gallery has-nested-images columns-default is-cropped wp-block-gallery-1 is-layout-flex wp-block-gallery-is-layout-flex\">\n<figure class=\"wp-block-image size-large\"><img decoding=\"async\" loading=\"lazy\" width=\"761\" height=\"400\" data-id=\"10723\" src=\"https:\/\/nsf.pt\/wp-content\/uploads\/2024\/02\/chega2.jpg\" alt=\"\" class=\"wp-image-10723\" srcset=\"https:\/\/nsf.pt\/wp-content\/uploads\/2024\/02\/chega2.jpg 761w, https:\/\/nsf.pt\/wp-content\/uploads\/2024\/02\/chega2-300x158.jpg 300w\" sizes=\"(max-width: 761px) 100vw, 761px\" \/><\/figure>\n<\/figure>\n\n\n\n<p class=\"has-text-align-center\">Andr\u00e9 Ventura no Congresso nacional em Coimbra<\/p>\n\n\n\n<p><\/p>\n\n\n\n<p>Apesar destas vicissitudes, apenas uma candidata deste partido, uma mulher, foi eleita em 2023, na Madeira.<br>Cerca de 500 mil brasileiros obtiveram a nacionalidade portuguesa entre 2010 e 2023, segundo o Minist\u00e9rio da Justi\u00e7a portugu\u00eas. Este contingente representa 5% da popula\u00e7\u00e3o portuguesa, n\u00e3o o suficiente para influenciar o espectro pol\u00edtico &#8211; menos de metade tem direito de voto no pa\u00eds &#8211; mas suficientemente forte para atrair a aten\u00e7\u00e3o dos principais candidatos nas elei\u00e7\u00f5es legislativas de 10 de mar\u00e7o de 2024, convocadas pelo Presidente da Rep\u00fablica.<\/p>\n\n\n\n<h3 class=\"wp-block-heading alignwide\"> \u00c9 no entanto, na extrema-direita que os brasileiros mais comprometidos politicamente come\u00e7am a ocupar espa\u00e7o, nomeadamente dentro do Chega, partido fundado h\u00e1 quase cinco anos por Andr\u00e9 Ventura, antigo comentador de futebol, nascido em 1953, \u201cmachista e xen\u00f3fobo\u201d.<\/h3>\n\n\n\n<p>Podemos, portanto, falar de imigra\u00e7\u00e3o brasileira legal, muito parda e burguesa.<\/p>\n\n\n\n<p>Muitos dos que acompanham a pol\u00edtica portuguesa no dia a dia questionam-se como \u00e9 que tantos brasileiros conseguem fortalecer o Chega, se nas \u00faltimas elei\u00e7\u00f5es presidenciais no Brasil, o ent\u00e3o candidato do PT, Lula da Silva, derrotou Jair Bolsonaro em Portugal com mais de 60 % dos votos. Para compreender este movimento, explica o jornalista, investigador e escritor Miguel Carvalho, \u00e9 preciso recuar a 2019, ano de cria\u00e7\u00e3o do partido que, segundo ele, n\u00e3o pode ser qualificado de extremista. Ainda n\u00e3o.<\/p>\n\n\n\n<p><\/p>\n\n\n\n<h2 class=\"wp-block-heading\">Lucinda Ribeiro<\/h2>\n\n\n\n<p>A estreita liga\u00e7\u00e3o entre os brasileiros residentes em Portugal e o partido Chega teve origem em Lucinda Ribeiro, portuguesa que assinou o sexto formul\u00e1rio de filia\u00e7\u00e3o no partido. Especialista em programa\u00e7\u00e3o de dados &#8211; administrou cerca de uma centena de grupos nas redes sociais &#8211; foi ela quem recrutou evang\u00e9licos, sobretudo brasileiros, para integrarem a estrutura partid\u00e1ria ultraconservadora que nascia com a miss\u00e3o de acabar com o socialismo portugu\u00eas. O apoio dos brasileiros foi t\u00e3o forte que surpreendeu os l\u00edderes partid\u00e1rios portugueses, e foi ainda mais refor\u00e7ado ap\u00f3s a elei\u00e7\u00e3o de Andr\u00e9 Ventura como deputado, o \u00fanico membro do partido Chega na altura no Parlamento.<\/p>\n\n\n\n<p>Uma parte significativa destes brasileiros evang\u00e9licos estava em Braga, cidade do norte de Portugal que se tornou um dos principais destinos de quem atravessa o Atl\u00e2ntico no fluxo de migrantes que tem crescido desde 2017. Braga \u00e9 a capital do distrito do mesmo nome, e os seus 200 mil habitantes est\u00e3o repartidos por 183 km2.<\/p>\n\n\n\n<p>Mas, como salienta Miguel Carvalho, os \u201capoiantes\u201d brasileiros do Chega estavam espalhados por todo o pa\u00eds. No caso da comunidade que se instalou em Braga, um grupo tinha sa\u00eddo do Brasil para prosseguir a forma\u00e7\u00e3o acad\u00e9mica na Universidade do Minho &#8211; fundada em 1973 em Braga &#8211; onde, recentemente, Grazielle Tavares, 49 anos, natural do Rio de Janeiro, levou um soco na boca e um pontap\u00e9 na barriga por um portugu\u00eas a meio da aula devido a um desentendimento sobre um trabalho acad\u00e9mico.<\/p>\n\n\n\n<p><\/p>\n\n\n\n<h2 class=\"wp-block-heading\">S\u00e3o oriundos das classes m\u00e9dia e alta<\/h2>\n\n\n\n<p>&#8220;Ao longo do tempo, estes brasileiros bracarenses ocuparam cargos importantes dentro da estrutura do Chega. Tamb\u00e9m se tornaram activos na comunidade, atrav\u00e9s de associa\u00e7\u00f5es e funda\u00e7\u00f5es&#8221;, explica o jornalista, que acompanha este passado desde a sua cria\u00e7\u00e3o ou quase. Em geral, esses brasileiros possuem dupla nacionalidade e s\u00e3o oriundos das classes m\u00e9dia e alta.  Trabalham como empreiteiros, engenheiros civis, designers, programadores visuais e arquitetos. Pastores de igrejas neopentecostais tamb\u00e9m aderiram ao movimento, pedindo votos para o Chega durante os cultos. \u201cAndr\u00e9 Ventura soube aproveitar esse apoio, que n\u00e3o foi direcionado para outros partidos\u201d, explica.<\/p>\n\n\n\n<p>Depois de todo este trabalho de consolida\u00e7\u00e3o do Chega, Lucinda Ribeiro acabou por se desentender com a lideran\u00e7a do partido  que, segundo ela, estava a empurrar o partido para uma dire\u00e7\u00e3o menos radical, aproximando-o dos partidos tradicionais. Ela deixou o cargo em 2021, e juntou-se ao ADN, grupo de extrema direita que surgiu durante a pandemia de Covid-19, negando a ci\u00eancia e espalhando not\u00edcias falsas. No entanto, o recrutamento de brasileiros pelo Chega n\u00e3o parou. O lugar deixado por Lucinda foi  ocupado por Cibelli Pinheiro de Almeida, cujo ativismo pol\u00edtico come\u00e7ou em Recife (Pernambuco, Brasil), na base militante do\u2026 PT, partido com o qual sua fam\u00edlia tem la\u00e7os estreitos.<\/p>\n\n\n\n<p><\/p>\n\n\n\n<h2 class=\"wp-block-heading\">Cibelli Pinheiro de Almeida<\/h2>\n\n\n\n<p>Ao chegar a Portugal, Cibelli Pinheiro de Almeida radicalizou-se \u00e0 direita. Em Braga, instalou uma esp\u00e9cie de rede de apoio aos imigrantes brasileiros, ajudando-os a encontrar emprego e habita\u00e7\u00e3o. No mesmo per\u00edodo, aderiu \u00e0 Associa\u00e7\u00e3o Fam\u00edlia Conservadora, fortalecendo assim o discurso do Chega, que <\/p>\n\n\n\n<h3 class=\"wp-block-heading alignwide\">encontrou resson\u00e2ncia n\u00e3o s\u00f3 entre os evang\u00e9licos, mas tamb\u00e9m em grupos cujos programas se enquadram na guerra cultural, como ideologia de g\u00e9nero, anti-aborto , prote\u00e7\u00e3o das fam\u00edlias, redu\u00e7\u00e3o dos direitos LGBTQ+ e controle da imigra\u00e7\u00e3o, bem como teorias da conspira\u00e7\u00e3o.<\/h3>\n\n\n\n<p>A import\u00e2ncia de Cibelli P. de Almeida incomodou alguns membros da dire\u00e7\u00e3o do Chega na cidade de Braga. O presidente do partido na regi\u00e3o, deputado Filipe Melo, eleito em 2022, apoiou a teoria de que a brasileira  estaria \u00e0 frente de uma seita religiosa, formada principalmente por evangelistas. Apoiado por cat\u00f3licos radicais fascistas do Opus Dei, Melo conseguiu isolar a senhora Pinheiro de Almeida. Ela permaneceu no partido, apesar disso, como ativista de base. <strong>Em 2023, foi uma das principais organizadoras dos protestos contra o presidente Lula da Silva durante a sua visita a Portugal.<\/strong><\/p>\n\n\n\n<div style=\"height:33px\" aria-hidden=\"true\" class=\"wp-block-spacer\"><\/div>\n\n\n\n<figure class=\"wp-block-gallery has-nested-images columns-default is-cropped wp-block-gallery-3 is-layout-flex wp-block-gallery-is-layout-flex\">\n<figure class=\"wp-block-image size-large\"><img decoding=\"async\" loading=\"lazy\" width=\"513\" height=\"360\" data-id=\"10725\" src=\"https:\/\/nsf.pt\/wp-content\/uploads\/2024\/02\/melo1.jpg\" alt=\"\" class=\"wp-image-10725\" srcset=\"https:\/\/nsf.pt\/wp-content\/uploads\/2024\/02\/melo1.jpg 513w, https:\/\/nsf.pt\/wp-content\/uploads\/2024\/02\/melo1-300x211.jpg 300w\" sizes=\"(max-width: 513px) 100vw, 513px\" \/><\/figure>\n\n\n\n<figure class=\"wp-block-image size-large\"><img decoding=\"async\" loading=\"lazy\" width=\"548\" height=\"371\" data-id=\"10724\" src=\"https:\/\/nsf.pt\/wp-content\/uploads\/2024\/02\/melo2.jpg\" alt=\"\" class=\"wp-image-10724\" srcset=\"https:\/\/nsf.pt\/wp-content\/uploads\/2024\/02\/melo2.jpg 548w, https:\/\/nsf.pt\/wp-content\/uploads\/2024\/02\/melo2-300x203.jpg 300w\" sizes=\"(max-width: 548px) 100vw, 548px\" \/><\/figure>\n<\/figure>\n\n\n\n<p class=\"has-text-align-center\">Melo \u00e9 sobrinho do c\u00f3nego Melo de Braga<\/p>\n\n\n\n<div style=\"height:15px\" aria-hidden=\"true\" class=\"wp-block-spacer\"><\/div>\n\n\n\n<p>Melo, que \u00e9 neto de imigrantes e se manifesta contra a presen\u00e7a de estrangeiros em Portugal, \u00e9 sobrinho-neto do c\u00f3nego Eduardo Melo Peixoto (1927\/2008), um dos \u00edcones da Igreja Cat\u00f3lica Portuguesa, cuja est\u00e1tua se encontra em Braga , e propagador da extrema direita no pa\u00eds logo ap\u00f3s a Revolu\u00e7\u00e3o dos Cravos em 1974, ativista anticomunista. \u201cCom a destitui\u00e7\u00e3o de Lucinda, depois de Cibelli, o movimento evang\u00e9lico brasileiro perdeu terreno no Chega, mas o apoio ao partido n\u00e3o enfraqueceu\u201d, sublinha Miguel Carvalho.<\/p>\n\n\n\n<p><br>Embora pequenos em termos de votos, os brasileiros foram importantes para o salto espetacular dado pelo partido Chega nas elei\u00e7\u00f5es de 2022. O partido passou de um para 12 deputados, tornando-se o terceiro partido na Assembleia da Rep\u00fablica. <\/p>\n\n\n\n<p><\/p>\n\n\n\n<h3 class=\"wp-block-heading alignwide\">\u201cNesta fase, os respons\u00e1veis \u200b\u200bpelas redes bolsonaristas desempenharam um papel fundamental no recrutamento de eleitores mais inclinados para a extrema direita\u201d, explica Jo\u00e3o Gabriel de Lima, <\/h3>\n\n\n\n<p>escritor, jornalista e membro do Observat\u00f3rio da Qualidade da Democracia da Universidade de Lisboa, que tamb\u00e9m escreveu in\u00fameras colunas para o di\u00e1rio ultraconservador brasileiro &#8220;O Estado de S\u00e3o Paulo&#8221;. O partido de Andr\u00e9 Ventura venceu na maioria dos consulados portugueses no Brasil, nomeadamente no Rio de Janeiro, onde a comunidade portuguesa \u00e9 grande. Entre os imigrantes autorizados a participar nas elei\u00e7\u00f5es portuguesas, os brasileiros garantiram dois ter\u00e7os dos votos ao partido de extrema-direita, segundo c\u00e1lculos do presidente Marcelo Rebelo de Souza.<\/p>\n\n\n\n<p>Apesar do hist\u00f3rico de participa\u00e7\u00e3o e da din\u00e2mica do Chega, os brasileiros ocupam apenas um cargo eleito em Portugal, o de Ma\u00edza Georgia Mendon\u00e7a Gomes Fernandes, conhecida como Ma\u00edza Fernandes, deputada na Assembleia Regional da Madeira, desde que foi eleita em 24\/9 \/2023, tal como outros tr\u00eas candidatos estreantes do Chega, tamb\u00e9m na ilha da Madeira. Segundo Lima, isso mostra o paradoxo do partido, que conta com o apoio de parte da maior comunidade imigrante de Portugal, mas limita a participa\u00e7\u00e3o dos brasileiros em posi\u00e7\u00f5es de lideran\u00e7a e defende uma linha dura na quest\u00e3o da imigra\u00e7\u00e3o. Segundo todas as sondagens, os cidad\u00e3os brasileiros s\u00e3o as principais v\u00edtimas da xenofobia no pa\u00eds europeu, o que \u00e9 amplamente expresso pelos apoiantes do Chega.<\/p>\n\n\n\n<div style=\"height:30px\" aria-hidden=\"true\" class=\"wp-block-spacer\"><\/div>\n\n\n\n<figure class=\"wp-block-gallery has-nested-images columns-default is-cropped wp-block-gallery-5 is-layout-flex wp-block-gallery-is-layout-flex\">\n<figure class=\"wp-block-image size-large\"><img decoding=\"async\" loading=\"lazy\" width=\"872\" height=\"533\" data-id=\"10726\" src=\"https:\/\/nsf.pt\/wp-content\/uploads\/2024\/02\/chefa-mariza.jpg\" alt=\"\" class=\"wp-image-10726\" srcset=\"https:\/\/nsf.pt\/wp-content\/uploads\/2024\/02\/chefa-mariza.jpg 872w, https:\/\/nsf.pt\/wp-content\/uploads\/2024\/02\/chefa-mariza-300x183.jpg 300w, https:\/\/nsf.pt\/wp-content\/uploads\/2024\/02\/chefa-mariza-768x469.jpg 768w\" sizes=\"(max-width: 872px) 100vw, 872px\" \/><\/figure>\n<\/figure>\n\n\n\n<p class=\"has-text-align-center\">Mariza Fernandes eleita deputada na Assembleia Regional da Madeira <\/p>\n\n\n\n<p>Vice-presidente do partido na cidade do Porto, segundo col\u00e9gio eleitoral de Portugal, o brasileiro Marcus Santos, 45 anos, nega a exist\u00eancia de preconceito dentro do partido. &#8220;Sou brasileiro e negro. Em nenhum momento fui discriminado pela cor da pele ou pelo sotaque&#8221;, diz Santos, que dever\u00e1 figurar na lista de candidatos do partido \u00e0s elei\u00e7\u00f5es de 10 de mar\u00e7o de 2024. \u201cSou brasileiro e negro. serei o primeiro deputado brasileiro eleito no que chamamos de Portugal continental\u201d, acredita. Um dos seus principais objectivos \u00e9 refor\u00e7ar os controlos de imigra\u00e7\u00e3o.<\/p>\n\n\n\n<p><\/p>\n\n\n\n<h2 class=\"wp-block-heading\">Marcos Santos ex-lutador de jiu-jitsu e MMA<\/h2>\n\n\n\n<p>\u201cSou a favor da imposi\u00e7\u00e3o de restri\u00e7\u00f5es \u00e0 imigra\u00e7\u00e3o. Portugal, que tem um grande n\u00famero de idosos, precisa de m\u00e3o de obra estrangeira. morar em Portugal&#8221;, diz Santos, ex-lutador de jiu-jitsu e MMA e dono de uma rede de academias de artes marciais. \u201cVivi nos Estados Unidos, onde s\u00f3 deixam entrar trabalhadores com compet\u00eancias muito espec\u00edficas. Quando as portas est\u00e3o abertas, entram todo o tipo de imigrantes e acabam por ser explorados, \u00e0s vezes at\u00e9 como escravos. acrescenta.<\/p>\n\n\n\n<p>Dentro do Chega, sublinha Marcus Santos, a perspetiva \u00e9 que o partido eleja entre 40 a 50 deputados nas pr\u00f3ximas elei\u00e7\u00f5es. Como resultado, o partido ajudar\u00e1 a permitir que uma coliga\u00e7\u00e3o de direita forme o pr\u00f3ximo governo em Portugal. Andr\u00e9 Ventura, reeleito este fim de semana de 13 a 14 de janeiro de 2024 como presidente do partido, afirma que ser\u00e1 o pr\u00f3ximo primeiro-ministro do pa\u00eds porque os portugueses j\u00e1 n\u00e3o querem o PS (Partido Socialista), devido ao seu passado de corrup\u00e7\u00e3o, nem do PSD (Partido Social Democrata), pela sua constante omiss\u00e3o, segundo ele.<\/p>\n\n\n\n<p>As sondagens d\u00e3o ao partido entre 13 e 17% da prefer\u00eancia do eleitorado. \u201cN\u00e3o h\u00e1 d\u00favida de que o Chega ter\u00e1 um forte crescimento nas pr\u00f3ximas elei\u00e7\u00f5es, pelo menos duplicando a sua dimens\u00e3o\u201d, prev\u00ea Miguel Carvalho. Neste contexto, o partido poderia ser decisivo na forma\u00e7\u00e3o de uma maioria que conduziria ao pr\u00f3ximo governo.<\/p>\n\n\n\n<p><\/p>\n\n\n\n<p>Uma corrente de especialistas v\u00ea a possibilidade de uma coliga\u00e7\u00e3o entre o PSD, que viria primeiro, e o Chega, embora o atual presidente do partido social-democrata, Lu\u00eds Montenegro, tenha criado uma esp\u00e9cie de cord\u00e3o sant\u00e9 ao jurar que n\u00e3o se aliaria ele mesmo com a ultradireita. Mas quem conhece o funcionamento do partido n\u00e3o exclui que Montenegro fique \u00e0 margem e que seja convocado um l\u00edder externo com a miss\u00e3o de unir for\u00e7as com o Chega. <\/p>\n\n\n\n<h3 class=\"wp-block-heading alignwide\">Este seria Pedro Passos Coelho, antigo primeiro-ministro e padrinho pol\u00edtico de Andr\u00e9 Ventura quando este entrou na pol\u00edtica com o PSD.<\/h3>\n\n\n\n<p>Em 2017, Ventura foi eleito vereador em Loures, nos arredores de Lisboa, com o maior n\u00famero de votos alguma vez obtido por um candidato do PSD. Ele atraiu a aten\u00e7\u00e3o dos eleitores com um discurso radical contra os ciganos. A ala mais democr\u00e1tica do partido apelou \u00e0 sa\u00edda do ent\u00e3o vereador do partido, acusado de extremismo, mas Passos Coelho conteve-o. N\u00e3o podemos, portanto, dizer que est\u00e1 exclu\u00edda uma alian\u00e7a entre o PSD e o Chega. \u201cSe houver maioria de direita, teremos de compreender o voto dos cidad\u00e3os\u201d, sublinha Miguel Relvas, antigo ministro dos Assuntos Parlamentares, militante do PSD.<\/p>\n\n\n\n<p><\/p>\n\n\n\n<p>Texto <a href=\"https:\/\/blogs.mediapart.fr\/braises-du-chaos\/blog\/180124\/portugal-braga-niche-de-riches-migrants-bresiliens-neofascistes\" data-type=\"link\" data-id=\"https:\/\/blogs.mediapart.fr\/braises-du-chaos\/blog\/180124\/portugal-braga-niche-de-riches-migrants-bresiliens-neofascistes\">Fonte postal Clube Mediapart<\/a> , Ilustra\u00e7\u00e3o e tradu\u00e7\u00e3o NSF<\/p>\n\n\n\n<p><br>\u200b<br><\/p>\n","protected":false},"excerpt":{"rendered":"<p>Braises du Caos | Mediapart Club &#8211; Postal | Colabora\u00e7\u00e3o Artur Monteiro &#8211; Paris Segundo&#8230;<\/p>\n","protected":false},"author":2,"featured_media":10725,"comment_status":"open","ping_status":"open","sticky":true,"template":"","format":"standard","meta":{"sfsi_plus_gutenberg_text_before_share":"","sfsi_plus_gutenberg_show_text_before_share":"","sfsi_plus_gutenberg_icon_type":"","sfsi_plus_gutenberg_icon_alignemt":"","sfsi_plus_gutenburg_max_per_row":"","ngg_post_thumbnail":0,"footnotes":""},"categories":[238,282],"tags":[500,27],"featured_image_urls":{"full":["https:\/\/nsf.pt\/wp-content\/uploads\/2024\/02\/melo1.jpg",513,360,false],"thumbnail":["https:\/\/nsf.pt\/wp-content\/uploads\/2024\/02\/melo1-150x150.jpg",150,150,true],"medium":["https:\/\/nsf.pt\/wp-content\/uploads\/2024\/02\/melo1-300x211.jpg",300,211,true],"medium_large":["https:\/\/nsf.pt\/wp-content\/uploads\/2024\/02\/melo1.jpg",513,360,false],"large":["https:\/\/nsf.pt\/wp-content\/uploads\/2024\/02\/melo1.jpg",513,360,false],"1536x1536":["https:\/\/nsf.pt\/wp-content\/uploads\/2024\/02\/melo1.jpg",513,360,false],"2048x2048":["https:\/\/nsf.pt\/wp-content\/uploads\/2024\/02\/melo1.jpg",513,360,false],"covernews-slider-full":["https:\/\/nsf.pt\/wp-content\/uploads\/2024\/02\/melo1.jpg",513,360,false],"covernews-slider-center":["https:\/\/nsf.pt\/wp-content\/uploads\/2024\/02\/melo1.jpg",513,360,false],"covernews-featured":["https:\/\/nsf.pt\/wp-content\/uploads\/2024\/02\/melo1.jpg",513,360,false],"covernews-medium":["https:\/\/nsf.pt\/wp-content\/uploads\/2024\/02\/melo1-513x340.jpg",513,340,true],"covernews-medium-square":["https:\/\/nsf.pt\/wp-content\/uploads\/2024\/02\/melo1-400x250.jpg",400,250,true]},"author_info":{"info":["Carlos Ribeiro"]},"category_info":"<a href=\"https:\/\/nsf.pt\/index.php\/category\/destaque\/\" rel=\"category tag\">DESTAQUE<\/a> <a href=\"https:\/\/nsf.pt\/index.php\/category\/nao-passarao\/\" rel=\"category tag\">N\u00c3O PASSAR\u00c3O!<\/a>","tag_info":"N\u00c3O PASSAR\u00c3O!","comment_count":"0","_links":{"self":[{"href":"https:\/\/nsf.pt\/index.php\/wp-json\/wp\/v2\/posts\/10722"}],"collection":[{"href":"https:\/\/nsf.pt\/index.php\/wp-json\/wp\/v2\/posts"}],"about":[{"href":"https:\/\/nsf.pt\/index.php\/wp-json\/wp\/v2\/types\/post"}],"author":[{"embeddable":true,"href":"https:\/\/nsf.pt\/index.php\/wp-json\/wp\/v2\/users\/2"}],"replies":[{"embeddable":true,"href":"https:\/\/nsf.pt\/index.php\/wp-json\/wp\/v2\/comments?post=10722"}],"version-history":[{"count":1,"href":"https:\/\/nsf.pt\/index.php\/wp-json\/wp\/v2\/posts\/10722\/revisions"}],"predecessor-version":[{"id":10730,"href":"https:\/\/nsf.pt\/index.php\/wp-json\/wp\/v2\/posts\/10722\/revisions\/10730"}],"wp:featuredmedia":[{"embeddable":true,"href":"https:\/\/nsf.pt\/index.php\/wp-json\/wp\/v2\/media\/10725"}],"wp:attachment":[{"href":"https:\/\/nsf.pt\/index.php\/wp-json\/wp\/v2\/media?parent=10722"}],"wp:term":[{"taxonomy":"category","embeddable":true,"href":"https:\/\/nsf.pt\/index.php\/wp-json\/wp\/v2\/categories?post=10722"},{"taxonomy":"post_tag","embeddable":true,"href":"https:\/\/nsf.pt\/index.php\/wp-json\/wp\/v2\/tags?post=10722"}],"curies":[{"name":"wp","href":"https:\/\/api.w.org\/{rel}","templated":true}]}}