{"id":10919,"date":"2024-02-23T22:09:22","date_gmt":"2024-02-23T22:09:22","guid":{"rendered":"https:\/\/nsf.pt\/?p=10919"},"modified":"2024-02-23T22:11:56","modified_gmt":"2024-02-23T22:11:56","slug":"contra-o-racismo-e-a-xenofobia-recusamos-o-silencio","status":"publish","type":"post","link":"https:\/\/nsf.pt\/index.php\/2024\/02\/23\/contra-o-racismo-e-a-xenofobia-recusamos-o-silencio\/","title":{"rendered":"Contra o racismo e a xenofobia, recusamos o sil\u00eancio"},"content":{"rendered":"\n<h2 class=\"wp-block-heading\">VOZ ATIVA &#8211; Braga, Coimbra, Faro, Guimar\u00e3es, Lisboa, Portalegre, Porto e Viseu.<\/h2>\n\n\n\n<p><strong>O NSF \u00c9 PARCEIRO DE M\u00c9DIA DESTA INICIATIVA QUE J\u00c1 RE\u00daNE MAIS DE 60 COLETIVOS. CONTINUAREMOS A INFORMAR, contra o Racismo e a Xenofobia. Contra o avan\u00e7o da extrema-direita em Portugal e no mundo.<\/strong><\/p>\n\n\n\n<h2 class=\"wp-block-heading\">Manifesta\u00e7\u00f5es em cidades de norte a sul de Portugal. <\/h2>\n\n\n\n<p>Muito obrigado por ter assinado a carta aberta que o Grupo de Ac\u00e7\u00e3o Conjunta contra o Racismo, a Xenofobia e o Fascismo endere\u00e7ou, no m\u00eas passado, a v\u00e1rias entidades competentes, pedindo a proibi\u00e7\u00e3o da realiza\u00e7\u00e3o de uma marcha racista contra &#8220;a islamiza\u00e7\u00e3o da Europa&#8221;. <\/p>\n\n\n\n<figure class=\"wp-block-gallery has-nested-images columns-default is-cropped wp-block-gallery-1 is-layout-flex wp-block-gallery-is-layout-flex\">\n<figure class=\"wp-block-image size-large\"><img decoding=\"async\" loading=\"lazy\" width=\"1024\" height=\"1024\" data-id=\"10922\" src=\"https:\/\/nsf.pt\/wp-content\/uploads\/2024\/02\/content-1-1024x1024.jpeg\" alt=\"\" class=\"wp-image-10922\" srcset=\"https:\/\/nsf.pt\/wp-content\/uploads\/2024\/02\/content-1-1024x1024.jpeg 1024w, https:\/\/nsf.pt\/wp-content\/uploads\/2024\/02\/content-1-300x300.jpeg 300w, https:\/\/nsf.pt\/wp-content\/uploads\/2024\/02\/content-1-150x150.jpeg 150w, https:\/\/nsf.pt\/wp-content\/uploads\/2024\/02\/content-1-768x768.jpeg 768w, https:\/\/nsf.pt\/wp-content\/uploads\/2024\/02\/content-1-1536x1536.jpeg 1536w, https:\/\/nsf.pt\/wp-content\/uploads\/2024\/02\/content-1-2048x2048.jpeg 2048w\" sizes=\"(max-width: 1024px) 100vw, 1024px\" \/><\/figure>\n<\/figure>\n\n\n\n<p>A carta obteve a assinatura de 8264 pessoas e 210 colectivos.Apesar de n\u00e3o termos obtido nenhuma resposta formal \u00e0 nossa carta de qualquer das entidades, esta foi essencial para colocar o debate na esfera p\u00fablica, juntamente com a contra-manifesta\u00e7\u00e3o que alguns colectivos convocaram, que, depois de parecer da PSP, levou a C\u00e2mara Municipal de Lisboa a proibir a realiza\u00e7\u00e3o da manifesta\u00e7\u00e3o, proibi\u00e7\u00e3o depois confirmada pelo Tribunal Administrativo de Lisboa. Apesar disso, a manifesta\u00e7\u00e3o aconteceu em local diferente, tendo-se assistido a gritos por &#8220;Salazar&#8221; e contra os imigrantes, com tochas a arder e apelos ao \u00f3dio. <\/p>\n\n\n\n<p>V\u00e1rios populares que se opuseram \u00e0 manifesta\u00e7\u00e3o, assim como pelo menos dois jornalistas que cobriam os acontecimentos, foram agredidos pelos agentes policiais que protegiam a manifesta\u00e7\u00e3o. Por outro lado, no local onde ela estava originalmente marcada, assistiu-se um bonito festival intercultural.\u00a0<\/p>\n\n\n\n<p><strong>Contra o racismo e a xenofobia, recusamos o sil\u00eancio! E a nossa luta n\u00e3o termina nem esmorece aqui!<\/strong>\u00a0Por entendermos que corremos um risco s\u00e9rio de uma ainda maior radicaliza\u00e7\u00e3o dos discursos com o resultados das elei\u00e7\u00f5es que se avizinham, o mesmo grupo que escreveu a carta e que conta, hoje, com\u00a0<a rel=\"noreferrer noopener\" href=\"https:\/\/s2l1l.mjt.lu\/lnk\/AU4AADey15gAAc3EeGYAAd0hcfAAAYCs5_QAnZ5kACgIiQBl2QceF3StTl3eTQOZ68EhmlzKMQAlKcA\/1\/xnKZO3KjwY5U2ABspJu7VQ\/aHR0cHM6Ly93d3cuYW50aXJhY2lzbW8ub3JnL2NvbGV0aXZvcw\" target=\"_blank\">mais de 60 colectivos<\/a>, decidiu que era fundamental convocar uma manifesta\u00e7\u00e3o.\u00a0<strong>Assim, este s\u00e1bado, 24 de Fevereiro, amanh\u00e3, \u00e0s 15h, haver\u00e1 ac\u00e7\u00f5es de protesto contra o racismo, a xenofobia e o fascismo em oito cidades portuguesas:<\/strong><a rel=\"noreferrer noopener\" href=\"https:\/\/s2l1l.mjt.lu\/lnk\/AU4AADey15gAAc3EeGYAAd0hcfAAAYCs5_QAnZ5kACgIiQBl2QceF3StTl3eTQOZ68EhmlzKMQAlKcA\/2\/TrkMUFtc5r76YNIUI-1lUw\/aHR0cHM6Ly93d3cuYW50aXJhY2lzbW8ub3JnLzI0RmV2MjAyNA\" target=\"_blank\">https:\/\/www.antiracismo.org\/24Fev2024<\/a><strong> <\/strong><\/p>\n\n\n\n<p><strong>Braga<\/strong>\u00a0&#8211; Coreto da Avenida Central <strong>Coimbra<\/strong>\u00a0&#8211; Pra\u00e7o 8 de Maio <strong>Faro<\/strong>\u00a0&#8211; Coreto do Jardim Manuel Bivar <strong>Guimar\u00e3es<\/strong>\u00a0&#8211; Coreto da Alameda de S\u00e3o D\u00e2maso <strong>Lisboa<\/strong>\u00a0&#8211; Alameda <strong>Portalegre<\/strong>\u00a0(\u00e0s 16h) &#8211; Loja da Nave M\u00e3e <strong>Porto<\/strong>\u00a0&#8211; Pra\u00e7a da Batalha <strong>Viseu<\/strong>\u00a0&#8211; Parque Aquilino Ribeiro<\/p>\n\n\n\n<p>Gostar\u00edamos muito de contar com a sua presen\u00e7a em qualquer dos oito locais. Deixamos abaixo o cartaz nacional para poder partilhar com os seus contactosEnvi\u00e1mos esta mensagem porque assinou a carta aberta &#8220;Contra o racismo e a xenofobia, recusamos o sil\u00eancio&#8221;. Enviaremos, al\u00e9m deste email, na pr\u00f3xima semana, um convite para preencher um formul\u00e1rio\u00a0<strong>para receber as novidades deste grupo<\/strong>. Se n\u00e3o o preencher, n\u00e3o utilizaremos novamente o contacto recolhido no contexto da assinatura da carta aberta.\u00a0<a rel=\"noreferrer noopener\" href=\"https:\/\/s2l1l.mjt.lu\/lnk\/AU4AADey15gAAc3EeGYAAd0hcfAAAYCs5_QAnZ5kACgIiQBl2QceF3StTl3eTQOZ68EhmlzKMQAlKcA\/3\/2LKqWu2NaGR2D5nZwO9uBA\/aHR0cHM6Ly9mb3Jtcy5nbGUvUVZMelZMaTdteVhmMmFVejY\" target=\"_blank\">Caso o queira preencher j\u00e1, clique aqui.<\/a><\/p>\n\n\n\n<p><\/p>\n\n\n\n<p>Muito obrigado,<\/p>\n\n\n\n<p>Pelo Grupo de Ac\u00e7\u00e3o Conjunta contra o Racismo, a Xenofobia e o Fascismo<\/p>\n\n\n\n<div style=\"height:16px\" aria-hidden=\"true\" class=\"wp-block-spacer\"><\/div>\n\n\n\n<figure class=\"wp-block-gallery has-nested-images columns-default is-cropped wp-block-gallery-3 is-layout-flex wp-block-gallery-is-layout-flex\">\n<figure class=\"wp-block-image size-large\"><img decoding=\"async\" loading=\"lazy\" width=\"1024\" height=\"219\" data-id=\"10923\" src=\"https:\/\/nsf.pt\/wp-content\/uploads\/2024\/02\/PARCWEIROS-DE-MEDOA-1024x219.jpg\" alt=\"\" class=\"wp-image-10923\" srcset=\"https:\/\/nsf.pt\/wp-content\/uploads\/2024\/02\/PARCWEIROS-DE-MEDOA-1024x219.jpg 1024w, https:\/\/nsf.pt\/wp-content\/uploads\/2024\/02\/PARCWEIROS-DE-MEDOA-300x64.jpg 300w, https:\/\/nsf.pt\/wp-content\/uploads\/2024\/02\/PARCWEIROS-DE-MEDOA-768x164.jpg 768w, https:\/\/nsf.pt\/wp-content\/uploads\/2024\/02\/PARCWEIROS-DE-MEDOA-1536x329.jpg 1536w, https:\/\/nsf.pt\/wp-content\/uploads\/2024\/02\/PARCWEIROS-DE-MEDOA.jpg 1555w\" sizes=\"(max-width: 1024px) 100vw, 1024px\" \/><\/figure>\n<\/figure>\n","protected":false},"excerpt":{"rendered":"<p>VOZ ATIVA &#8211; Braga, Coimbra, Faro, Guimar\u00e3es, Lisboa, Portalegre, Porto e Viseu. O NSF \u00c9&#8230;<\/p>\n","protected":false},"author":2,"featured_media":10922,"comment_status":"open","ping_status":"open","sticky":true,"template":"","format":"standard","meta":{"sfsi_plus_gutenberg_text_before_share":"","sfsi_plus_gutenberg_show_text_before_share":"","sfsi_plus_gutenberg_icon_type":"","sfsi_plus_gutenberg_icon_alignemt":"","sfsi_plus_gutenburg_max_per_row":"","ngg_post_thumbnail":0,"footnotes":""},"categories":[489,238,470],"tags":[27,38,39],"featured_image_urls":{"full":["https:\/\/nsf.pt\/wp-content\/uploads\/2024\/02\/content-1.jpeg",2250,2250,false],"thumbnail":["https:\/\/nsf.pt\/wp-content\/uploads\/2024\/02\/content-1-150x150.jpeg",150,150,true],"medium":["https:\/\/nsf.pt\/wp-content\/uploads\/2024\/02\/content-1-300x300.jpeg",300,300,true],"medium_large":["https:\/\/nsf.pt\/wp-content\/uploads\/2024\/02\/content-1-768x768.jpeg",640,640,true],"large":["https:\/\/nsf.pt\/wp-content\/uploads\/2024\/02\/content-1-1024x1024.jpeg",640,640,true],"1536x1536":["https:\/\/nsf.pt\/wp-content\/uploads\/2024\/02\/content-1-1536x1536.jpeg",1536,1536,true],"2048x2048":["https:\/\/nsf.pt\/wp-content\/uploads\/2024\/02\/content-1-2048x2048.jpeg",2048,2048,true],"covernews-slider-full":["https:\/\/nsf.pt\/wp-content\/uploads\/2024\/02\/content-1-1115x715.jpeg",1115,715,true],"covernews-slider-center":["https:\/\/nsf.pt\/wp-content\/uploads\/2024\/02\/content-1-800x500.jpeg",800,500,true],"covernews-featured":["https:\/\/nsf.pt\/wp-content\/uploads\/2024\/02\/content-1-1024x1024.jpeg",1024,1024,true],"covernews-medium":["https:\/\/nsf.pt\/wp-content\/uploads\/2024\/02\/content-1-540x340.jpeg",540,340,true],"covernews-medium-square":["https:\/\/nsf.pt\/wp-content\/uploads\/2024\/02\/content-1-400x250.jpeg",400,250,true]},"author_info":{"info":["Carlos Ribeiro"]},"category_info":"<a href=\"https:\/\/nsf.pt\/index.php\/category\/agir\/\" rel=\"category tag\">AGIR<\/a> <a href=\"https:\/\/nsf.pt\/index.php\/category\/destaque\/\" rel=\"category tag\">DESTAQUE<\/a> <a href=\"https:\/\/nsf.pt\/index.php\/category\/voz-ativa\/\" rel=\"category tag\">VOZ ATIVA<\/a>","tag_info":"VOZ ATIVA","comment_count":"0","_links":{"self":[{"href":"https:\/\/nsf.pt\/index.php\/wp-json\/wp\/v2\/posts\/10919"}],"collection":[{"href":"https:\/\/nsf.pt\/index.php\/wp-json\/wp\/v2\/posts"}],"about":[{"href":"https:\/\/nsf.pt\/index.php\/wp-json\/wp\/v2\/types\/post"}],"author":[{"embeddable":true,"href":"https:\/\/nsf.pt\/index.php\/wp-json\/wp\/v2\/users\/2"}],"replies":[{"embeddable":true,"href":"https:\/\/nsf.pt\/index.php\/wp-json\/wp\/v2\/comments?post=10919"}],"version-history":[{"count":1,"href":"https:\/\/nsf.pt\/index.php\/wp-json\/wp\/v2\/posts\/10919\/revisions"}],"predecessor-version":[{"id":10924,"href":"https:\/\/nsf.pt\/index.php\/wp-json\/wp\/v2\/posts\/10919\/revisions\/10924"}],"wp:featuredmedia":[{"embeddable":true,"href":"https:\/\/nsf.pt\/index.php\/wp-json\/wp\/v2\/media\/10922"}],"wp:attachment":[{"href":"https:\/\/nsf.pt\/index.php\/wp-json\/wp\/v2\/media?parent=10919"}],"wp:term":[{"taxonomy":"category","embeddable":true,"href":"https:\/\/nsf.pt\/index.php\/wp-json\/wp\/v2\/categories?post=10919"},{"taxonomy":"post_tag","embeddable":true,"href":"https:\/\/nsf.pt\/index.php\/wp-json\/wp\/v2\/tags?post=10919"}],"curies":[{"name":"wp","href":"https:\/\/api.w.org\/{rel}","templated":true}]}}