{"id":11682,"date":"2024-04-27T22:39:26","date_gmt":"2024-04-27T22:39:26","guid":{"rendered":"https:\/\/nsf.pt\/?p=11682"},"modified":"2024-04-27T22:39:28","modified_gmt":"2024-04-27T22:39:28","slug":"o-porto-gritou-abril","status":"publish","type":"post","link":"https:\/\/nsf.pt\/index.php\/2024\/04\/27\/o-porto-gritou-abril\/","title":{"rendered":"O Porto gritou Abril"},"content":{"rendered":"\n<h2 class=\"wp-block-heading\">O calor da amizade e dos reencontros invadiu o Porto de Honra onde tamb\u00e9m foram comemorados os 50 anos do 25 de Abril<\/h2>\n\n\n<div class=\"wp-block-post-date\"><time datetime=\"2024-04-27T22:39:26+00:00\">27 de Abril, 2024<\/time><\/div>\n\n\n<p><strong>O encontro estava marcado para a hora de almo\u00e7o mas muitos quiseram antecipar os abra\u00e7os e chegaram mais cedo que previsto. <\/strong><\/p>\n\n\n\n<div style=\"height:19px\" aria-hidden=\"true\" class=\"wp-block-spacer\"><\/div>\n\n\n\n<figure class=\"wp-block-gallery has-nested-images columns-default is-cropped wp-block-gallery-1 is-layout-flex wp-block-gallery-is-layout-flex\">\n<figure class=\"wp-block-image size-large\"><img decoding=\"async\" loading=\"lazy\" width=\"1024\" height=\"768\" data-id=\"11708\" src=\"https:\/\/nsf.pt\/wp-content\/uploads\/2024\/04\/IMG_6155-2.jpeg\" alt=\"\" class=\"wp-image-11708\" srcset=\"https:\/\/nsf.pt\/wp-content\/uploads\/2024\/04\/IMG_6155-2.jpeg 1024w, https:\/\/nsf.pt\/wp-content\/uploads\/2024\/04\/IMG_6155-2-300x225.jpeg 300w, https:\/\/nsf.pt\/wp-content\/uploads\/2024\/04\/IMG_6155-2-768x576.jpeg 768w\" sizes=\"(max-width: 1024px) 100vw, 1024px\" \/><\/figure>\n<\/figure>\n\n\n\n<p class=\"has-text-align-center\">H\u00e9lder Costa e Tino Flores<\/p>\n\n\n\n<div style=\"height:26px\" aria-hidden=\"true\" class=\"wp-block-spacer\"><\/div>\n\n\n\n<p>A verdade \u00e9 que as idades avan\u00e7adas desaconselham os atrasos. O tempo com os outros tornou-se t\u00e3o precioso quanto o ar que se respira. Neste caso, os outros s\u00e3o sobretudo importantes porque desenharam muito daquilo que cada um deste grupo acaba por ser. Moldamo-nos como pessoas com e atrav\u00e9s dos outros, nas intera\u00e7\u00f5es sociais que realizamos, mas aqui o molde foi  determinante para quase uma vida inteira.<\/p>\n\n\n\n<p>No percurso para o Porto de Honra, restaurante que funciona no Centro Cultural e Desportivo dos Trabalhadores da C\u00e2mara Municipal do Porto, a indica\u00e7\u00e3o lateral de uma Escola de Mergulho poderia ter levado ao engano. Sabe-se que estes reencontros acabam por libertar mem\u00f3rias escondidas e at\u00e9 narrativas surpreendentes de acontecimentos que foram muitas vezes revelados por protagonistas indiretos. Mergulhar no passado era opera\u00e7\u00e3o garantida ou seja afinal ali, o mergulho era outro.<\/p>\n\n\n\n<div style=\"height:38px\" aria-hidden=\"true\" class=\"wp-block-spacer\"><\/div>\n\n\n\n<figure class=\"wp-block-gallery has-nested-images columns-default is-cropped wp-block-gallery-3 is-layout-flex wp-block-gallery-is-layout-flex\">\n<figure class=\"wp-block-image size-large\"><img decoding=\"async\" loading=\"lazy\" width=\"1024\" height=\"768\" data-id=\"11684\" src=\"https:\/\/nsf.pt\/wp-content\/uploads\/2024\/04\/IMG_6169.jpeg\" alt=\"\" class=\"wp-image-11684\" srcset=\"https:\/\/nsf.pt\/wp-content\/uploads\/2024\/04\/IMG_6169.jpeg 1024w, https:\/\/nsf.pt\/wp-content\/uploads\/2024\/04\/IMG_6169-300x225.jpeg 300w, https:\/\/nsf.pt\/wp-content\/uploads\/2024\/04\/IMG_6169-768x576.jpeg 768w\" sizes=\"(max-width: 1024px) 100vw, 1024px\" \/><\/figure>\n\n\n\n<figure class=\"wp-block-image size-large\"><img decoding=\"async\" loading=\"lazy\" width=\"1024\" height=\"768\" data-id=\"11683\" src=\"https:\/\/nsf.pt\/wp-content\/uploads\/2024\/04\/IMG_6170.jpeg\" alt=\"\" class=\"wp-image-11683\" srcset=\"https:\/\/nsf.pt\/wp-content\/uploads\/2024\/04\/IMG_6170.jpeg 1024w, https:\/\/nsf.pt\/wp-content\/uploads\/2024\/04\/IMG_6170-300x225.jpeg 300w, https:\/\/nsf.pt\/wp-content\/uploads\/2024\/04\/IMG_6170-768x576.jpeg 768w\" sizes=\"(max-width: 1024px) 100vw, 1024px\" \/><\/figure>\n<\/figure>\n\n\n\n<p class=\"has-text-align-center\">Porto de Honra, uma casa da cidade<\/p>\n\n\n\n<div style=\"height:27px\" aria-hidden=\"true\" class=\"wp-block-spacer\"><\/div>\n\n\n\n<h2 class=\"wp-block-heading\">Abra\u00e7os de microfone<\/h2>\n\n\n\n<p>Desde a chegada que se confirmou que a atividade central do almo\u00e7o iria acontecer em tudo o que era  s\u00edtio, mas n\u00e3o principalmente nas mesas. Os corredores, as zonas de acesso e o hall de entrada foram os espa\u00e7os escolhidos para os abra\u00e7os e as inevit\u00e1veis exclama\u00e7\u00f5es iniciais &#8220;Eh! p\u00e1 est\u00e1s cada vez mais novo! H\u00e1 quanto tempo!&#8221;. Mas tamb\u00e9m houve abra\u00e7os de microfone, Jos\u00e9 Pra\u00e7a encarregou-se da tarefa anunciada por \u00c1lvaro Braga, o anfitri\u00e3o da jornada.<\/p>\n\n\n\n<div style=\"height:21px\" aria-hidden=\"true\" class=\"wp-block-spacer\"><\/div>\n\n\n\n<figure class=\"wp-block-gallery has-nested-images columns-default is-cropped wp-block-gallery-5 is-layout-flex wp-block-gallery-is-layout-flex\">\n<figure class=\"wp-block-image size-full\"><img decoding=\"async\" loading=\"lazy\" width=\"1024\" height=\"768\" data-id=\"11689\" src=\"https:\/\/nsf.pt\/wp-content\/uploads\/2024\/04\/IMG_6122-1.jpeg\" alt=\"\" class=\"wp-image-11689\" srcset=\"https:\/\/nsf.pt\/wp-content\/uploads\/2024\/04\/IMG_6122-1.jpeg 1024w, https:\/\/nsf.pt\/wp-content\/uploads\/2024\/04\/IMG_6122-1-300x225.jpeg 300w, https:\/\/nsf.pt\/wp-content\/uploads\/2024\/04\/IMG_6122-1-768x576.jpeg 768w\" sizes=\"(max-width: 1024px) 100vw, 1024px\" \/><\/figure>\n\n\n\n<figure class=\"wp-block-image size-large\"><img decoding=\"async\" loading=\"lazy\" width=\"1024\" height=\"768\" data-id=\"11687\" src=\"https:\/\/nsf.pt\/wp-content\/uploads\/2024\/04\/IMG_6118.jpeg\" alt=\"\" class=\"wp-image-11687\" srcset=\"https:\/\/nsf.pt\/wp-content\/uploads\/2024\/04\/IMG_6118.jpeg 1024w, https:\/\/nsf.pt\/wp-content\/uploads\/2024\/04\/IMG_6118-300x225.jpeg 300w, https:\/\/nsf.pt\/wp-content\/uploads\/2024\/04\/IMG_6118-768x576.jpeg 768w\" sizes=\"(max-width: 1024px) 100vw, 1024px\" \/><\/figure>\n\n\n\n<figure class=\"wp-block-image size-full\"><img decoding=\"async\" loading=\"lazy\" width=\"1024\" height=\"768\" data-id=\"11690\" src=\"https:\/\/nsf.pt\/wp-content\/uploads\/2024\/04\/IMG_6117-1.jpeg\" alt=\"\" class=\"wp-image-11690\" srcset=\"https:\/\/nsf.pt\/wp-content\/uploads\/2024\/04\/IMG_6117-1.jpeg 1024w, https:\/\/nsf.pt\/wp-content\/uploads\/2024\/04\/IMG_6117-1-300x225.jpeg 300w, https:\/\/nsf.pt\/wp-content\/uploads\/2024\/04\/IMG_6117-1-768x576.jpeg 768w\" sizes=\"(max-width: 1024px) 100vw, 1024px\" \/><\/figure>\n<\/figure>\n\n\n\n<p class=\"has-text-align-center\">\u00c1lvaro Braga [com Tito Bai\u00e3o] e Jos\u00e9 Pra\u00e7a na sauda\u00e7\u00e3o inicial dirigida aos presentes<\/p>\n\n\n\n<div style=\"height:22px\" aria-hidden=\"true\" class=\"wp-block-spacer\"><\/div>\n\n\n\n<h2 class=\"wp-block-heading\">Palestina teve voz<\/h2>\n\n\n\n<p>Pedro Bacelar de Vasconcelos fundamentou de forma s\u00f3bria a raz\u00e3o de uma mensagem relacionada com o povo palestiniano e leu um poema. As palmas foram de agradecimento a quem declamou e de raiva contra o genoc\u00eddio que Israel est\u00e1 a levar a cabo na Faixa de Gaza.<\/p>\n\n\n\n<div style=\"height:26px\" aria-hidden=\"true\" class=\"wp-block-spacer\"><\/div>\n\n\n\n<figure class=\"wp-block-gallery has-nested-images columns-default is-cropped wp-block-gallery-7 is-layout-flex wp-block-gallery-is-layout-flex\">\n<figure class=\"wp-block-image size-large\"><img decoding=\"async\" loading=\"lazy\" width=\"1024\" height=\"768\" data-id=\"11692\" src=\"https:\/\/nsf.pt\/wp-content\/uploads\/2024\/04\/IMG_6143.jpeg\" alt=\"\" class=\"wp-image-11692\" srcset=\"https:\/\/nsf.pt\/wp-content\/uploads\/2024\/04\/IMG_6143.jpeg 1024w, https:\/\/nsf.pt\/wp-content\/uploads\/2024\/04\/IMG_6143-300x225.jpeg 300w, https:\/\/nsf.pt\/wp-content\/uploads\/2024\/04\/IMG_6143-768x576.jpeg 768w\" sizes=\"(max-width: 1024px) 100vw, 1024px\" \/><\/figure>\n\n\n\n<figure class=\"wp-block-image size-large\"><img decoding=\"async\" loading=\"lazy\" width=\"1024\" height=\"768\" data-id=\"11691\" src=\"https:\/\/nsf.pt\/wp-content\/uploads\/2024\/04\/IMG_6147.jpeg\" alt=\"\" class=\"wp-image-11691\" srcset=\"https:\/\/nsf.pt\/wp-content\/uploads\/2024\/04\/IMG_6147.jpeg 1024w, https:\/\/nsf.pt\/wp-content\/uploads\/2024\/04\/IMG_6147-300x225.jpeg 300w, https:\/\/nsf.pt\/wp-content\/uploads\/2024\/04\/IMG_6147-768x576.jpeg 768w\" sizes=\"(max-width: 1024px) 100vw, 1024px\" \/><\/figure>\n<\/figure>\n\n\n\n<p class=\"has-text-align-center\">Pedro Bacelar Vasconcelos trouxe a Palestina ao encontro do Grito do Povo<\/p>\n\n\n\n<div style=\"height:27px\" aria-hidden=\"true\" class=\"wp-block-spacer\"><\/div>\n\n\n\n<h2 class=\"wp-block-heading\">H\u00e9lder Costa<\/h2>\n\n\n\n<p>Incontorn\u00e1vel num quadro pol\u00edtico e organizativo de que foi fundador, o dramaturgo e homem de teatro que continua a inspirar rebeldias, foi acolhido de forma especial. Alguns relembraram &#8220;a queda do Comit\u00e9 Central&#8221; outros o &#8220;golpe Matos e Viriato&#8221; e sucessivamente. Tino Flores ao seu lado alimentou pela tarde fora a rememora\u00e7\u00e3o de cumplicidades infind\u00e1veis.<\/p>\n\n\n\n<div style=\"height:18px\" aria-hidden=\"true\" class=\"wp-block-spacer\"><\/div>\n\n\n\n<figure class=\"wp-block-gallery has-nested-images columns-default is-cropped wp-block-gallery-9 is-layout-flex wp-block-gallery-is-layout-flex\">\n<figure class=\"wp-block-image size-large\"><img decoding=\"async\" loading=\"lazy\" width=\"1024\" height=\"768\" data-id=\"11695\" src=\"https:\/\/nsf.pt\/wp-content\/uploads\/2024\/04\/IMG_6114.jpeg\" alt=\"\" class=\"wp-image-11695\" srcset=\"https:\/\/nsf.pt\/wp-content\/uploads\/2024\/04\/IMG_6114.jpeg 1024w, https:\/\/nsf.pt\/wp-content\/uploads\/2024\/04\/IMG_6114-300x225.jpeg 300w, https:\/\/nsf.pt\/wp-content\/uploads\/2024\/04\/IMG_6114-768x576.jpeg 768w\" sizes=\"(max-width: 1024px) 100vw, 1024px\" \/><\/figure>\n\n\n\n<figure class=\"wp-block-image size-large\"><img decoding=\"async\" loading=\"lazy\" width=\"1024\" height=\"768\" data-id=\"11696\" src=\"https:\/\/nsf.pt\/wp-content\/uploads\/2024\/04\/IMG_6128.jpeg\" alt=\"\" class=\"wp-image-11696\" srcset=\"https:\/\/nsf.pt\/wp-content\/uploads\/2024\/04\/IMG_6128.jpeg 1024w, https:\/\/nsf.pt\/wp-content\/uploads\/2024\/04\/IMG_6128-300x225.jpeg 300w, https:\/\/nsf.pt\/wp-content\/uploads\/2024\/04\/IMG_6128-768x576.jpeg 768w\" sizes=\"(max-width: 1024px) 100vw, 1024px\" \/><\/figure>\n\n\n\n<figure class=\"wp-block-image size-large\"><img decoding=\"async\" loading=\"lazy\" width=\"1024\" height=\"768\" data-id=\"11693\" src=\"https:\/\/nsf.pt\/wp-content\/uploads\/2024\/04\/IMG_6129.jpeg\" alt=\"\" class=\"wp-image-11693\" srcset=\"https:\/\/nsf.pt\/wp-content\/uploads\/2024\/04\/IMG_6129.jpeg 1024w, https:\/\/nsf.pt\/wp-content\/uploads\/2024\/04\/IMG_6129-300x225.jpeg 300w, https:\/\/nsf.pt\/wp-content\/uploads\/2024\/04\/IMG_6129-768x576.jpeg 768w\" sizes=\"(max-width: 1024px) 100vw, 1024px\" \/><\/figure>\n\n\n\n<figure class=\"wp-block-image size-large\"><img decoding=\"async\" loading=\"lazy\" width=\"1024\" height=\"768\" data-id=\"11694\" src=\"https:\/\/nsf.pt\/wp-content\/uploads\/2024\/04\/IMG_6141.jpeg\" alt=\"\" class=\"wp-image-11694\" srcset=\"https:\/\/nsf.pt\/wp-content\/uploads\/2024\/04\/IMG_6141.jpeg 1024w, https:\/\/nsf.pt\/wp-content\/uploads\/2024\/04\/IMG_6141-300x225.jpeg 300w, https:\/\/nsf.pt\/wp-content\/uploads\/2024\/04\/IMG_6141-768x576.jpeg 768w\" sizes=\"(max-width: 1024px) 100vw, 1024px\" \/><\/figure>\n\n\n\n<figure class=\"wp-block-image size-large\"><img decoding=\"async\" loading=\"lazy\" width=\"1024\" height=\"768\" data-id=\"11700\" src=\"https:\/\/nsf.pt\/wp-content\/uploads\/2024\/04\/IMG_6159-1.jpeg\" alt=\"\" class=\"wp-image-11700\" srcset=\"https:\/\/nsf.pt\/wp-content\/uploads\/2024\/04\/IMG_6159-1.jpeg 1024w, https:\/\/nsf.pt\/wp-content\/uploads\/2024\/04\/IMG_6159-1-300x225.jpeg 300w, https:\/\/nsf.pt\/wp-content\/uploads\/2024\/04\/IMG_6159-1-768x576.jpeg 768w\" sizes=\"(max-width: 1024px) 100vw, 1024px\" \/><\/figure>\n<\/figure>\n\n\n\n<div style=\"height:29px\" aria-hidden=\"true\" class=\"wp-block-spacer\"><\/div>\n\n\n\n<h2 class=\"wp-block-heading\">Reencontros e conversas sem fim<\/h2>\n\n\n\n<p>As conversas em pequenos grupos foram a mat\u00e9ria-prima central de um almo\u00e7o que se prolongou pela tarde fora. At\u00e9 que algu\u00e9m avisou que os primeiro manifestantes do desfile dos 50 anos do 25 de Abril estavam a chegar aos Aliados. Ent\u00e3o tudo se precipitou. Os abra\u00e7os foram mais r\u00e1pidos e as despedidas incompletas. O 25 de Abril na RUA n\u00e3o podia esperar. Informaram os organizadores que para o ano h\u00e1 mais! <\/p>\n\n\n\n<div style=\"height:27px\" aria-hidden=\"true\" class=\"wp-block-spacer\"><\/div>\n\n\n\n<figure class=\"wp-block-gallery has-nested-images columns-default is-cropped wp-block-gallery-11 is-layout-flex wp-block-gallery-is-layout-flex\">\n<figure class=\"wp-block-image size-full\"><img decoding=\"async\" loading=\"lazy\" width=\"1024\" height=\"768\" data-id=\"11702\" src=\"https:\/\/nsf.pt\/wp-content\/uploads\/2024\/04\/IMG_6105.jpeg\" alt=\"\" class=\"wp-image-11702\" srcset=\"https:\/\/nsf.pt\/wp-content\/uploads\/2024\/04\/IMG_6105.jpeg 1024w, https:\/\/nsf.pt\/wp-content\/uploads\/2024\/04\/IMG_6105-300x225.jpeg 300w, https:\/\/nsf.pt\/wp-content\/uploads\/2024\/04\/IMG_6105-768x576.jpeg 768w\" sizes=\"(max-width: 1024px) 100vw, 1024px\" \/><\/figure>\n\n\n\n<figure class=\"wp-block-image size-full\"><img decoding=\"async\" loading=\"lazy\" width=\"1024\" height=\"768\" data-id=\"11705\" src=\"https:\/\/nsf.pt\/wp-content\/uploads\/2024\/04\/IMG_6109.jpeg\" alt=\"\" class=\"wp-image-11705\" srcset=\"https:\/\/nsf.pt\/wp-content\/uploads\/2024\/04\/IMG_6109.jpeg 1024w, https:\/\/nsf.pt\/wp-content\/uploads\/2024\/04\/IMG_6109-300x225.jpeg 300w, https:\/\/nsf.pt\/wp-content\/uploads\/2024\/04\/IMG_6109-768x576.jpeg 768w\" sizes=\"(max-width: 1024px) 100vw, 1024px\" \/><\/figure>\n\n\n\n<figure class=\"wp-block-image size-full\"><img decoding=\"async\" loading=\"lazy\" width=\"1024\" height=\"768\" data-id=\"11704\" src=\"https:\/\/nsf.pt\/wp-content\/uploads\/2024\/04\/IMG_6132.jpeg\" alt=\"\" class=\"wp-image-11704\" srcset=\"https:\/\/nsf.pt\/wp-content\/uploads\/2024\/04\/IMG_6132.jpeg 1024w, https:\/\/nsf.pt\/wp-content\/uploads\/2024\/04\/IMG_6132-300x225.jpeg 300w, https:\/\/nsf.pt\/wp-content\/uploads\/2024\/04\/IMG_6132-768x576.jpeg 768w\" sizes=\"(max-width: 1024px) 100vw, 1024px\" \/><\/figure>\n\n\n\n<figure class=\"wp-block-image size-full\"><img decoding=\"async\" loading=\"lazy\" width=\"1024\" height=\"768\" data-id=\"11703\" src=\"https:\/\/nsf.pt\/wp-content\/uploads\/2024\/04\/IMG_6142.jpeg\" alt=\"\" class=\"wp-image-11703\" srcset=\"https:\/\/nsf.pt\/wp-content\/uploads\/2024\/04\/IMG_6142.jpeg 1024w, https:\/\/nsf.pt\/wp-content\/uploads\/2024\/04\/IMG_6142-300x225.jpeg 300w, https:\/\/nsf.pt\/wp-content\/uploads\/2024\/04\/IMG_6142-768x576.jpeg 768w\" sizes=\"(max-width: 1024px) 100vw, 1024px\" \/><\/figure>\n\n\n\n<figure class=\"wp-block-image size-full\"><img decoding=\"async\" loading=\"lazy\" width=\"1024\" height=\"768\" data-id=\"11706\" src=\"https:\/\/nsf.pt\/wp-content\/uploads\/2024\/04\/IMG_6165.jpeg\" alt=\"\" class=\"wp-image-11706\" srcset=\"https:\/\/nsf.pt\/wp-content\/uploads\/2024\/04\/IMG_6165.jpeg 1024w, https:\/\/nsf.pt\/wp-content\/uploads\/2024\/04\/IMG_6165-300x225.jpeg 300w, https:\/\/nsf.pt\/wp-content\/uploads\/2024\/04\/IMG_6165-768x576.jpeg 768w\" sizes=\"(max-width: 1024px) 100vw, 1024px\" \/><\/figure>\n\n\n\n<figure class=\"wp-block-image size-full\"><img decoding=\"async\" loading=\"lazy\" width=\"1024\" height=\"768\" data-id=\"11707\" src=\"https:\/\/nsf.pt\/wp-content\/uploads\/2024\/04\/IMG_6168.jpeg\" alt=\"\" class=\"wp-image-11707\" srcset=\"https:\/\/nsf.pt\/wp-content\/uploads\/2024\/04\/IMG_6168.jpeg 1024w, https:\/\/nsf.pt\/wp-content\/uploads\/2024\/04\/IMG_6168-300x225.jpeg 300w, https:\/\/nsf.pt\/wp-content\/uploads\/2024\/04\/IMG_6168-768x576.jpeg 768w\" sizes=\"(max-width: 1024px) 100vw, 1024px\" \/><\/figure>\n<\/figure>\n\n\n\n<p class=\"has-text-align-center\">Conversas e reencontros<\/p>\n\n\n\n<p><em>Fotos \u00a9 Carlos Valentim Ribeiro \/NSF<\/em><\/p>\n","protected":false},"excerpt":{"rendered":"<p>O calor da amizade e dos reencontros invadiu o Porto de Honra onde tamb\u00e9m foram&#8230;<\/p>\n","protected":false},"author":2,"featured_media":11708,"comment_status":"open","ping_status":"open","sticky":true,"template":"","format":"standard","meta":{"sfsi_plus_gutenberg_text_before_share":"","sfsi_plus_gutenberg_show_text_before_share":"","sfsi_plus_gutenberg_icon_type":"","sfsi_plus_gutenberg_icon_alignemt":"","sfsi_plus_gutenburg_max_per_row":"","ngg_post_thumbnail":0,"footnotes":""},"categories":[421,238],"tags":[48],"featured_image_urls":{"full":["https:\/\/nsf.pt\/wp-content\/uploads\/2024\/04\/IMG_6155-2.jpeg",1024,768,false],"thumbnail":["https:\/\/nsf.pt\/wp-content\/uploads\/2024\/04\/IMG_6155-2-150x150.jpeg",150,150,true],"medium":["https:\/\/nsf.pt\/wp-content\/uploads\/2024\/04\/IMG_6155-2-300x225.jpeg",300,225,true],"medium_large":["https:\/\/nsf.pt\/wp-content\/uploads\/2024\/04\/IMG_6155-2-768x576.jpeg",640,480,true],"large":["https:\/\/nsf.pt\/wp-content\/uploads\/2024\/04\/IMG_6155-2.jpeg",640,480,false],"1536x1536":["https:\/\/nsf.pt\/wp-content\/uploads\/2024\/04\/IMG_6155-2.jpeg",1024,768,false],"2048x2048":["https:\/\/nsf.pt\/wp-content\/uploads\/2024\/04\/IMG_6155-2.jpeg",1024,768,false],"covernews-slider-full":["https:\/\/nsf.pt\/wp-content\/uploads\/2024\/04\/IMG_6155-2-1024x715.jpeg",1024,715,true],"covernews-slider-center":["https:\/\/nsf.pt\/wp-content\/uploads\/2024\/04\/IMG_6155-2-800x500.jpeg",800,500,true],"covernews-featured":["https:\/\/nsf.pt\/wp-content\/uploads\/2024\/04\/IMG_6155-2.jpeg",1024,768,false],"covernews-medium":["https:\/\/nsf.pt\/wp-content\/uploads\/2024\/04\/IMG_6155-2-540x340.jpeg",540,340,true],"covernews-medium-square":["https:\/\/nsf.pt\/wp-content\/uploads\/2024\/04\/IMG_6155-2-400x250.jpeg",400,250,true]},"author_info":{"info":["Carlos Ribeiro"]},"category_info":"<a href=\"https:\/\/nsf.pt\/index.php\/category\/50anos25abril\/\" rel=\"category tag\">50ANOS25abril<\/a> <a href=\"https:\/\/nsf.pt\/index.php\/category\/destaque\/\" rel=\"category tag\">DESTAQUE<\/a>","tag_info":"DESTAQUE","comment_count":"0","_links":{"self":[{"href":"https:\/\/nsf.pt\/index.php\/wp-json\/wp\/v2\/posts\/11682"}],"collection":[{"href":"https:\/\/nsf.pt\/index.php\/wp-json\/wp\/v2\/posts"}],"about":[{"href":"https:\/\/nsf.pt\/index.php\/wp-json\/wp\/v2\/types\/post"}],"author":[{"embeddable":true,"href":"https:\/\/nsf.pt\/index.php\/wp-json\/wp\/v2\/users\/2"}],"replies":[{"embeddable":true,"href":"https:\/\/nsf.pt\/index.php\/wp-json\/wp\/v2\/comments?post=11682"}],"version-history":[{"count":1,"href":"https:\/\/nsf.pt\/index.php\/wp-json\/wp\/v2\/posts\/11682\/revisions"}],"predecessor-version":[{"id":11709,"href":"https:\/\/nsf.pt\/index.php\/wp-json\/wp\/v2\/posts\/11682\/revisions\/11709"}],"wp:featuredmedia":[{"embeddable":true,"href":"https:\/\/nsf.pt\/index.php\/wp-json\/wp\/v2\/media\/11708"}],"wp:attachment":[{"href":"https:\/\/nsf.pt\/index.php\/wp-json\/wp\/v2\/media?parent=11682"}],"wp:term":[{"taxonomy":"category","embeddable":true,"href":"https:\/\/nsf.pt\/index.php\/wp-json\/wp\/v2\/categories?post=11682"},{"taxonomy":"post_tag","embeddable":true,"href":"https:\/\/nsf.pt\/index.php\/wp-json\/wp\/v2\/tags?post=11682"}],"curies":[{"name":"wp","href":"https:\/\/api.w.org\/{rel}","templated":true}]}}