{"id":11856,"date":"2024-05-10T09:18:21","date_gmt":"2024-05-10T09:18:21","guid":{"rendered":"https:\/\/nsf.pt\/?p=11856"},"modified":"2024-05-10T09:18:23","modified_gmt":"2024-05-10T09:18:23","slug":"zeca-numa-escola-de-abril","status":"publish","type":"post","link":"https:\/\/nsf.pt\/index.php\/2024\/05\/10\/zeca-numa-escola-de-abril\/","title":{"rendered":"Zeca numa escola de Abril"},"content":{"rendered":"\n<h2 class=\"wp-block-heading\">Na Henriques Nogueira em Torres Vedras houve m\u00fasica e direitos humanos<\/h2>\n\n\n<div class=\"wp-block-post-date\"><time datetime=\"2024-05-10T09:18:21+00:00\">10 de Maio, 2024<\/time><\/div>\n\n\n<p>Foi um fim-de-manh\u00e3 diferente com m\u00fasica no audit\u00f3rio da biblioteca e com v\u00e1rias turmas que responderam ao apelo da Associa\u00e7\u00e3o de Estudantes a partilharem os sons e as letras de sete temas  que o N\u00facleo da Associa\u00e7\u00e3o Jos\u00e9 Afonso local  introduziu e dinamizou.<\/p>\n\n\n\n<div style=\"height:21px\" aria-hidden=\"true\" class=\"wp-block-spacer\"><\/div>\n\n\n\n<figure class=\"wp-block-gallery has-nested-images columns-default is-cropped wp-block-gallery-1 is-layout-flex wp-block-gallery-is-layout-flex\">\n<figure class=\"wp-block-image size-full\"><img decoding=\"async\" loading=\"lazy\" width=\"887\" height=\"539\" data-id=\"11858\" src=\"https:\/\/nsf.pt\/wp-content\/uploads\/2024\/05\/zecaBR2.jpg\" alt=\"\" class=\"wp-image-11858\" srcset=\"https:\/\/nsf.pt\/wp-content\/uploads\/2024\/05\/zecaBR2.jpg 887w, https:\/\/nsf.pt\/wp-content\/uploads\/2024\/05\/zecaBR2-300x182.jpg 300w, https:\/\/nsf.pt\/wp-content\/uploads\/2024\/05\/zecaBR2-768x467.jpg 768w\" sizes=\"(max-width: 887px) 100vw, 887px\" \/><\/figure>\n<\/figure>\n\n\n\n<p class=\"has-text-align-center\">Manuel Teixeira foi acompanhado por estudantes com experi\u00eancia musical<\/p>\n\n\n\n<div style=\"height:20px\" aria-hidden=\"true\" class=\"wp-block-spacer\"><\/div>\n\n\n\n<p>Manuel Teixeira deu voz e m\u00fasica \u00e0s can\u00e7\u00f5es e poemas selecionados e teve \u00eaxito no convite que dirigiu  aos estudantes presentes para se exprimirem de forma ativa nomeadamente com solu\u00e7\u00f5es de percuss\u00e3o improvisadas.. A participa\u00e7\u00e3o traduziu-se tamb\u00e9m no acompanhamento musical que dois jovens entendidos na arte da viola asseguraram com brio e rigor interpretativo.<\/p>\n\n\n\n<p>Os temas Veja bem, Teresa Torga, Canto Mo\u00e7o, Eu vou ser como a toupeira, Menino do bairro negro, Os Vampiros e Gr\u00e2ndola Vila Morena foram associados a artigos da Declara\u00e7\u00e3o Universal dos Direitos Humanos e deram lugar a uma dissemina\u00e7\u00e3o de ideias e conceitos fundamentais, ali\u00e1s muitos deles com grande atualidade.<\/p>\n\n\n\n<p>A sess\u00e3o terminou com um Gr\u00e2ndola Vila Morena entusiasticamente cantado em coro por todos os presentes. Ficou a ideia que valer\u00e1 a pena repetir a experi\u00eancia numa nova oportunidade.<\/p>\n\n\n\n<div style=\"height:35px\" aria-hidden=\"true\" class=\"wp-block-spacer\"><\/div>\n\n\n\n<figure class=\"wp-block-embed is-type-video is-provider-youtube wp-block-embed-youtube wp-embed-aspect-16-9 wp-has-aspect-ratio\"><div class=\"wp-block-embed__wrapper\">\n<iframe loading=\"lazy\" title=\"Zeca numa escola de Abril\" width=\"640\" height=\"360\" src=\"https:\/\/www.youtube.com\/embed\/43U0A4RUzt4?feature=oembed\" frameborder=\"0\" allow=\"accelerometer; autoplay; clipboard-write; encrypted-media; gyroscope; picture-in-picture; web-share\" referrerpolicy=\"strict-origin-when-cross-origin\" allowfullscreen><\/iframe>\n<\/div><figcaption class=\"wp-element-caption\">Imagens da sess\u00e3o na Escola Secund\u00e1ria Henriques Nogueira em Torres Vedras com a participa\u00e7\u00e3o dos membros do N\u00facleo da AJA local<\/figcaption><\/figure>\n","protected":false},"excerpt":{"rendered":"<p>Na Henriques Nogueira em Torres Vedras houve m\u00fasica e direitos humanos Foi um fim-de-manh\u00e3 diferente&#8230;<\/p>\n","protected":false},"author":2,"featured_media":11858,"comment_status":"open","ping_status":"open","sticky":true,"template":"","format":"standard","meta":{"sfsi_plus_gutenberg_text_before_share":"","sfsi_plus_gutenberg_show_text_before_share":"","sfsi_plus_gutenberg_icon_type":"","sfsi_plus_gutenberg_icon_alignemt":"","sfsi_plus_gutenburg_max_per_row":"","ngg_post_thumbnail":0,"footnotes":""},"categories":[421,238,395],"tags":[544],"featured_image_urls":{"full":["https:\/\/nsf.pt\/wp-content\/uploads\/2024\/05\/zecaBR2.jpg",887,539,false],"thumbnail":["https:\/\/nsf.pt\/wp-content\/uploads\/2024\/05\/zecaBR2-150x150.jpg",150,150,true],"medium":["https:\/\/nsf.pt\/wp-content\/uploads\/2024\/05\/zecaBR2-300x182.jpg",300,182,true],"medium_large":["https:\/\/nsf.pt\/wp-content\/uploads\/2024\/05\/zecaBR2-768x467.jpg",640,389,true],"large":["https:\/\/nsf.pt\/wp-content\/uploads\/2024\/05\/zecaBR2.jpg",640,389,false],"1536x1536":["https:\/\/nsf.pt\/wp-content\/uploads\/2024\/05\/zecaBR2.jpg",887,539,false],"2048x2048":["https:\/\/nsf.pt\/wp-content\/uploads\/2024\/05\/zecaBR2.jpg",887,539,false],"covernews-slider-full":["https:\/\/nsf.pt\/wp-content\/uploads\/2024\/05\/zecaBR2.jpg",887,539,false],"covernews-slider-center":["https:\/\/nsf.pt\/wp-content\/uploads\/2024\/05\/zecaBR2-800x500.jpg",800,500,true],"covernews-featured":["https:\/\/nsf.pt\/wp-content\/uploads\/2024\/05\/zecaBR2.jpg",887,539,false],"covernews-medium":["https:\/\/nsf.pt\/wp-content\/uploads\/2024\/05\/zecaBR2-540x340.jpg",540,340,true],"covernews-medium-square":["https:\/\/nsf.pt\/wp-content\/uploads\/2024\/05\/zecaBR2-400x250.jpg",400,250,true]},"author_info":{"info":["Carlos Ribeiro"]},"category_info":"<a href=\"https:\/\/nsf.pt\/index.php\/category\/50anos25abril\/\" rel=\"category tag\">50ANOS25abril<\/a> <a href=\"https:\/\/nsf.pt\/index.php\/category\/destaque\/\" rel=\"category tag\">DESTAQUE<\/a> <a href=\"https:\/\/nsf.pt\/index.php\/category\/zeca-afonso\/\" rel=\"category tag\">ZECA AFONSO<\/a>","tag_info":"ZECA AFONSO","comment_count":"0","_links":{"self":[{"href":"https:\/\/nsf.pt\/index.php\/wp-json\/wp\/v2\/posts\/11856"}],"collection":[{"href":"https:\/\/nsf.pt\/index.php\/wp-json\/wp\/v2\/posts"}],"about":[{"href":"https:\/\/nsf.pt\/index.php\/wp-json\/wp\/v2\/types\/post"}],"author":[{"embeddable":true,"href":"https:\/\/nsf.pt\/index.php\/wp-json\/wp\/v2\/users\/2"}],"replies":[{"embeddable":true,"href":"https:\/\/nsf.pt\/index.php\/wp-json\/wp\/v2\/comments?post=11856"}],"version-history":[{"count":1,"href":"https:\/\/nsf.pt\/index.php\/wp-json\/wp\/v2\/posts\/11856\/revisions"}],"predecessor-version":[{"id":11859,"href":"https:\/\/nsf.pt\/index.php\/wp-json\/wp\/v2\/posts\/11856\/revisions\/11859"}],"wp:featuredmedia":[{"embeddable":true,"href":"https:\/\/nsf.pt\/index.php\/wp-json\/wp\/v2\/media\/11858"}],"wp:attachment":[{"href":"https:\/\/nsf.pt\/index.php\/wp-json\/wp\/v2\/media?parent=11856"}],"wp:term":[{"taxonomy":"category","embeddable":true,"href":"https:\/\/nsf.pt\/index.php\/wp-json\/wp\/v2\/categories?post=11856"},{"taxonomy":"post_tag","embeddable":true,"href":"https:\/\/nsf.pt\/index.php\/wp-json\/wp\/v2\/tags?post=11856"}],"curies":[{"name":"wp","href":"https:\/\/api.w.org\/{rel}","templated":true}]}}