{"id":11990,"date":"2024-06-16T07:09:30","date_gmt":"2024-06-16T07:09:30","guid":{"rendered":"https:\/\/nsf.pt\/?p=11990"},"modified":"2024-06-16T11:18:58","modified_gmt":"2024-06-16T11:18:58","slug":"inovar-para-revitalizar-aldeias","status":"publish","type":"post","link":"https:\/\/nsf.pt\/index.php\/2024\/06\/16\/inovar-para-revitalizar-aldeias\/","title":{"rendered":"Inovar para revitalizar aldeias"},"content":{"rendered":"\n<h2 class=\"wp-block-heading\"><mark style=\"background-color:rgba(0, 0, 0, 0)\" class=\"has-inline-color has-vivid-red-color\"><strong>AGENDA<\/strong><\/mark> &#8211; Webinar no \u00e2mbito do projeto INCOMUN no dia 18 de junho<\/h2>\n\n\n<div class=\"wp-block-post-date\"><time datetime=\"2024-06-16T07:09:30+00:00\">16 de Junho, 2024<\/time><\/div>\n\n\n<p><strong>A Nova Bauhaus Europeia \u00e9 uma iniciativa da Comiss\u00e3o Europeia que combina sustentabilidade, est\u00e9tica e inclus\u00e3o, inspirada no movimento original da Bauhaus e que visa integrar os objetivos do Pacto Ecol\u00f3gico Europeu com a criatividade e cultura, promovendo projetos que s\u00e3o ambientalmente sustent\u00e1veis, visualmente agrad\u00e1veis e acess\u00edveis a todos. <\/strong><\/p>\n\n\n\n<div style=\"height:23px\" aria-hidden=\"true\" class=\"wp-block-spacer\"><\/div>\n\n\n\n<figure class=\"wp-block-gallery has-nested-images columns-default is-cropped wp-block-gallery-1 is-layout-flex wp-block-gallery-is-layout-flex\">\n<figure class=\"wp-block-image size-large\"><img decoding=\"async\" loading=\"lazy\" width=\"1010\" height=\"547\" data-id=\"11991\" src=\"https:\/\/nsf.pt\/wp-content\/uploads\/2024\/06\/larajnjas_corte.jpg\" alt=\"\" class=\"wp-image-11991\" srcset=\"https:\/\/nsf.pt\/wp-content\/uploads\/2024\/06\/larajnjas_corte.jpg 1010w, https:\/\/nsf.pt\/wp-content\/uploads\/2024\/06\/larajnjas_corte-300x162.jpg 300w, https:\/\/nsf.pt\/wp-content\/uploads\/2024\/06\/larajnjas_corte-768x416.jpg 768w\" sizes=\"(max-width: 1010px) 100vw, 1010px\" \/><\/figure>\n<\/figure>\n\n\n\n<p class=\"has-text-align-center\">Inovar em meio rural no quadro da Nova Bahaus <\/p>\n\n\n\n<div style=\"height:38px\" aria-hidden=\"true\" class=\"wp-block-spacer\"><\/div>\n\n\n\n<p>Neste webinar vamos conhecer o projeto &#8220;Rede Aldeias Bauhaus EUROACE&#8221; que envolve seis munic\u00edpios (Pampilhosa da Serra, Sabugal, Reguengos de Monsaraz, Arronches, Moraleja e Llerena), e que busca enfrentar desafios comuns \u00e0s \u00e1reas rurais, como a perda demogr\u00e1fica, a diminui\u00e7\u00e3o do valor econ\u00f3mico, social e cultural, e a transi\u00e7\u00e3o digital e ecol\u00f3gica. Alinhado com os pilares da Nova Bauhaus Europeia \u2014 sustentabilidade, inclus\u00e3o e est\u00e9tica \u2014 o projeto visa revitalizar aldeias e encontrar solu\u00e7\u00f5es replic\u00e1veis em outros contextos. Alinhado neste contexto, vamos ainda descobrir uma empresa focada em apoiar e capacitar pessoas, equipas e organiza\u00e7\u00f5es atrav\u00e9s da cria\u00e7\u00e3o de solu\u00e7\u00f5es inovadoras e sustent\u00e1veis, promovendo desta forma ambientes positivos e colaborativos que favorecem a produtividade e o bem-estar, alinhando-se com princ\u00edpios como os Objetivos de Desenvolvimento Sustent\u00e1vel (ODS) e os pilares da Nova Bauhaus Europeia.<\/p>\n\n\n\n<h2 class=\"wp-block-heading\">Este ser\u00e1 o 5\u00ba webinar da parceria do Projeto INCOMUN-&nbsp;<strong>IN<\/strong>ova\u00e7\u00e3o e&nbsp;<strong>CO<\/strong>nhecimento no&nbsp;<strong>MUN<\/strong>do rural &#8211; e decorre ter\u00e7a feira, dia 18 de junho, a partir das 9h30 neste <a href=\"https:\/\/www.facebook.com\/share\/6ZUWp9KGg5NnjEaq\/\">link:<\/a><\/h2>\n\n\n\n<h2 class=\"wp-block-heading\">Painel:<\/h2>\n\n\n\n<p><strong>\u00c1lvaro Cidrais &#8211; CEO A. Cidrais GPI<\/strong><\/p>\n\n\n\n<p>\u00c9 l\u00edder de projetos e treinador de equipas h\u00e1 40 anos. \u00c9 Conselheiro, Consultor, Idealiza[1]dor (e Gestor) de Projetos, Facilitador, Formador e Docente Universit\u00e1rio. \u00c9 mestre em Geografia e Desenvolvimento Regional (1998) e p\u00f3s-graduado em diferentes \u00e1reas da gest\u00e3o. Tem ampla experi\u00eancia em empreendedorismo, inova\u00e7\u00e3o social, colabora\u00e7\u00e3o e na dinamiza\u00e7\u00e3o de redes e de processos colaborativos e comunit\u00e1rios. Trabalha em felicidade organizacional e territorial.<\/p>\n\n\n\n<p><strong>Rui Sim\u00e3o &#8211; C.M. Pampilhosa da Serra<\/strong><\/p>\n\n\n\n<p>\u00c9 atualmente Vereador na C\u00e2mara Municipal de Pampilhosa da Serra, tem os pelouros da Inova\u00e7\u00e3o e Desenvolvimento Territorial, Projetos Europeus, Programas e Fundos Comunit\u00e1rios, Apoio ao Investimento e ao Empres\u00e1rio, Floresta e Transi\u00e7\u00e3o Ecol\u00f3gica, Ambiente e Recursos Naturais, Turismo, Marketing e Redes de Coopera\u00e7\u00e3o, Comunica\u00e7\u00e3o e Imagem, Transportes, Mobilidade e Tr\u00e2nsito, e Jardins e Espa\u00e7os Verdes Al\u00e9m das suas fun\u00e7\u00f5es na C\u00e2mara, tem desempenhado um papel significativo no projeto &#8220;Rede de Aldeias para o Futuro\u201d.<\/p>\n\n\n\n<p><em>SOBRE O INCOMUN &#8211;&nbsp;<\/em><strong><em>IN<\/em><\/strong><em>ova\u00e7\u00e3o e&nbsp;<\/em><strong><em>CO<\/em><\/strong><em>nhecimento no&nbsp;<\/em><strong><em>MUN<\/em><\/strong><em>do rural<\/em><\/p>\n\n\n\n<p>O Incomun \u00e9 um projeto de coopera\u00e7\u00e3o que resulta no desenvolvimento de uma iniciativa piloto, que pretende efetuar uma an\u00e1lise exaustiva dos territ\u00f3rios e testar formas de transfer\u00eancia de conhecimento para os territ\u00f3rios rurais, atendendo, naturalmente, \u00e0s suas especificidades.<\/p>\n\n\n\n<p>A interven\u00e7\u00e3o proposta assenta em quatro grandes eixos (Conhecer, Capacitar, Incorporar e Disseminar), aos quais se associa um conjunto de atividades, que permitem operacionalizar o principal des\u00edgnio: criar condi\u00e7\u00f5es para que seja poss\u00edvel mobilizar os actores relevantes da comunidade cient\u00edfica e, atrav\u00e9s da media\u00e7\u00e3o dos GAL, revitalizar e potenciar as comunidades e os territ\u00f3rios rurais atrav\u00e9s da introdu\u00e7\u00e3o, produ\u00e7\u00e3o e transfer\u00eancia de inova\u00e7\u00e3o e conhecimento.<\/p>\n\n\n\n<p>Apesar da parceria ter uma localiza\u00e7\u00e3o geogr\u00e1fica diversa, os problemas e necessidades sentidas s\u00e3o comuns: os parceiros do projeto acreditam que a coes\u00e3o territorial n\u00e3o deve ser analisada apenas tendo por base a dicotomia interior\/litoral.<\/p>\n\n\n\n<p>O Incomun \u00e9 um projeto de coopera\u00e7\u00e3o desenvolvido por:<\/p>\n\n\n\n<ul>\n<li><strong>A2S&nbsp;<\/strong>\u2013 Associa\u00e7\u00e3o para o Desenvolvimento Sustent\u00e1vel da Regi\u00e3o Saloia<\/li>\n\n\n\n<li><strong>ADAE&nbsp;<\/strong>\u2014 Associa\u00e7\u00e3o de Desenvolvimento da Alta Estremadura,<\/li>\n\n\n\n<li><strong>ADIBER&nbsp;<\/strong>\u2014 Associa\u00e7\u00e3o de Desenvolvimento Integrado da Beira Serra<\/li>\n\n\n\n<li><strong>AdriMinho&nbsp;<\/strong>\u2014 Associa\u00e7\u00e3o de Desenvolvimento Rural Integrado do Vale do Minho<\/li>\n\n\n\n<li><strong>GAL&nbsp;<\/strong>Aveiro Norte e&nbsp;<strong>GAL&nbsp;<\/strong>Aveiro Sul<\/li>\n\n\n\n<li><strong>CoimbraMaisFuturo&nbsp;<\/strong>\u2013 Desenvolvimento Local<\/li>\n\n\n\n<li><strong>Esdime&nbsp;<\/strong>\u2013 Ag\u00eancia para o Desenvolvimento Local no Alentejo Sudoeste<\/li>\n\n\n\n<li><strong>Associa\u00e7\u00e3o In Loco&nbsp;<\/strong>&#8211; ADL gestora do Grupo de A\u00e7\u00e3o Local para o Interior do Algarve Central<\/li>\n<\/ul>\n\n\n\n<p>Conta com o apoio do PDR 2020 sendo cofinanciado ao abrigo da Medida 10.3.1 \u2013 Coopera\u00e7\u00e3o Interterritorial e Transnacional dos Grupos de A\u00e7\u00e3o Local (GAL) do PDR2020.<\/p>\n\n\n\n<p><\/p>\n\n\n\n<p>Fonte IN LOCO, foto \u00a9CVR-NSF<\/p>\n\n\n\n<p><\/p>\n","protected":false},"excerpt":{"rendered":"<p>AGENDA &#8211; Webinar no \u00e2mbito do projeto INCOMUN no dia 18 de junho A Nova&#8230;<\/p>\n","protected":false},"author":2,"featured_media":11991,"comment_status":"open","ping_status":"open","sticky":true,"template":"","format":"standard","meta":{"sfsi_plus_gutenberg_text_before_share":"","sfsi_plus_gutenberg_show_text_before_share":"","sfsi_plus_gutenberg_icon_type":"","sfsi_plus_gutenberg_icon_alignemt":"","sfsi_plus_gutenburg_max_per_row":"","ngg_post_thumbnail":0,"footnotes":""},"categories":[238,446],"tags":[554],"featured_image_urls":{"full":["https:\/\/nsf.pt\/wp-content\/uploads\/2024\/06\/larajnjas_corte.jpg",1010,547,false],"thumbnail":["https:\/\/nsf.pt\/wp-content\/uploads\/2024\/06\/larajnjas_corte-150x150.jpg",150,150,true],"medium":["https:\/\/nsf.pt\/wp-content\/uploads\/2024\/06\/larajnjas_corte-300x162.jpg",300,162,true],"medium_large":["https:\/\/nsf.pt\/wp-content\/uploads\/2024\/06\/larajnjas_corte-768x416.jpg",640,347,true],"large":["https:\/\/nsf.pt\/wp-content\/uploads\/2024\/06\/larajnjas_corte.jpg",640,347,false],"1536x1536":["https:\/\/nsf.pt\/wp-content\/uploads\/2024\/06\/larajnjas_corte.jpg",1010,547,false],"2048x2048":["https:\/\/nsf.pt\/wp-content\/uploads\/2024\/06\/larajnjas_corte.jpg",1010,547,false],"covernews-slider-full":["https:\/\/nsf.pt\/wp-content\/uploads\/2024\/06\/larajnjas_corte.jpg",1010,547,false],"covernews-slider-center":["https:\/\/nsf.pt\/wp-content\/uploads\/2024\/06\/larajnjas_corte-800x500.jpg",800,500,true],"covernews-featured":["https:\/\/nsf.pt\/wp-content\/uploads\/2024\/06\/larajnjas_corte.jpg",1010,547,false],"covernews-medium":["https:\/\/nsf.pt\/wp-content\/uploads\/2024\/06\/larajnjas_corte-540x340.jpg",540,340,true],"covernews-medium-square":["https:\/\/nsf.pt\/wp-content\/uploads\/2024\/06\/larajnjas_corte-400x250.jpg",400,250,true]},"author_info":{"info":["Carlos Ribeiro"]},"category_info":"<a href=\"https:\/\/nsf.pt\/index.php\/category\/destaque\/\" rel=\"category tag\">DESTAQUE<\/a> <a href=\"https:\/\/nsf.pt\/index.php\/category\/transicoes\/\" rel=\"category tag\">TRANSI\u00c7\u00d5ES<\/a>","tag_info":"TRANSI\u00c7\u00d5ES","comment_count":"0","_links":{"self":[{"href":"https:\/\/nsf.pt\/index.php\/wp-json\/wp\/v2\/posts\/11990"}],"collection":[{"href":"https:\/\/nsf.pt\/index.php\/wp-json\/wp\/v2\/posts"}],"about":[{"href":"https:\/\/nsf.pt\/index.php\/wp-json\/wp\/v2\/types\/post"}],"author":[{"embeddable":true,"href":"https:\/\/nsf.pt\/index.php\/wp-json\/wp\/v2\/users\/2"}],"replies":[{"embeddable":true,"href":"https:\/\/nsf.pt\/index.php\/wp-json\/wp\/v2\/comments?post=11990"}],"version-history":[{"count":2,"href":"https:\/\/nsf.pt\/index.php\/wp-json\/wp\/v2\/posts\/11990\/revisions"}],"predecessor-version":[{"id":11998,"href":"https:\/\/nsf.pt\/index.php\/wp-json\/wp\/v2\/posts\/11990\/revisions\/11998"}],"wp:featuredmedia":[{"embeddable":true,"href":"https:\/\/nsf.pt\/index.php\/wp-json\/wp\/v2\/media\/11991"}],"wp:attachment":[{"href":"https:\/\/nsf.pt\/index.php\/wp-json\/wp\/v2\/media?parent=11990"}],"wp:term":[{"taxonomy":"category","embeddable":true,"href":"https:\/\/nsf.pt\/index.php\/wp-json\/wp\/v2\/categories?post=11990"},{"taxonomy":"post_tag","embeddable":true,"href":"https:\/\/nsf.pt\/index.php\/wp-json\/wp\/v2\/tags?post=11990"}],"curies":[{"name":"wp","href":"https:\/\/api.w.org\/{rel}","templated":true}]}}