{"id":12013,"date":"2024-06-16T22:16:44","date_gmt":"2024-06-16T22:16:44","guid":{"rendered":"https:\/\/nsf.pt\/?p=12013"},"modified":"2024-06-16T23:52:55","modified_gmt":"2024-06-16T23:52:55","slug":"obra-de-medeiros-ferreira-no-central-das-caldas","status":"publish","type":"post","link":"https:\/\/nsf.pt\/index.php\/2024\/06\/16\/obra-de-medeiros-ferreira-no-central-das-caldas\/","title":{"rendered":"Obra de Medeiros Ferreira no Central das Caldas"},"content":{"rendered":"\n<h2 class=\"wp-block-heading\"><mark style=\"background-color:rgba(0, 0, 0, 0)\" class=\"has-inline-color has-vivid-red-color\">AGENDA<\/mark> &#8211; Dia 22 de junho, \u00e0s 15h00, nas Caldas da Rainha (Caf\u00e9 Central)<\/h2>\n\n\n<div class=\"wp-block-post-date\"><time datetime=\"2024-06-16T22:16:44+00:00\">16 de Junho, 2024<\/time><\/div>\n\n\n<h2 class=\"wp-block-heading\">A Revolu\u00e7\u00e3o do 25 de Abril: Ensaio Hist\u00f3rico, de Jos\u00e9 Medeiros Ferreira<\/h2>\n\n\n\n<div style=\"height:36px\" aria-hidden=\"true\" class=\"wp-block-spacer\"><\/div>\n\n\n\n<figure class=\"wp-block-gallery has-nested-images columns-default is-cropped wp-block-gallery-1 is-layout-flex wp-block-gallery-is-layout-flex\">\n<figure class=\"wp-block-image size-large\"><img decoding=\"async\" loading=\"lazy\" width=\"672\" height=\"302\" data-id=\"12015\" src=\"https:\/\/nsf.pt\/wp-content\/uploads\/2024\/06\/aja-cacdas-2.jpg\" alt=\"\" class=\"wp-image-12015\" srcset=\"https:\/\/nsf.pt\/wp-content\/uploads\/2024\/06\/aja-cacdas-2.jpg 672w, https:\/\/nsf.pt\/wp-content\/uploads\/2024\/06\/aja-cacdas-2-300x135.jpg 300w\" sizes=\"(max-width: 672px) 100vw, 672px\" \/><\/figure>\n<\/figure>\n\n\n\n<p class=\"has-text-align-center\">Apresenta\u00e7\u00e3o do livro nas Caldas da Rainha<\/p>\n\n\n\n<div style=\"height:21px\" aria-hidden=\"true\" class=\"wp-block-spacer\"><\/div>\n\n\n\n<p>40 anos ap\u00f3s a sua primeira edi\u00e7\u00e3o, saiu de novo \u00e0 estampa, com a chancela da Shantarin, o cl\u00e1ssico de Medeiros Ferreira sobre a Revolu\u00e7\u00e3o dos Cravos.<\/p>\n\n\n\n<p>A apresenta\u00e7\u00e3o do livro nas Caldas da Rainha ter\u00e1 lugar no pr\u00f3ximo dia 22 de junho, \u00e0s 15h00, no Caf\u00e9 Central, com Lu\u00eds Nuno Rodrigues (ISCTE-IUL), Manuel Martins (NOVA FCSH) e o editor Jo\u00e3o Pedro Ruivo.<\/p>\n\n\n\n<h2 class=\"wp-block-heading\">SOBRE A OBRA<\/h2>\n\n\n\n<p>\u201cNeste trabalho pioneiro, Medeiros Ferreira estabeleceu um primeiro quadro interpretativo do 25 de Abril, expurgando-o de leituras esquem\u00e1ticas e manique\u00edstas\u201d, refere Pedro Aires Oliveira, coautor da introdu\u00e7\u00e3o \u00e0 presente edi\u00e7\u00e3o, professor de Hist\u00f3ria Contempor\u00e2nea na NOVA FCSH e investigador no IHC\/IN2PAST. \u201cAo contr\u00e1rio das narrativas que faziam da \u2018luta de classes\u2019 o cerne da revolu\u00e7\u00e3o, Medeiros Ferreira prop\u00f5e-nos uma vis\u00e3o que confere a devida primazia \u00e0 luta pelo poder entre grupos pol\u00edticos organizados e institui\u00e7\u00f5es. S\u00f3 por isso, vale a pena regressar a esta obra fundadora da moderna historiografia da Revolu\u00e7\u00e3o dos Cravos\u201d, conclui.<\/p>\n\n\n\n<p>Para Maria In\u00e1cia Rezola, igualmente coautora da introdu\u00e7\u00e3o ao volume, professora na ESCS-IPL, investigadora no IHC\/IN2PAST e Comiss\u00e1ria das Comemora\u00e7\u00f5es do 50.\u00ba anivers\u00e1rio da Revolu\u00e7\u00e3o de 25 de Abril, \u201ceste ensaio hist\u00f3rico sobre a Revolu\u00e7\u00e3o do 25 de Abril, escrito num contexto em que a hist\u00f3ria da Revolu\u00e7\u00e3o ainda n\u00e3o usufru\u00eda de completa dignidade acad\u00e9mica, foi um trabalho pioneiro que inaugurou uma escola interpretativa que subsiste at\u00e9 aos dias de hoje\u201d. E acrescenta: \u201cNum momento em que se celebram os 50 anos da Revolu\u00e7\u00e3o de Abril, importa revisitar a obra de Jos\u00e9 Medeiros Ferreira e apreciar a sua clarivid\u00eancia para compreender os acontecimentos e os atores que marcaram a hist\u00f3ria da constru\u00e7\u00e3o da democracia em Portugal\u201d.<\/p>\n\n\n\n<h2 class=\"wp-block-heading\">A reedi\u00e7\u00e3o de uma obra cl\u00e1ssica, com novidades<\/h2>\n\n\n\n<p>Uma das novidades da presente edi\u00e7\u00e3o \u00e9 a sele\u00e7\u00e3o de fotografias a cores e a preto e branco do 25 de Abril, do 1.\u00ba de Maio de 1974 e de outros momentos da Revolu\u00e7\u00e3o, da autoria de Jorge da Silva Horta. A nova edi\u00e7\u00e3o conta ainda com um gloss\u00e1rio de Manuel<br>Martins, que introduz aos leitores que n\u00e3o viveram a Revolu\u00e7\u00e3o o extenso rol de lugares, datas, personalidades, organiza\u00e7\u00f5es e documentos citados ao longo do ensaio por Medeiros Ferreira. Finalmente, a capa \u00e9 da autoria de Jos\u00e9 Brand\u00e3o, nome de refer\u00eancia do design em Portugal e professor em\u00e9rito da Faculdade de Arquitetura da Universidade de Lisboa.<\/p>\n\n\n\n<h2 class=\"wp-block-heading\">SOBRE O AUTOR<\/h2>\n\n\n\n<p>Figura incontorn\u00e1vel na hist\u00f3ria da Democracia em Portugal, Jos\u00e9 Medeiros Ferreira foi dirigente estudantil aquando da crise acad\u00e9mica de 1962, preso pol\u00edtico e expulso de todas as universidades portuguesas. Estava exilado na Su\u00ed\u00e7a quando eclodiu a Revolu\u00e7\u00e3o do 25 de Abril. Um ano antes, enviara ao 3.\u00ba Congresso da Oposi\u00e7\u00e3o Democr\u00e1tica em Aveiro uma tese premonit\u00f3ria, que defendia o envolvimento das For\u00e7as Armadas para p\u00f4r termo \u00e0 ditadura e \u00e0 guerra nas col\u00f3nias africanas e apoiar um plano de a\u00e7\u00e3o nacional que conduzisse \u00e0 descoloniza\u00e7\u00e3o, \u00e0 democratiza\u00e7\u00e3o e ao desenvolvimento do Pa\u00eds.<br>Regressado do ex\u00edlio pouco depois da Revolu\u00e7\u00e3o, Medeiros Ferreira foi Ministro dos Neg\u00f3cios Estrangeiros do I Governo Constitucional e desempenhou um papel pol\u00edtico de relevo na abertura da jovem democracia portuguesa \u00e0 Europa e ao mundo. Esteve a seu cargo a prepara\u00e7\u00e3o diplom\u00e1tica do pedido de ades\u00e3o de Portugal \u00e0 CEE, em mar\u00e7o de 1977.<br>Foi na fase inicial de uma brilhante carreira acad\u00e9mica no dom\u00ednio da hist\u00f3ria contempor\u00e2nea portuguesa, e de novo \u00e0 frente do seu tempo, que da pena de Medeiros Ferreira saiu \u00e0 estampa, em 1983, o Ensaio Hist\u00f3rico sobre a Revolu\u00e7\u00e3o do 25 de Abril, obra recentemente reeditada pela Shantarin.<\/p>\n\n\n\n<p><\/p>\n\n\n\n<p>FONTE: AJA Caldas da Rainha<\/p>\n\n\n\n<p><\/p>\n","protected":false},"excerpt":{"rendered":"<p>AGENDA &#8211; Dia 22 de junho, \u00e0s 15h00, nas Caldas da Rainha (Caf\u00e9 Central) A&#8230;<\/p>\n","protected":false},"author":2,"featured_media":12014,"comment_status":"open","ping_status":"open","sticky":true,"template":"","format":"standard","meta":{"sfsi_plus_gutenberg_text_before_share":"","sfsi_plus_gutenberg_show_text_before_share":"","sfsi_plus_gutenberg_icon_type":"","sfsi_plus_gutenberg_icon_alignemt":"","sfsi_plus_gutenburg_max_per_row":"","ngg_post_thumbnail":0,"footnotes":""},"categories":[421,207,450,317],"tags":[418],"featured_image_urls":{"full":["https:\/\/nsf.pt\/wp-content\/uploads\/2024\/06\/aja-caldas.jpg",695,573,false],"thumbnail":["https:\/\/nsf.pt\/wp-content\/uploads\/2024\/06\/aja-caldas-150x150.jpg",150,150,true],"medium":["https:\/\/nsf.pt\/wp-content\/uploads\/2024\/06\/aja-caldas-300x247.jpg",300,247,true],"medium_large":["https:\/\/nsf.pt\/wp-content\/uploads\/2024\/06\/aja-caldas.jpg",640,528,false],"large":["https:\/\/nsf.pt\/wp-content\/uploads\/2024\/06\/aja-caldas.jpg",640,528,false],"1536x1536":["https:\/\/nsf.pt\/wp-content\/uploads\/2024\/06\/aja-caldas.jpg",695,573,false],"2048x2048":["https:\/\/nsf.pt\/wp-content\/uploads\/2024\/06\/aja-caldas.jpg",695,573,false],"covernews-slider-full":["https:\/\/nsf.pt\/wp-content\/uploads\/2024\/06\/aja-caldas.jpg",695,573,false],"covernews-slider-center":["https:\/\/nsf.pt\/wp-content\/uploads\/2024\/06\/aja-caldas-695x500.jpg",695,500,true],"covernews-featured":["https:\/\/nsf.pt\/wp-content\/uploads\/2024\/06\/aja-caldas.jpg",695,573,false],"covernews-medium":["https:\/\/nsf.pt\/wp-content\/uploads\/2024\/06\/aja-caldas-540x340.jpg",540,340,true],"covernews-medium-square":["https:\/\/nsf.pt\/wp-content\/uploads\/2024\/06\/aja-caldas-400x250.jpg",400,250,true]},"author_info":{"info":["Carlos Ribeiro"]},"category_info":"<a href=\"https:\/\/nsf.pt\/index.php\/category\/50anos25abril\/\" rel=\"category tag\">50ANOS25abril<\/a> <a href=\"https:\/\/nsf.pt\/index.php\/category\/agenda-2\/\" rel=\"category tag\">AGENDA<\/a> <a href=\"https:\/\/nsf.pt\/index.php\/category\/livros\/\" rel=\"category tag\">LIVROS<\/a> <a href=\"https:\/\/nsf.pt\/index.php\/category\/noticias\/\" rel=\"category tag\">NOTICIAS<\/a>","tag_info":"NOTICIAS","comment_count":"0","_links":{"self":[{"href":"https:\/\/nsf.pt\/index.php\/wp-json\/wp\/v2\/posts\/12013"}],"collection":[{"href":"https:\/\/nsf.pt\/index.php\/wp-json\/wp\/v2\/posts"}],"about":[{"href":"https:\/\/nsf.pt\/index.php\/wp-json\/wp\/v2\/types\/post"}],"author":[{"embeddable":true,"href":"https:\/\/nsf.pt\/index.php\/wp-json\/wp\/v2\/users\/2"}],"replies":[{"embeddable":true,"href":"https:\/\/nsf.pt\/index.php\/wp-json\/wp\/v2\/comments?post=12013"}],"version-history":[{"count":1,"href":"https:\/\/nsf.pt\/index.php\/wp-json\/wp\/v2\/posts\/12013\/revisions"}],"predecessor-version":[{"id":12016,"href":"https:\/\/nsf.pt\/index.php\/wp-json\/wp\/v2\/posts\/12013\/revisions\/12016"}],"wp:featuredmedia":[{"embeddable":true,"href":"https:\/\/nsf.pt\/index.php\/wp-json\/wp\/v2\/media\/12014"}],"wp:attachment":[{"href":"https:\/\/nsf.pt\/index.php\/wp-json\/wp\/v2\/media?parent=12013"}],"wp:term":[{"taxonomy":"category","embeddable":true,"href":"https:\/\/nsf.pt\/index.php\/wp-json\/wp\/v2\/categories?post=12013"},{"taxonomy":"post_tag","embeddable":true,"href":"https:\/\/nsf.pt\/index.php\/wp-json\/wp\/v2\/tags?post=12013"}],"curies":[{"name":"wp","href":"https:\/\/api.w.org\/{rel}","templated":true}]}}