{"id":12017,"date":"2024-06-16T23:13:12","date_gmt":"2024-06-16T23:13:12","guid":{"rendered":"https:\/\/nsf.pt\/?p=12017"},"modified":"2024-06-16T23:52:31","modified_gmt":"2024-06-16T23:52:31","slug":"juntos-contra-a-extrema-direita","status":"publish","type":"post","link":"https:\/\/nsf.pt\/index.php\/2024\/06\/16\/juntos-contra-a-extrema-direita\/","title":{"rendered":"Juntos, contra a extrema-direita"},"content":{"rendered":"\n<h2 class=\"wp-block-heading\">Ideias favor\u00e1veis \u00e0 constitui\u00e7\u00e3o de uma Nova Frente Popular nos bairros ganha for\u00e7a no 11\u00ba Arrondissement de Paris<\/h2>\n\n\n\n<p>Reuni\u00f5es que juntam sindicatos, associa\u00e7\u00f5es [ATTAC, AMNISTIA INT, entre outras], partidos pol\u00edticos e organiza\u00e7\u00f5es locais procuram criar din\u00e2micas de unidade com o objetivos de derrotar a extrema-direita nas pr\u00f3ximas elei\u00e7\u00f5es. <\/p>\n\n\n\n<div style=\"height:37px\" aria-hidden=\"true\" class=\"wp-block-spacer\"><\/div>\n\n\n\n<figure class=\"wp-block-gallery has-nested-images columns-default is-cropped wp-block-gallery-1 is-layout-flex wp-block-gallery-is-layout-flex\">\n<figure class=\"wp-block-image size-full\"><img decoding=\"async\" loading=\"lazy\" width=\"706\" height=\"372\" data-id=\"12023\" src=\"https:\/\/nsf.pt\/wp-content\/uploads\/2024\/06\/la-haine-1.jpg\" alt=\"\" class=\"wp-image-12023\" srcset=\"https:\/\/nsf.pt\/wp-content\/uploads\/2024\/06\/la-haine-1.jpg 706w, https:\/\/nsf.pt\/wp-content\/uploads\/2024\/06\/la-haine-1-300x158.jpg 300w\" sizes=\"(max-width: 706px) 100vw, 706px\" \/><\/figure>\n<\/figure>\n\n\n\n<p>Foto : Serge d\u00b4Ignazio in LDH France<\/p>\n\n\n\n<h1 class=\"wp-block-heading\">APELO CONJUNTO<\/h1>\n\n\n\n<p>N\u00f3s, sindicatos e associa\u00e7\u00f5es, decidimos agir juntos em todos os territ\u00f3rios para vencer a extrema direita durante as elei\u00e7\u00f5es legislativas de 30 de junho e 7 de julho de 2024 e juntos tomarmos medidas concretas de solidariedade, igualdade e justi\u00e7a. Apelamos \u00e0 mobiliza\u00e7\u00e3o de todos.<\/p>\n\n\n\n<p>A vit\u00f3ria da extrema direita teria as mesmas consequ\u00eancias dram\u00e1ticas daquelas que vimos onde governaram ou governam. Nos Estados Unidos de Trump, na R\u00fassia de Putin, na Hungria de Orb\u00e1n, na Argentina de Milei, na Pol\u00f3nia do PiS, na It\u00e1lia de Meloni, a liberdade \u00e9 pisoteada, os direitos foram violados, os servi\u00e7os p\u00fablicos e as pol\u00edticas sociais, estrangulados. Em todos estes pa\u00edses, a viol\u00eancia e o \u00f3dio aos outros substitu\u00edram os valores da igualdade, da solidariedade e da fraternidade.<\/p>\n\n\n\n<h2 class=\"wp-block-heading\">TEXTO ORIGINAL EM FRANC\u00caS<\/h2>\n\n\n\n<h1 class=\"wp-block-heading\">ENSEMBLE, CONTRE L\u2019EXTR\u00caME DROITE<\/h1>\n\n\n\n<p><strong>Appel commun<\/strong><\/p>\n\n\n\n<p>Nous, syndicats et associations, avons d\u00e9cid\u00e9 d\u2019agir ensemble sur tous les territoires pour battre l\u2018extr\u00eame droite lors des \u00e9lections l\u00e9gislatives des 30 juin et 7 juillet 2024 et porter ensemble des mesures concr\u00e8tes de solidarit\u00e9, d\u2019\u00e9galit\u00e9 et de justice. Nous en appelons \u00e0 la mobilisation de toutes et tous.<\/p>\n\n\n\n<p>La victoire des extr\u00eames droites aurait les m\u00eames cons\u00e9quences dramatiques que celles qu\u2019on a pu voir l\u00e0 o\u00f9 elles ont pu gouverner ou gouvernent. Aux Etats-Unis de Trump, dans la Russie de Poutine, la Hongrie de Orban, l\u2019Argentine de Milei, la Pologne du PiS, l\u2019Italie de Meloni, la libert\u00e9 est pi\u00e9tin\u00e9e, les droits ont \u00e9t\u00e9 bafou\u00e9s, les services publics et les politiques sociales, \u00e9trangl\u00e9s. Dans tous ces pays, la violence, la haine de l\u2019autre ont remplac\u00e9 les valeurs d\u2019\u00e9galit\u00e9, de solidarit\u00e9, de fraternit\u00e9.<\/p>\n\n\n\n<p>Nous devons tout faire pour \u00e9viter que cela ne nous arrive.<\/p>\n\n\n\n<p>Certes, la d\u00e9faite des extr\u00eames droites ne suffira pas \u00e0 garantir la mise en \u0153uvre de politiques publiques r\u00e9pondant aux in\u00e9galit\u00e9s, injustices, et \u00e0 l\u2019urgence sociale et environnementale. Mais sa victoire en compromettrait radicalement la perspective.<\/p>\n\n\n\n<p>Le recul des droits, la r\u00e9gression des libert\u00e9s auxquels nous avons assist\u00e9 ces derni\u00e8res ann\u00e9es, les choix politiques tournant le dos au progr\u00e8s social, la maltraitance des pr\u00e9caires, l\u2019abandon des services publics, le m\u00e9pris des mouvements sociaux d\u2019ampleur, comme le combat contre la r\u00e9forme des retraites, constituent le terreau sur lequel l\u2019extr\u00eame droite a prosp\u00e9r\u00e9.<\/p>\n\n\n\n<p>Battre l\u2019extr\u00eame droite dans les urnes, combattre son projet raciste doit se conjuguer \u00e0 l\u2019\u00e9mergence d\u2019un changement profond, de ruptures sociales et \u00e9cologiques et d\u2019effectivit\u00e9 des droits.<\/p>\n\n\n\n<p>Il est donc crucial que chacune et chacun trouve dans l\u2019exercice \u00e9lectoral le prolongement des mobilisations et aspirations communes. Une r\u00e9ponse de l\u2019ensemble des forces politiques consid\u00e9rant que les droits sont les m\u00eames pour toutes et tous est indispensable.<\/p>\n\n\n\n<p>Nous, syndicats et associations, serons exigeants pour que les r\u00e9ponses que nous portons p\u00e8sent aujourd\u2019hui et demain dans un dialogue social et civil effectif.<\/p>\n\n\n\n<p>Dans la soci\u00e9t\u00e9 que nous voulons, la libert\u00e9, l\u2019\u00e9galit\u00e9, la d\u00e9mocratie, la solidarit\u00e9 et l\u2019Etat de droit ne sont pas des mots vides de sens mais les principes m\u00eames qui organisent notre vie commune, notre avenir commun. Sur ces bases, face aux tenants de la haine, du racisme, de l\u2019antis\u00e9mitisme, du sexisme, de la LGBTQI+phobie, de la r\u00e9gression sociale, et de la destruction du vivant&nbsp;: des alternatives de rupture sont n\u00e9cessaires.<\/p>\n\n\n\n<p>Ensemble, nous en appelons \u00e0 la mobilisation citoyenne. Sans attendre, nous appelons \u00e0 participer d\u00e8s ce week-end \u00e0 toutes les manifestations partout en France.<\/p>\n\n\n\n<p><strong>Un appel \u00e0 l\u2019initiative de la LDH (Ligue des droits de l\u2019Homme) et Cimade, Conf\u00e9d\u00e9ration fran\u00e7aise d\u00e9mocratique du travail (CFDT), Conf\u00e9d\u00e9ration g\u00e9n\u00e9rale du travail (CGT), F\u00e9d\u00e9ration des acteurs de la solidarit\u00e9 (Fas), F\u00e9d\u00e9ration des centres sociaux et socioculturels de France (FCSF), F\u00e9d\u00e9ration syndicale unitaire (FSU), Fondation Abb\u00e9 Pierre (FAP), Greenpeace France, Mouvement contre le racisme et pour l\u2019amiti\u00e9 entre les peuples (Mrap), Oxfam France, SOS Racisme, Syndicat des avocats de France (Saf), Syndicat de la Magistrature (SM), Union nationale des syndicats autonomes (Unsa), Union syndicale Solidaires<\/strong><\/p>\n\n\n\n<p><strong><u>Autres signataires<\/u>&nbsp;:<\/strong><\/p>\n\n\n\n<p><strong>AC&nbsp;! Agir ensemble contre le ch\u00f4mage, ActionAid France, Action contre la faim, Action Justice Climat, Action non-violente COP21 (ANV-COP21), Accueil coop\u00e9ration insertion pour les nouveaux arrivants (Acina),&nbsp;<\/strong>Accueil Montauriol, Agir pour la r\u00e9insertion sociale 95 (ARS95),&nbsp;<strong>Agir pour l\u2019environnement,&nbsp;<\/strong>Ahlis 46<strong>, Alliance citoyenne Justice ensemble, Alliance des femmes pour la d\u00e9mocratie, Alternatiba,&nbsp;<\/strong>Alynea \u2013 Samu social 69, Amiti\u00e9 et coop\u00e9ration France-Cameroun<strong>,&nbsp;<\/strong>Anef Provence<strong>, Animafac,&nbsp;<\/strong>Antony Terre Citoyenne<strong>, APF France handicap, Apige, Archipel de l\u2019\u00e9cologie et des solidarit\u00e9s, Asile Asso, Association Accompagnement Recherche Education Solidarit\u00e9 (AARES), Association de d\u00e9fense des droits de l\u2019Homme au Maroc (Asdhom),&nbsp;<\/strong>Association Espace Femmes Genevi\u00e8ve D., Association femmes<strong>, Association fran\u00e7aise des infirmier(e)s de canc\u00e9rologie, Association fran\u00e7aise des juristes d\u00e9mocrates (AFJD), Association France-Palestine Solidarit\u00e9 (AFPS),&nbsp;<\/strong>AFPS 46<strong>, Association internationale de recherche en didactique du fran\u00e7ais (AIRDF) \u2013 section fran\u00e7aise, Association des Marocains en France (AMF), Association montalbanaise d\u2019aide aux r\u00e9fugi\u00e9s (Amar),&nbsp;<\/strong>Association mortainaise d\u2019accueil et d\u2019aide aux r\u00e9fugi\u00e9s, Association nivernaise d\u2019accueil et de r\u00e9insertion (Anar 58), Association Pacco, Association Porte accueil RHP<strong>, Association de pr\u00e9vention sp\u00e9cialis\u00e9e nationale (ASPN), Association de promotion des cultures et du voyage, Association nationale d\u2019assistance aux fronti\u00e8res pour les personnes \u00e9trang\u00e8res (Anaf\u00e9), Association nationale des villes et territoires accueillants (Anvita), Association pour l\u2019accueil des travailleurs et des migrants (AATM), Association pour la reconnaissance des droits des personnes homosexuelles et trans \u00e0 l\u2019immigration et au s\u00e9jour (Ardhis),&nbsp;<\/strong>Association de solidarit\u00e9 avec tous les immigr\u00e9s (Asti) Aix-en-Provence<strong>, Association des travailleurs maghr\u00e9bins de France (ATMF), ATD Quart Monde,&nbsp;<\/strong>ATMF Gennevilliers<strong>, Attac,&nbsp;<\/strong>Attac Flandre, Attac Rennes, Audacia, Autres Br\u00e9sils<strong>, Autremonde,&nbsp;<\/strong>Banta, Bellid\u00e9e, Benevolt,<strong>&nbsp;Bio Consom\u2019acteurs, Cap Ose,&nbsp;<\/strong>Carton plein, Cant\u2019Orbrie<strong>, Centres d\u2019entrainement aux m\u00e9thodes d\u2019\u00e9ducation active (Cemea),&nbsp;<\/strong>Cemea Ile-de-France, Cent pour un toit Oise,&nbsp;<strong>Centre Primo Levi<\/strong><strong>,&nbsp;<\/strong>Centre socioculturel Etincelles<strong>, Centre de recherche et d\u2019information pour le d\u00e9veloppement (Crid),&nbsp;<\/strong>Cercle de silence de Tours, Cha\u00eene de solidarit\u00e9 du Mortainais, Chr\u00e9tiens-migrants<strong>, CliMates, Collectif Acc\u00e8s aux droits,&nbsp;<\/strong>Collectif AGIR du pays d\u2019Aix,<strong>&nbsp;Collectif des associations citoyennes (Cac),&nbsp;<\/strong>Collectif aubois de lutte contre les extr\u00eames droites<strong>, Collectif catholique P.A.I.X, CCFD-Terre Solidaire<\/strong>,&nbsp;<strong>Collectif Changer de cap,&nbsp;<\/strong>Collectif citoyen chatenaisien, Collectif Droits des femmes et plus 14, Comit\u00e9 ivryen pour la sant\u00e9 et l\u2019h\u00f4pital public, Collectif NousToustes31, Collectif saint-lois d\u2019aide aux migrants, Comit\u00e9 Palestine 47 AFPS<strong>, Comit\u00e9 pour les relations nationales et internationales des associations de jeunesse et d\u2019\u00e9ducation populaire (Cnajep), Comit\u00e9 pour le respect des libert\u00e9s et des droits humains en Tunisie (CRLDHT), Comit\u00e9 Marche du 23 mai 1998 (CM 98), Commerce \u00e9quitable France, Conf\u00e9d\u00e9ration internationale solidaire et \u00e9cologiste (Cise), Conf\u00e9d\u00e9ration nationale du logement (CNL), CNL Val-de-Marne, Conf\u00e9d\u00e9ration paysanne,&nbsp;<\/strong>Conseil d\u00e9partemental des associations familiales la\u00efques 70 (CDAFAL 70),<strong>&nbsp;Conseil national des associations familiales la\u00efques (Cnafal), Conseil national de la nouvelle r\u00e9sistance (CNNR), Construire ensemble la politique de l\u2019enfance (CEP-Enfance), Convergence de d\u00e9fense et d\u00e9veloppement des services publics, Convention pour la 6\u00b0 R\u00e9publique (C6R), Coordination antifasciste pour l\u2019affirmation des libert\u00e9s acad\u00e9miques et p\u00e9dagogiques (Caalap), Coordination fran\u00e7aise pour le lobby europ\u00e9en des femmes (Clef),&nbsp;<\/strong>Coordination mobile accueil orientation Lille M\u00e9tropole (CMAO),<strong>&nbsp;Coordination nationale des comit\u00e9s de d\u00e9fense des h\u00f4pitaux et maternit\u00e9s de proximit\u00e9, Coordination nationale Pas sans nous, Copainville,&nbsp; Culture XXI,&nbsp;<\/strong>Cultures du c\u0153ur 82<strong>, D\u00e9fense des enfants international \u2013 France (DEI-France), Droit au logement (Dal), Droits ici et l\u00e0-bas (Diel), Droits d\u2019urgence,&nbsp;<\/strong>Ecofestival Ca marche Parthenay,<strong>&nbsp;Emma\u00fcs International, Emma\u00fcs France,&nbsp;<\/strong>Emma\u00fcs Roya<strong>, Emma\u00fcs Solidarit\u00e9, Enfance et musique, Ethnoart, Exod, Extinction Rebellion France,&nbsp;<\/strong>Fas Bretagne, Fas Paca Corse, Fas Pays de la Loire,&nbsp;<strong>F\u00e9d\u00e9ration Addiction, F\u00e9d\u00e9ration Artisans du monde, F\u00e9d\u00e9ration des associations g\u00e9n\u00e9rales \u00e9tudiantes (Fage), F\u00e9d\u00e9ration des mutuelles de France, F\u00e9d\u00e9ration des Tunisiens pour une citoyennet\u00e9 des deux rives (FTCR),&nbsp;<\/strong>F\u00e9d\u00e9ration Etorkinekin Diakit\u00e9<strong>, F\u00e9d\u00e9ration ind\u00e9pendante et d\u00e9mocratique lyc\u00e9enne (Fidl), F\u00e9d\u00e9ration internationale pour les droits humains (FIDH), F\u00e9d\u00e9ration nationale des arts de la rue, F\u00e9d\u00e9ration nationale des Centres d\u2019information sur les droits des femmes et des familles (CIDFF)<\/strong>,&nbsp;<strong>F\u00e9d\u00e9ration nationale des associations solidaires d\u2019action avec les Tsiganes et les gens du voyage (Fnasat-Gens du voyage), &nbsp;F\u00e9d\u00e9ration nationale des Francas, F\u00e9d\u00e9ration nationale des Samu sociaux (FNSS),&nbsp;<\/strong>F\u00e9d\u00e9ration r\u00e9gionale des maisons des jeunes et de la culture Bretagne \u2013 Pays de la Loire,<strong>&nbsp;F\u00e9d\u00e9ration sportive et gymnique du travail (FSGT), Femmes Egalit\u00e9, Femmes plurielles, Foodwatch France, Fondation Copernic, Fondation Danielle Mitterrand, Fondation des femmes,&nbsp;<\/strong>Foyer Accueil chartrain<strong>, Fran\u00e7ais Langue d\u2019accueil (FLA), France Am\u00e9rique latine, France Fraternit\u00e9s,&nbsp;<\/strong>France Libert\u00e9s Gironde<strong>, France terre d\u2019asile, Fr\u00e8res des Hommes, Futurs compos\u00e9s \u2013 r\u00e9seau national de la cr\u00e9ation musicale, G\u00e9n\u00e9rations Futures, Generation for rights over the world (GROW), Golem,&nbsp;<\/strong>Grains de pollen<strong>, Groupe associatif PoleS, Groupe d\u2019information et de soutien des immigr\u00e9-es (Gisti),&nbsp;<\/strong>Habitat alternatif social<strong>, Home, Home Protestant,&nbsp;<\/strong>H\u00f4tel social 93<strong>, Human Dignity, Humanity Diaspo, Ing\u00e9nieurs sans fronti\u00e8res France,&nbsp;<\/strong>Interlogement 93<strong>,&nbsp;<\/strong>Jardin de cocagne nantais,&nbsp;<strong>Juives et Juifs r\u00e9volutionnaires (JJR), JRS France,&nbsp;<\/strong>Kimb\u00e9 R\u00e8d F.W.I.,&nbsp;<strong>L\u2019Assembl\u00e9e citoyenne des originaires de Turquie (L\u2019Acort), La Communaut\u00e9 ivoirienne de la Gr\u00e8ce, La Cloche, La Jeune Garde,&nbsp;<\/strong>La main tendue, La maison clinquante, La Ressourcerie de Bi\u00e8vre Valloire<strong>, &nbsp;Latitude Marionnette,&nbsp;<\/strong>Le Cercle Besan\u00e7on<strong>, Le Mouton num\u00e9rique, Le Mouvement de la paix, Le Mouvement des r\u00e9gies, Les amis de la Terre France, Les amoureux au ban public, Les convivialistes, Les midis du Mie, Les petits d\u00e9brouillards,&nbsp;<\/strong>Les P\u00e9trolettes<strong>, Les Poussi\u00e8res, Ligue de l\u2019enseignement, Ligue des femmes iraniennes pour la d\u00e9mocratie (LFID), L\u2019Union \u00e9tudiante,&nbsp;<\/strong>MAHRA \u2013 Le Toit, MAPEmonde<strong>, M\u00e9decins du Monde,&nbsp;<\/strong>Migraction 59<strong>, Mission d\u2019aide au d\u00e9veloppement des \u00e9conomies rurales en Afghanistan (Madera),<\/strong>&nbsp;<strong>Mouvement pour une alternative non-violente (Man), Mouvement du Nid, Mouvement Utopia,&nbsp;<\/strong>Mutuelle des pays de Vaucluse<strong>, Observatoire international des prisons \u2013 section fran\u00e7aise (OIP), &nbsp;Ocellia, Oppelia,&nbsp;<\/strong>Pascalnet,&nbsp;<strong>Pas de b\u00e9b\u00e9s \u00e0 la consigne, PasserElles buissonni\u00e8res, Paris d\u2019exil,&nbsp;<\/strong>Pantin solidaire<strong>, Patron.nes solidaires, People\u2019s Health Movement France, PLACE Network,&nbsp;<\/strong>Planning familial du Nord<strong>, Plateforme des ONG fran\u00e7aises pour la Palestine, Polaris 14,&nbsp;<\/strong>Provence M\u00e9moire mouvement ouvrier (Prom\u00e9mo),&nbsp;<strong>Quartiers du monde,&nbsp;<\/strong>Queers uni.e.s de Bretagne (QuB), Rassemblement citoyen Viva \u2013 Nice<strong>,&nbsp;<\/strong>R\u00e9seau associatif pour le d\u00e9veloppement et la solidarit\u00e9 internationale Nouvelle-Aquitaine (Radsi NA),&nbsp;<strong>R\u00e9seau d\u2019actions contre l\u2019antis\u00e9mitisme et tous les racismes (Raar), R\u00e9seau \u00e9co-syndicaliste (Res), R\u00e9seau Education sans fronti\u00e8res (RESF), R\u00e9seau \u00e9tudiant pour une soci\u00e9t\u00e9 \u00e9cologique et solidaire (Reses), R\u00e9seau euro-maghr\u00e9bin citoyennet\u00e9 et culture (REMCC), R\u00e9seau Euromed France (Ref), R\u00e9seau national cultures et \u00e9ducation (RNCE), Ripostes \u2013 Pour une coordination antifasciste,&nbsp;<\/strong>Romeurope 94, Roya citoyenne,<strong>&nbsp;SOL \u2013 Alternatives Agro\u00e9cologiques et Solidaires, Solidarit\u00e9 La\u00efque, Soliha,&nbsp;<\/strong>Syndicat national de l\u2019ensemble des personnels de l\u2019administration p\u00e9nitentiaire-FSU Ile-de-France (Snepap-FSU IDF),&nbsp;<strong>Syndicat national des journalistes (SNJ), Syndicat national des m\u00e9decins de PMI (SNMPMI), Syndicat national lyc\u00e9en (SNL), Syndicat national unitaire des assistants sociaux de la fonction publique-FSU (Snuasfp-FSU), Syndicat national unitaire des instituteurs, professeurs des \u00e9coles et PEGC-FSU (SNUipp-FSU), Syndicat unitaire des personnels des administrations parisiennes-FSU (Supap-FSU), Syndicat national unitaire des personnels de direction de l\u2019Education nationale 33 (Snupden 33), Tous migrants, Une autre voix juive (UAVJ), Union des \u00e9tudiants exil\u00e9s (UEE), Un jour la paix, Union juive fran\u00e7aise pour la paix, Union nationale des \u00e9tudiants de France (Unef), Union nationale interf\u00e9d\u00e9rale des \u0153uvres et organismes priv\u00e9s non lucratifs sanitaires et sociaux (Uniopss), Union syndicale lyc\u00e9enne (USL), Union syndicale de la psychiatrie, Unis pour le climat et la biodiversit\u00e9, Universit\u00e9 &amp; R\u00e9fugi\u00e9.e.s, Utopia 56, Vigilance et initiatives syndicales antifascistes (Visa), VoxPublic, YES Akademia, Zero Waste France, #jesuisl\u00e0<\/strong><\/p>\n\n\n\n<p><strong>&nbsp;<\/strong><em>Paris, le 12 juin 2024<\/em><\/p>\n\n\n\n<p>FONTE : <a href=\"https:\/\/www.ldh-france.org\/extreme-droite-pour-un-front-commun-des-forces-progressistes\/\">LDH site<\/a><\/p>\n","protected":false},"excerpt":{"rendered":"<p>Ideias favor\u00e1veis \u00e0 constitui\u00e7\u00e3o de uma Nova Frente Popular nos bairros ganha for\u00e7a no 11\u00ba&#8230;<\/p>\n","protected":false},"author":2,"featured_media":12023,"comment_status":"open","ping_status":"open","sticky":true,"template":"","format":"standard","meta":{"sfsi_plus_gutenberg_text_before_share":"","sfsi_plus_gutenberg_show_text_before_share":"","sfsi_plus_gutenberg_icon_type":"","sfsi_plus_gutenberg_icon_alignemt":"","sfsi_plus_gutenburg_max_per_row":"","ngg_post_thumbnail":0,"footnotes":""},"categories":[238,555,236,317],"tags":[556],"featured_image_urls":{"full":["https:\/\/nsf.pt\/wp-content\/uploads\/2024\/06\/la-haine-1.jpg",706,372,false],"thumbnail":["https:\/\/nsf.pt\/wp-content\/uploads\/2024\/06\/la-haine-1-150x150.jpg",150,150,true],"medium":["https:\/\/nsf.pt\/wp-content\/uploads\/2024\/06\/la-haine-1-300x158.jpg",300,158,true],"medium_large":["https:\/\/nsf.pt\/wp-content\/uploads\/2024\/06\/la-haine-1.jpg",640,337,false],"large":["https:\/\/nsf.pt\/wp-content\/uploads\/2024\/06\/la-haine-1.jpg",640,337,false],"1536x1536":["https:\/\/nsf.pt\/wp-content\/uploads\/2024\/06\/la-haine-1.jpg",706,372,false],"2048x2048":["https:\/\/nsf.pt\/wp-content\/uploads\/2024\/06\/la-haine-1.jpg",706,372,false],"covernews-slider-full":["https:\/\/nsf.pt\/wp-content\/uploads\/2024\/06\/la-haine-1.jpg",706,372,false],"covernews-slider-center":["https:\/\/nsf.pt\/wp-content\/uploads\/2024\/06\/la-haine-1.jpg",706,372,false],"covernews-featured":["https:\/\/nsf.pt\/wp-content\/uploads\/2024\/06\/la-haine-1.jpg",706,372,false],"covernews-medium":["https:\/\/nsf.pt\/wp-content\/uploads\/2024\/06\/la-haine-1-540x340.jpg",540,340,true],"covernews-medium-square":["https:\/\/nsf.pt\/wp-content\/uploads\/2024\/06\/la-haine-1-400x250.jpg",400,250,true]},"author_info":{"info":["Carlos Ribeiro"]},"category_info":"<a href=\"https:\/\/nsf.pt\/index.php\/category\/destaque\/\" rel=\"category tag\">DESTAQUE<\/a> <a href=\"https:\/\/nsf.pt\/index.php\/category\/franca\/\" rel=\"category tag\">FRAN\u00c7A<\/a> <a href=\"https:\/\/nsf.pt\/index.php\/category\/mundo\/\" rel=\"category tag\">MUNDO<\/a> <a href=\"https:\/\/nsf.pt\/index.php\/category\/noticias\/\" rel=\"category tag\">NOTICIAS<\/a>","tag_info":"NOTICIAS","comment_count":"0","_links":{"self":[{"href":"https:\/\/nsf.pt\/index.php\/wp-json\/wp\/v2\/posts\/12017"}],"collection":[{"href":"https:\/\/nsf.pt\/index.php\/wp-json\/wp\/v2\/posts"}],"about":[{"href":"https:\/\/nsf.pt\/index.php\/wp-json\/wp\/v2\/types\/post"}],"author":[{"embeddable":true,"href":"https:\/\/nsf.pt\/index.php\/wp-json\/wp\/v2\/users\/2"}],"replies":[{"embeddable":true,"href":"https:\/\/nsf.pt\/index.php\/wp-json\/wp\/v2\/comments?post=12017"}],"version-history":[{"count":3,"href":"https:\/\/nsf.pt\/index.php\/wp-json\/wp\/v2\/posts\/12017\/revisions"}],"predecessor-version":[{"id":12025,"href":"https:\/\/nsf.pt\/index.php\/wp-json\/wp\/v2\/posts\/12017\/revisions\/12025"}],"wp:featuredmedia":[{"embeddable":true,"href":"https:\/\/nsf.pt\/index.php\/wp-json\/wp\/v2\/media\/12023"}],"wp:attachment":[{"href":"https:\/\/nsf.pt\/index.php\/wp-json\/wp\/v2\/media?parent=12017"}],"wp:term":[{"taxonomy":"category","embeddable":true,"href":"https:\/\/nsf.pt\/index.php\/wp-json\/wp\/v2\/categories?post=12017"},{"taxonomy":"post_tag","embeddable":true,"href":"https:\/\/nsf.pt\/index.php\/wp-json\/wp\/v2\/tags?post=12017"}],"curies":[{"name":"wp","href":"https:\/\/api.w.org\/{rel}","templated":true}]}}