{"id":12048,"date":"2024-06-20T18:17:02","date_gmt":"2024-06-20T18:17:02","guid":{"rendered":"https:\/\/nsf.pt\/?p=12048"},"modified":"2024-06-20T18:44:46","modified_gmt":"2024-06-20T18:44:46","slug":"palhacos-sem-fronteiras-missao-marrocos-2024","status":"publish","type":"post","link":"https:\/\/nsf.pt\/index.php\/2024\/06\/20\/palhacos-sem-fronteiras-missao-marrocos-2024\/","title":{"rendered":"PALHA\u00c7OS SEM FRONTEIRAS  &#8211; Miss\u00e3o Marrocos 2024"},"content":{"rendered":"\n<h2 class=\"wp-block-heading\">Dez dias na regi\u00e3o de Marraquexe &#8211; Safi [1]<\/h2>\n\n\n<div class=\"wp-block-post-date\"><time datetime=\"2024-06-20T18:17:02+00:00\">20 de Junho, 2024<\/time><\/div>\n\n\n<p><strong>A Miss\u00e3o Marrocos 2024 insere-se nas a\u00e7\u00f5es-tipo da Rede Internacional Palha\u00e7os Sem Fronteiras cujo  objetivo \u00e9 fazer chegar assist\u00eancia ao trauma, atrav\u00e9s da arte, a pessoas, nomeadamente crian\u00e7as, em situa\u00e7\u00e3o de grande vulnerabilidade social.<\/strong><\/p>\n\n\n\n<p>Durante 10 dias ser\u00e3o realizados espet\u00e1culos e oficinas na regi\u00e3o de Marraquexe-Safi, zona afetada pelo sismo que ocorreu em Setembro de 2023.<\/p>\n\n\n\n<p class=\"has-text-align-center\">O sismo Marraquexe-Safi [<a href=\"https:\/\/www.publico.pt\/2023\/09\/08\/mundo\/noticia\/sismo-abala-marrocos-sentido-portugal-2062753\">Not\u00edcia do<\/a> P\u00fablico] <strong>foi um abalo s\u00edsmico de magnitude 6,8, na escala de magnitude de momento, que atingiu a regi\u00e3o de Marraquexe-Safim e regi\u00f5es vizinhas, em&nbsp;Marrocos, \u00e0s 23:11 locais (22h11 UTC) de 8 de setembro de 2023.<\/strong><\/p>\n\n\n\n<p>As artistas @palhacamarmita e @eva_ribeiro_clown juntam-se \u00e0 equipa dos @payasossinfronteras Espanha para este maravilhoso projeto.<\/p>\n\n\n\n<div style=\"height:31px\" aria-hidden=\"true\" class=\"wp-block-spacer\"><\/div>\n\n\n\n<figure class=\"wp-block-gallery has-nested-images columns-default is-cropped wp-block-gallery-1 is-layout-flex wp-block-gallery-is-layout-flex\">\n<figure class=\"wp-block-image size-large\"><img decoding=\"async\" loading=\"lazy\" width=\"1024\" height=\"503\" data-id=\"12059\" src=\"https:\/\/nsf.pt\/wp-content\/uploads\/2024\/06\/eva3-1024x503.jpg\" alt=\"\" class=\"wp-image-12059\" srcset=\"https:\/\/nsf.pt\/wp-content\/uploads\/2024\/06\/eva3-1024x503.jpg 1024w, https:\/\/nsf.pt\/wp-content\/uploads\/2024\/06\/eva3-300x147.jpg 300w, https:\/\/nsf.pt\/wp-content\/uploads\/2024\/06\/eva3-768x378.jpg 768w, https:\/\/nsf.pt\/wp-content\/uploads\/2024\/06\/eva3.jpg 1436w\" sizes=\"(max-width: 1024px) 100vw, 1024px\" \/><\/figure>\n<\/figure>\n\n\n\n<p class=\"has-text-align-center\">@palhacamarmita e @eva_ribeiro_clown \u00e0 partida para Marrocos<\/p>\n","protected":false},"excerpt":{"rendered":"<p>Dez dias na regi\u00e3o de Marraquexe &#8211; Safi [1] A Miss\u00e3o Marrocos 2024 insere-se nas&#8230;<\/p>\n","protected":false},"author":2,"featured_media":12059,"comment_status":"open","ping_status":"open","sticky":true,"template":"","format":"standard","meta":{"sfsi_plus_gutenberg_text_before_share":"","sfsi_plus_gutenberg_show_text_before_share":"","sfsi_plus_gutenberg_icon_type":"","sfsi_plus_gutenberg_icon_alignemt":"","sfsi_plus_gutenburg_max_per_row":"","ngg_post_thumbnail":0,"footnotes":""},"categories":[238,437],"tags":[558],"featured_image_urls":{"full":["https:\/\/nsf.pt\/wp-content\/uploads\/2024\/06\/eva3.jpg",1436,706,false],"thumbnail":["https:\/\/nsf.pt\/wp-content\/uploads\/2024\/06\/eva3-150x150.jpg",150,150,true],"medium":["https:\/\/nsf.pt\/wp-content\/uploads\/2024\/06\/eva3-300x147.jpg",300,147,true],"medium_large":["https:\/\/nsf.pt\/wp-content\/uploads\/2024\/06\/eva3-768x378.jpg",640,315,true],"large":["https:\/\/nsf.pt\/wp-content\/uploads\/2024\/06\/eva3-1024x503.jpg",640,314,true],"1536x1536":["https:\/\/nsf.pt\/wp-content\/uploads\/2024\/06\/eva3.jpg",1436,706,false],"2048x2048":["https:\/\/nsf.pt\/wp-content\/uploads\/2024\/06\/eva3.jpg",1436,706,false],"covernews-slider-full":["https:\/\/nsf.pt\/wp-content\/uploads\/2024\/06\/eva3-1115x706.jpg",1115,706,true],"covernews-slider-center":["https:\/\/nsf.pt\/wp-content\/uploads\/2024\/06\/eva3-800x500.jpg",800,500,true],"covernews-featured":["https:\/\/nsf.pt\/wp-content\/uploads\/2024\/06\/eva3-1024x503.jpg",1024,503,true],"covernews-medium":["https:\/\/nsf.pt\/wp-content\/uploads\/2024\/06\/eva3-540x340.jpg",540,340,true],"covernews-medium-square":["https:\/\/nsf.pt\/wp-content\/uploads\/2024\/06\/eva3-400x250.jpg",400,250,true]},"author_info":{"info":["Carlos Ribeiro"]},"category_info":"<a href=\"https:\/\/nsf.pt\/index.php\/category\/destaque\/\" rel=\"category tag\">DESTAQUE<\/a> <a href=\"https:\/\/nsf.pt\/index.php\/category\/palhacos-sem-fronteiras\/\" rel=\"category tag\">PALHA\u00c7OS SEM FRONTEIRAS<\/a>","tag_info":"PALHA\u00c7OS SEM FRONTEIRAS","comment_count":"0","_links":{"self":[{"href":"https:\/\/nsf.pt\/index.php\/wp-json\/wp\/v2\/posts\/12048"}],"collection":[{"href":"https:\/\/nsf.pt\/index.php\/wp-json\/wp\/v2\/posts"}],"about":[{"href":"https:\/\/nsf.pt\/index.php\/wp-json\/wp\/v2\/types\/post"}],"author":[{"embeddable":true,"href":"https:\/\/nsf.pt\/index.php\/wp-json\/wp\/v2\/users\/2"}],"replies":[{"embeddable":true,"href":"https:\/\/nsf.pt\/index.php\/wp-json\/wp\/v2\/comments?post=12048"}],"version-history":[{"count":8,"href":"https:\/\/nsf.pt\/index.php\/wp-json\/wp\/v2\/posts\/12048\/revisions"}],"predecessor-version":[{"id":12060,"href":"https:\/\/nsf.pt\/index.php\/wp-json\/wp\/v2\/posts\/12048\/revisions\/12060"}],"wp:featuredmedia":[{"embeddable":true,"href":"https:\/\/nsf.pt\/index.php\/wp-json\/wp\/v2\/media\/12059"}],"wp:attachment":[{"href":"https:\/\/nsf.pt\/index.php\/wp-json\/wp\/v2\/media?parent=12048"}],"wp:term":[{"taxonomy":"category","embeddable":true,"href":"https:\/\/nsf.pt\/index.php\/wp-json\/wp\/v2\/categories?post=12048"},{"taxonomy":"post_tag","embeddable":true,"href":"https:\/\/nsf.pt\/index.php\/wp-json\/wp\/v2\/tags?post=12048"}],"curies":[{"name":"wp","href":"https:\/\/api.w.org\/{rel}","templated":true}]}}