{"id":12138,"date":"2024-07-03T10:47:51","date_gmt":"2024-07-03T10:47:51","guid":{"rendered":"https:\/\/nsf.pt\/?p=12138"},"modified":"2024-07-03T10:48:47","modified_gmt":"2024-07-03T10:48:47","slug":"nova-buga-em-aveiro","status":"publish","type":"post","link":"https:\/\/nsf.pt\/index.php\/2024\/07\/03\/nova-buga-em-aveiro\/","title":{"rendered":"Nova Buga em Aveiro"},"content":{"rendered":"\n<p><mark style=\"background-color:rgba(0, 0, 0, 0)\" class=\"has-inline-color has-vivid-red-color\"><strong>TRANSI\u00c7\u00d5ES<\/strong><\/mark> &#8211; Apontamento de Jos\u00e9 Carlos Mota [Aveiro]<\/p>\n\n\n\n<p>A nova BUGA faz por estes dias um ano de vida e usei-a hoje pela primeira vez. Gostei. O sistema \u00e9 f\u00e1cil de utilizar e as docas est\u00e3o localizadas em pontos estrat\u00e9gicos da cidade o que permite ligar as origens e os destinos mais frequentes. A viagem at\u00e9 meia hora custa 10 c\u00eantimos (utilizadores fidelizados), que foi o que paguei da Esta\u00e7\u00e3o CF at\u00e9 \u00e0s Glic\u00ednias. Se fosse de UBER pagaria 3,5 euros. Portanto, compensa usar a bicicleta. Infelizmente, o sistema s\u00f3 funciona das 8 da manh\u00e3 \u00e0s 8 da noite.<\/p>\n\n\n\n<div style=\"height:28px\" aria-hidden=\"true\" class=\"wp-block-spacer\"><\/div>\n\n\n\n<figure class=\"wp-block-gallery has-nested-images columns-default is-cropped wp-block-gallery-1 is-layout-flex wp-block-gallery-is-layout-flex\">\n<figure class=\"wp-block-image size-large\"><img decoding=\"async\" loading=\"lazy\" width=\"1024\" height=\"567\" data-id=\"12139\" src=\"https:\/\/nsf.pt\/wp-content\/uploads\/2024\/07\/buga-1024x567.jpg\" alt=\"\" class=\"wp-image-12139\" srcset=\"https:\/\/nsf.pt\/wp-content\/uploads\/2024\/07\/buga-1024x567.jpg 1024w, https:\/\/nsf.pt\/wp-content\/uploads\/2024\/07\/buga-300x166.jpg 300w, https:\/\/nsf.pt\/wp-content\/uploads\/2024\/07\/buga-768x426.jpg 768w, https:\/\/nsf.pt\/wp-content\/uploads\/2024\/07\/buga.jpg 1200w\" sizes=\"(max-width: 1024px) 100vw, 1024px\" \/><\/figure>\n<\/figure>\n\n\n\n<p class=\"has-text-align-center\">A nova Buga em Aveiro <\/p>\n\n\n\n<div style=\"height:21px\" aria-hidden=\"true\" class=\"wp-block-spacer\"><\/div>\n\n\n\n<p>O <a href=\"https:\/\/buga.cm-aveiro.pt\/\"><code>site do projeto<\/code><\/a> fornece dados da utiliza\u00e7\u00e3o. Est\u00e3o registado 8.005 utilizadores que percorreram nestes 12 meses cerca de 1.735 km. Provavelmente nem todos utilizadores fizeram as 20.072 viagens registadas. Fazendo alguns c\u00e1lculos, as 136 bicicletas dispon\u00edveis fizeram em m\u00e9dia 12km num ano, 1km\/m\u00eas, o que n\u00e3o \u00e9 muito.<\/p>\n\n\n\n<p>Seria importante mobilizar os atores ligados \u00e0 promo\u00e7\u00e3o da bicicleta para aumentar a taxa de utiliza\u00e7\u00e3o duma marca importante da cidade que a projeta h\u00e1 mais de 20 anos em v\u00e1rios cantos do mundo.<\/p>\n\n\n\n<p><strong>Jos\u00e9 Carlos Mota <\/strong>&#8211; Professor universit\u00e1rio; ativista cidadania ativa e transi\u00e7\u00e3o justa. AVEIRO<\/p>\n","protected":false},"excerpt":{"rendered":"<p>TRANSI\u00c7\u00d5ES &#8211; Apontamento de Jos\u00e9 Carlos Mota [Aveiro] A nova BUGA faz por estes dias&#8230;<\/p>\n","protected":false},"author":2,"featured_media":12139,"comment_status":"open","ping_status":"open","sticky":true,"template":"","format":"standard","meta":{"sfsi_plus_gutenberg_text_before_share":"","sfsi_plus_gutenberg_show_text_before_share":"","sfsi_plus_gutenberg_icon_type":"","sfsi_plus_gutenberg_icon_alignemt":"","sfsi_plus_gutenburg_max_per_row":"","ngg_post_thumbnail":0,"footnotes":""},"categories":[238,446],"tags":[564],"featured_image_urls":{"full":["https:\/\/nsf.pt\/wp-content\/uploads\/2024\/07\/buga.jpg",1200,665,false],"thumbnail":["https:\/\/nsf.pt\/wp-content\/uploads\/2024\/07\/buga-150x150.jpg",150,150,true],"medium":["https:\/\/nsf.pt\/wp-content\/uploads\/2024\/07\/buga-300x166.jpg",300,166,true],"medium_large":["https:\/\/nsf.pt\/wp-content\/uploads\/2024\/07\/buga-768x426.jpg",640,355,true],"large":["https:\/\/nsf.pt\/wp-content\/uploads\/2024\/07\/buga-1024x567.jpg",640,354,true],"1536x1536":["https:\/\/nsf.pt\/wp-content\/uploads\/2024\/07\/buga.jpg",1200,665,false],"2048x2048":["https:\/\/nsf.pt\/wp-content\/uploads\/2024\/07\/buga.jpg",1200,665,false],"covernews-slider-full":["https:\/\/nsf.pt\/wp-content\/uploads\/2024\/07\/buga-1115x665.jpg",1115,665,true],"covernews-slider-center":["https:\/\/nsf.pt\/wp-content\/uploads\/2024\/07\/buga-800x500.jpg",800,500,true],"covernews-featured":["https:\/\/nsf.pt\/wp-content\/uploads\/2024\/07\/buga-1024x567.jpg",1024,567,true],"covernews-medium":["https:\/\/nsf.pt\/wp-content\/uploads\/2024\/07\/buga-540x340.jpg",540,340,true],"covernews-medium-square":["https:\/\/nsf.pt\/wp-content\/uploads\/2024\/07\/buga-400x250.jpg",400,250,true]},"author_info":{"info":["Carlos Ribeiro"]},"category_info":"<a href=\"https:\/\/nsf.pt\/index.php\/category\/destaque\/\" rel=\"category tag\">DESTAQUE<\/a> <a href=\"https:\/\/nsf.pt\/index.php\/category\/transicoes\/\" rel=\"category tag\">TRANSI\u00c7\u00d5ES<\/a>","tag_info":"TRANSI\u00c7\u00d5ES","comment_count":"0","_links":{"self":[{"href":"https:\/\/nsf.pt\/index.php\/wp-json\/wp\/v2\/posts\/12138"}],"collection":[{"href":"https:\/\/nsf.pt\/index.php\/wp-json\/wp\/v2\/posts"}],"about":[{"href":"https:\/\/nsf.pt\/index.php\/wp-json\/wp\/v2\/types\/post"}],"author":[{"embeddable":true,"href":"https:\/\/nsf.pt\/index.php\/wp-json\/wp\/v2\/users\/2"}],"replies":[{"embeddable":true,"href":"https:\/\/nsf.pt\/index.php\/wp-json\/wp\/v2\/comments?post=12138"}],"version-history":[{"count":4,"href":"https:\/\/nsf.pt\/index.php\/wp-json\/wp\/v2\/posts\/12138\/revisions"}],"predecessor-version":[{"id":12143,"href":"https:\/\/nsf.pt\/index.php\/wp-json\/wp\/v2\/posts\/12138\/revisions\/12143"}],"wp:featuredmedia":[{"embeddable":true,"href":"https:\/\/nsf.pt\/index.php\/wp-json\/wp\/v2\/media\/12139"}],"wp:attachment":[{"href":"https:\/\/nsf.pt\/index.php\/wp-json\/wp\/v2\/media?parent=12138"}],"wp:term":[{"taxonomy":"category","embeddable":true,"href":"https:\/\/nsf.pt\/index.php\/wp-json\/wp\/v2\/categories?post=12138"},{"taxonomy":"post_tag","embeddable":true,"href":"https:\/\/nsf.pt\/index.php\/wp-json\/wp\/v2\/tags?post=12138"}],"curies":[{"name":"wp","href":"https:\/\/api.w.org\/{rel}","templated":true}]}}