{"id":12205,"date":"2024-07-07T20:32:43","date_gmt":"2024-07-07T20:32:43","guid":{"rendered":"https:\/\/nsf.pt\/?p=12205"},"modified":"2024-07-07T20:32:45","modified_gmt":"2024-07-07T20:32:45","slug":"que-bela-surpresa","status":"publish","type":"post","link":"https:\/\/nsf.pt\/index.php\/2024\/07\/07\/que-bela-surpresa\/","title":{"rendered":"Que bela surpresa!"},"content":{"rendered":"\n<h2 class=\"wp-block-heading\">Nova Frente Popular \u00e0 frente nos resultados eleitorais em Fran\u00e7a<\/h2>\n\n\n<div class=\"wp-block-post-date\"><time datetime=\"2024-07-07T20:32:43+00:00\">7 de Julho, 2024<\/time><\/div>\n\n\n<h3 class=\"wp-block-heading\">Entretanto j\u00e1 come\u00e7ou a press\u00e3o das direitas para que a NFP seja secundarizada nas futuras solu\u00e7\u00f5es de governo. <\/h3>\n\n\n\n<div style=\"height:23px\" aria-hidden=\"true\" class=\"wp-block-spacer\"><\/div>\n\n\n\n<figure class=\"wp-block-gallery has-nested-images columns-default is-cropped wp-block-gallery-1 is-layout-flex wp-block-gallery-is-layout-flex\">\n<figure class=\"wp-block-image size-large\"><img decoding=\"async\" loading=\"lazy\" width=\"994\" height=\"551\" data-id=\"12207\" src=\"https:\/\/nsf.pt\/wp-content\/uploads\/2024\/07\/euters.jpg\" alt=\"\" class=\"wp-image-12207\" srcset=\"https:\/\/nsf.pt\/wp-content\/uploads\/2024\/07\/euters.jpg 994w, https:\/\/nsf.pt\/wp-content\/uploads\/2024\/07\/euters-300x166.jpg 300w, https:\/\/nsf.pt\/wp-content\/uploads\/2024\/07\/euters-768x426.jpg 768w\" sizes=\"(max-width: 994px) 100vw, 994px\" \/><\/figure>\n<\/figure>\n\n\n\n<p class=\"has-text-align-center\">Militantes LFI festejam os resultados alcan\u00e7ados Photo Yara.Nardi- Reuters<\/p>\n\n\n\n<div style=\"height:28px\" aria-hidden=\"true\" class=\"wp-block-spacer\"><\/div>\n\n\n\n<p>Os resultados s\u00e3o esclarecedores quanto a quest\u00f5es fundamentais. A maioria do povo franc\u00eas rejeitou a hip\u00f3tese de ter a Uni\u00e3o Nacional [Rassemblement National] a exercer fun\u00e7\u00f5es governativas e, num &#8220;sobressalto republicano&#8221;, deu a maioria [apesar de relativa] \u00e0s solu\u00e7\u00f5es que se constitu\u00edram como uma barreira \u00e0 extrema-direita populista.<\/p>\n\n\n\n<p><\/p>\n\n\n\n<h2 class=\"wp-block-heading\">Respiramos de al\u00edvio<\/h2>\n\n\n\n<p>As primeiras rea\u00e7\u00f5es do lado dos ativistas que deram corpo ao movimento em torno da Nova Frente Popular foi a de exprimir uma sensa\u00e7\u00e3o de al\u00edvio. <strong>&#8220;Agora sim, estamos a respirar, mas isso n\u00e3o quer dizer que os problemas que estivemos a enfrentar estejam resolvido<\/strong>s&#8221; admitem numa opini\u00e3o quase paradoxal.<\/p>\n\n\n\n<p><strong>&#8220;Nas sondagens mais recentes a hip\u00f3tese da NSF ser a for\u00e7a pol\u00edtica mais votada j\u00e1 aparecia timidamente. Mas n\u00f3s n\u00e3o nos quer\u00edamos deixar embalar em discursos demasiado otimistas ou at\u00e9 triunfalistas. Mas, a verdade \u00e9 que as orienta\u00e7\u00f5es de voto para a segunda volta funcionaram lindamente<\/strong>&#8221; confessam esses ativistas.<\/p>\n\n\n\n<p><\/p>\n\n\n\n<h2 class=\"wp-block-heading\">Credibilidade da extrema-direita saiu enfraquecida<\/h2>\n\n\n\n<p>Uma coisa \u00e9 certa o projeto pol\u00edtico da extrema-direita sofreu um grande golpe na sua credibilidade. Durante a campanha eleitoral j\u00e1 anunciavam ministros e consideram a vit\u00f3ria como garantida. Mas confirmou-se que h\u00e1 muito de verniz e de simula\u00e7\u00e3o no discurso dos protagonistas da extrema-direita radical.<\/p>\n\n\n\n<p>Agora todos os representantes dos partidos do centro-direita e das diversas direitas apontam para uma ideia-for\u00e7a comum: o Presidente Macron deveria secundarizar os resultados da Nova Frente Popular na equa\u00e7\u00e3o das solu\u00e7\u00f5es de governo para, antes de mais, impedir que algumas medidas imediatas de mudan\u00e7a e que uma n\u00famero muito elevado de franceses sancionou como essenciais, sejam postas em pr\u00e1tica nos diversos campos da economia, da ecologia e da solidariedade social.<\/p>\n\n\n\n<p>&#8220;Nunca estivemos numa situa\u00e7\u00e3o deste tipo em Fran\u00e7a. N\u00e3o h\u00e1 tradi\u00e7\u00e3o nem h\u00e1bitos pol\u00edticos de gest\u00e3o desta surpreendente correla\u00e7\u00e3o de for\u00e7as. Vamos ver como ser\u00e3o considerados os resultados eleitorais nos aspetos pol\u00edticos e institucionais&#8221; esclarecem a quente alguns ativistas que pressentem as dificuldades futuras. <\/p>\n\n\n\n<p>O primeiro-ministro em fun\u00e7\u00f5es j\u00e1 afirmou que vai apresentar a sua demiss\u00e3o, mas afirmou ao mesmo tempo que est\u00e1 dispon\u00edvel para continuar no cargo. Veremos como agir\u00e1 Macron nos pr\u00f3ximos dias.<\/p>\n\n\n\n<h2 class=\"wp-block-heading\">Resultados<\/h2>\n\n\n\n<p>Numa estratifica\u00e7\u00e3o da vota\u00e7\u00e3o pode ser adiantado o seguinte:  do lado da Nova Frente Popular, a LFI [France Insoumise] obt\u00e9m segundo as tend\u00eancias iniciais entre 69 a 75 lugares, o PS de 59 a 65 lugares, os ecologistas de 32 a 36 lugares e o PCF  11 lugares. Entre os macronistas, o Renaissance obt\u00e9m 96 a 102 lugares, o MoDem 32 a 35 lugares e o Horizons 24 a 26 lugares.<\/p>\n","protected":false},"excerpt":{"rendered":"<p>Nova Frente Popular \u00e0 frente nos resultados eleitorais em Fran\u00e7a Entretanto j\u00e1 come\u00e7ou a press\u00e3o&#8230;<\/p>\n","protected":false},"author":2,"featured_media":12207,"comment_status":"open","ping_status":"open","sticky":false,"template":"","format":"standard","meta":{"sfsi_plus_gutenberg_text_before_share":"","sfsi_plus_gutenberg_show_text_before_share":"","sfsi_plus_gutenberg_icon_type":"","sfsi_plus_gutenberg_icon_alignemt":"","sfsi_plus_gutenburg_max_per_row":"","ngg_post_thumbnail":0,"footnotes":""},"categories":[238,236],"tags":[530,568],"featured_image_urls":{"full":["https:\/\/nsf.pt\/wp-content\/uploads\/2024\/07\/euters.jpg",994,551,false],"thumbnail":["https:\/\/nsf.pt\/wp-content\/uploads\/2024\/07\/euters-150x150.jpg",150,150,true],"medium":["https:\/\/nsf.pt\/wp-content\/uploads\/2024\/07\/euters-300x166.jpg",300,166,true],"medium_large":["https:\/\/nsf.pt\/wp-content\/uploads\/2024\/07\/euters-768x426.jpg",640,355,true],"large":["https:\/\/nsf.pt\/wp-content\/uploads\/2024\/07\/euters.jpg",640,355,false],"1536x1536":["https:\/\/nsf.pt\/wp-content\/uploads\/2024\/07\/euters.jpg",994,551,false],"2048x2048":["https:\/\/nsf.pt\/wp-content\/uploads\/2024\/07\/euters.jpg",994,551,false],"covernews-slider-full":["https:\/\/nsf.pt\/wp-content\/uploads\/2024\/07\/euters.jpg",994,551,false],"covernews-slider-center":["https:\/\/nsf.pt\/wp-content\/uploads\/2024\/07\/euters-800x500.jpg",800,500,true],"covernews-featured":["https:\/\/nsf.pt\/wp-content\/uploads\/2024\/07\/euters.jpg",994,551,false],"covernews-medium":["https:\/\/nsf.pt\/wp-content\/uploads\/2024\/07\/euters-540x340.jpg",540,340,true],"covernews-medium-square":["https:\/\/nsf.pt\/wp-content\/uploads\/2024\/07\/euters-400x250.jpg",400,250,true]},"author_info":{"info":["Carlos Ribeiro"]},"category_info":"<a href=\"https:\/\/nsf.pt\/index.php\/category\/destaque\/\" rel=\"category tag\">DESTAQUE<\/a> <a href=\"https:\/\/nsf.pt\/index.php\/category\/mundo\/\" rel=\"category tag\">MUNDO<\/a>","tag_info":"MUNDO","comment_count":"0","_links":{"self":[{"href":"https:\/\/nsf.pt\/index.php\/wp-json\/wp\/v2\/posts\/12205"}],"collection":[{"href":"https:\/\/nsf.pt\/index.php\/wp-json\/wp\/v2\/posts"}],"about":[{"href":"https:\/\/nsf.pt\/index.php\/wp-json\/wp\/v2\/types\/post"}],"author":[{"embeddable":true,"href":"https:\/\/nsf.pt\/index.php\/wp-json\/wp\/v2\/users\/2"}],"replies":[{"embeddable":true,"href":"https:\/\/nsf.pt\/index.php\/wp-json\/wp\/v2\/comments?post=12205"}],"version-history":[{"count":1,"href":"https:\/\/nsf.pt\/index.php\/wp-json\/wp\/v2\/posts\/12205\/revisions"}],"predecessor-version":[{"id":12208,"href":"https:\/\/nsf.pt\/index.php\/wp-json\/wp\/v2\/posts\/12205\/revisions\/12208"}],"wp:featuredmedia":[{"embeddable":true,"href":"https:\/\/nsf.pt\/index.php\/wp-json\/wp\/v2\/media\/12207"}],"wp:attachment":[{"href":"https:\/\/nsf.pt\/index.php\/wp-json\/wp\/v2\/media?parent=12205"}],"wp:term":[{"taxonomy":"category","embeddable":true,"href":"https:\/\/nsf.pt\/index.php\/wp-json\/wp\/v2\/categories?post=12205"},{"taxonomy":"post_tag","embeddable":true,"href":"https:\/\/nsf.pt\/index.php\/wp-json\/wp\/v2\/tags?post=12205"}],"curies":[{"name":"wp","href":"https:\/\/api.w.org\/{rel}","templated":true}]}}