{"id":12327,"date":"2024-09-18T20:26:51","date_gmt":"2024-09-18T20:26:51","guid":{"rendered":"https:\/\/nsf.pt\/?p=12327"},"modified":"2024-11-05T19:09:33","modified_gmt":"2024-11-05T19:09:33","slug":"e-mesmo-a-economia","status":"publish","type":"post","link":"https:\/\/nsf.pt\/index.php\/2024\/09\/18\/e-mesmo-a-economia\/","title":{"rendered":"\u00c9 mesmo a economia"},"content":{"rendered":"\n<h2 class=\"wp-block-heading\">As desigualdades criadas entre classes e regi\u00f5es ao longo de mais de duas \u00faltimas d\u00e9cadas mant\u00eam um n\u00edvel muito elevado<\/h2>\n\n\n<div class=\"wp-block-post-date\"><time datetime=\"2024-09-18T20:26:51+00:00\">18 de Setembro, 2024<\/time><\/div>\n\n\n<h2 class=\"wp-block-heading\">DOSSIER &#8211; Elei\u00e7\u00f5es nos EUA<\/h2>\n\n\n\n<h3 class=\"wp-block-heading\">Por Francisco Melro<\/h3>\n\n\n\n<p><strong>O discurso de Kamala contra Trump em defesa das liberdades, contra o \u00f3dio e o racismo ultra-reaccion\u00e1rios, pr\u00f3-fascistas not\u00f3rios e alarves, est\u00e1 a revelar-se insuficiente para assegurar a vit\u00f3ria dos democratas. A divis\u00e3o de meio por meio subsiste no conjunto do Pa\u00eds, incluindo em Estados historicamente industrializados onde os democratas sempre ganharam. <\/strong><\/p>\n\n\n\n<div style=\"height:17px\" aria-hidden=\"true\" class=\"wp-block-spacer\"><\/div>\n\n\n\n<figure class=\"wp-block-gallery has-nested-images columns-default is-cropped wp-block-gallery-1 is-layout-flex wp-block-gallery-is-layout-flex\">\n<figure class=\"wp-block-image size-large\"><img decoding=\"async\" loading=\"lazy\" width=\"1024\" height=\"649\" data-id=\"12377\" src=\"https:\/\/nsf.pt\/wp-content\/uploads\/2024\/09\/eua-1-1024x649.jpg\" alt=\"\" class=\"wp-image-12377\" srcset=\"https:\/\/nsf.pt\/wp-content\/uploads\/2024\/09\/eua-1-1024x649.jpg 1024w, https:\/\/nsf.pt\/wp-content\/uploads\/2024\/09\/eua-1-300x190.jpg 300w, https:\/\/nsf.pt\/wp-content\/uploads\/2024\/09\/eua-1-768x486.jpg 768w, https:\/\/nsf.pt\/wp-content\/uploads\/2024\/09\/eua-1.jpg 1061w\" sizes=\"(max-width: 1024px) 100vw, 1024px\" \/><\/figure>\n<\/figure>\n\n\n\n<div style=\"height:30px\" aria-hidden=\"true\" class=\"wp-block-spacer\"><\/div>\n\n\n\n<p>As pol\u00edticas de Reagan e mais acentuadamente a globaliza\u00e7\u00e3o criaram uma enorme clivagem social na Am\u00e9rica, com as classes de menores rendimentos em perda continuada, em termos relativos e em termos reais, de poder de compra. As classes e regi\u00f5es que mais sofreram pela perda de empregos, de rendimentos e de retrocesso geral de bem-estar t\u00eam associado a fonte dos seus problemas aos democratas que governaram a Am\u00e9rica no per\u00edodo da globaliza\u00e7\u00e3o, aos Clinton e aos Obamas e ao seu conv\u00edvio com as elites dos grandes centros que mais lucraram com os novos rumos da Am\u00e9rica. Esta situa\u00e7\u00e3o foi ligeiramente corrigida entre 2015 e 2020 mas a pandemia gerou um novo retrocesso nesta tend\u00eancia. Por puro azar dos T\u00e1voras, este pequeno per\u00edodo de correc\u00e7\u00e3o da situa\u00e7\u00e3o coincidiu com a Administra\u00e7\u00e3o Trump e o da pandemia com a Administra\u00e7\u00e3o Biden. <\/p>\n\n\n\n<blockquote class=\"wp-block-quote\">\n<p>Ser\u00e1 por isso que, nas sondagens de opini\u00e3o, os americanos persistem em dizer que Trump \u00e9 mais competente do que os democratas na gest\u00e3o econ\u00f3mica?<\/p>\n<\/blockquote>\n\n\n\n<p>A economia americana recuperou na p\u00f3s-pandemia, criando empregos e controlando a infla\u00e7\u00e3o, mas os pre\u00e7os que a infla\u00e7\u00e3o fez subir persistem em n\u00edveis muito elevados, penalizando sobretudo o poder de compra dos rendimentos das classes mais baixas. Os dados censit\u00e1rios referentes aos anos de 2022 e de 2023 revelam uma melhoria dos rendimentos reais das classes mais baixas, retomando estes o n\u00edvel de &nbsp;2020, acima j\u00e1 do n\u00edvel alcan\u00e7ado em 2000, o que significa que as medidas de Biden para combater os efeitos recessivos e inflacionistas da pandemia come\u00e7am a dar frutos. \u00c9 prov\u00e1vel que esta tend\u00eancia de melhoria esteja a continuar em 2024, tendo em conta a continua\u00e7\u00e3o da evolu\u00e7\u00e3o positiva do emprego e dos sal\u00e1rios reais durante o corrente ano. <\/p>\n\n\n\n<blockquote class=\"wp-block-quote\">\n<p>Mas as desigualdades criadas entre classes e regi\u00f5es ao longo de mais de duas \u00faltimas d\u00e9cadas mant\u00eam um n\u00edvel muito elevado, pr\u00f3ximo dos pa\u00edses menos desenvolvidos, atenuando o impacto social destas recentes melhorias econ\u00f3micas da Administra\u00e7\u00e3o Biden.<\/p>\n<\/blockquote>\n\n\n\n<p>\u00c9 neste estado da economia e da realidade social que os americanos v\u00e3o a elei\u00e7\u00f5es, com o risco s\u00e9rio de um pr\u00f3-fascista ganhar as elei\u00e7\u00f5es.<\/p>\n\n\n\n<p>Apresento em baixo alguns gr\u00e1ficos (dados de base oficiais dos Estados Unidos, US Census Bureau) que expressam as clivagens sociais existentes na Am\u00e9rica. S\u00f3 existem publicados dados oficiais at\u00e9 2023.<\/p>\n\n\n\n<p>O primeiro gr\u00e1fico representa o r\u00e1cio entre o rendimento m\u00e9dio dos 40% de maiores rendimentos e o rendimento m\u00e9dio dos 40% de menores rendimentos. Passou de 4,4 vezes no final da d\u00e9cada de 60 para 5,2 vezes no in\u00edcio da d\u00e9cada de 90, situando-se em 6,5 vezes em 2023, um n\u00edvel similar ao de antes da pandemia.<\/p>\n\n\n\n<div style=\"height:17px\" aria-hidden=\"true\" class=\"wp-block-spacer\"><\/div>\n\n\n\n<figure class=\"wp-block-image size-full\"><img decoding=\"async\" loading=\"lazy\" width=\"664\" height=\"419\" src=\"https:\/\/nsf.pt\/wp-content\/uploads\/2024\/09\/grafico-1.jpg\" alt=\"\" class=\"wp-image-12328\" srcset=\"https:\/\/nsf.pt\/wp-content\/uploads\/2024\/09\/grafico-1.jpg 664w, https:\/\/nsf.pt\/wp-content\/uploads\/2024\/09\/grafico-1-300x189.jpg 300w, https:\/\/nsf.pt\/wp-content\/uploads\/2024\/09\/grafico-1-540x340.jpg 540w\" sizes=\"(max-width: 664px) 100vw, 664px\" \/><\/figure>\n\n\n\n<div style=\"height:26px\" aria-hidden=\"true\" class=\"wp-block-spacer\"><\/div>\n\n\n\n<p>Estas disparidades tornam-se mais expressivas quando comparamos os rendimentos mais elevados com os rendimentos mais baixos.&nbsp; O rendimento m\u00e9dio dos 20% de maiores rendimentos era no in\u00edcio da d\u00e9cada de 70 cerca de 10,2 vezes o do rendimento m\u00e9dio dos 20% de menores rendimentos, disparando para 16,8 vezes no final de 2023. O rendimento m\u00e9dio dos 5% mais ricos passou, no mesmo per\u00edodo, de 15,6 vezes para 29,8 vezes do rendimento m\u00e9dio dos 20% de menores rendimentos.<\/p>\n\n\n\n<div style=\"height:25px\" aria-hidden=\"true\" class=\"wp-block-spacer\"><\/div>\n\n\n\n<figure class=\"wp-block-image size-full\"><img decoding=\"async\" loading=\"lazy\" width=\"694\" height=\"462\" src=\"https:\/\/nsf.pt\/wp-content\/uploads\/2024\/09\/grafico-2.jpg\" alt=\"\" class=\"wp-image-12329\" srcset=\"https:\/\/nsf.pt\/wp-content\/uploads\/2024\/09\/grafico-2.jpg 694w, https:\/\/nsf.pt\/wp-content\/uploads\/2024\/09\/grafico-2-300x200.jpg 300w\" sizes=\"(max-width: 694px) 100vw, 694px\" \/><\/figure>\n\n\n\n<div style=\"height:23px\" aria-hidden=\"true\" class=\"wp-block-spacer\"><\/div>\n\n\n\n<p>Poderia ter acontecido que, apesar de n\u00e3o terem acompanhado o crescimento dos rendimentos dos mais ricos, os rendimentos dos mais pobres tamb\u00e9m tivessem crescido, embora menos. Ora tal s\u00f3 aconteceu at\u00e9 ao in\u00edcio da globaliza\u00e7\u00e3o e entre 2015 e 2020, ou seja, neste \u00faltimo per\u00edodo, durante a governa\u00e7\u00e3o Trump.<\/p>\n\n\n\n<p>Em termos reais, usando d\u00f3lares de 2023 para calcular os rendimentos de cada ano, os rendimentos m\u00e9dios mais baixos, 20% mais baixos (<em>lowest fifth<\/em> no gr\u00e1fico em baixo), caem de um \u00edndice de 100 em 2000 para apenas 86,5% em 2014 e apesar da recupera\u00e7\u00e3o posterior, situavam-se ainda num \u00edndice de 104,2 em 2023, tendo sido os mais penalizados pelo per\u00edodo da pandemia. Note-se que tanto o quintil dos rendimentos m\u00e9dios entre os 20% e 40% (<em>second fifth<\/em> no gr\u00e1fico em baixo), como o quintil dos rendimentos m\u00e9dios entre os 40% e os 60% (<em>middle fifth<\/em> no gr\u00e1fico em baixo) sofreram tamb\u00e9m importantes quebras reais entre 2000 e 2015, embora menos acentuadas do que os dos baixos rendimentos, mas que recuperaram &nbsp;posteriormente at\u00e9 ao final de 2023 para n\u00edveis &nbsp;reais superiores aos de 2000.<\/p>\n\n\n\n<div style=\"height:17px\" aria-hidden=\"true\" class=\"wp-block-spacer\"><\/div>\n\n\n\n<figure class=\"wp-block-image size-full\"><img decoding=\"async\" loading=\"lazy\" width=\"644\" height=\"413\" src=\"https:\/\/nsf.pt\/wp-content\/uploads\/2024\/09\/grafico-3.jpg\" alt=\"\" class=\"wp-image-12330\" srcset=\"https:\/\/nsf.pt\/wp-content\/uploads\/2024\/09\/grafico-3.jpg 644w, https:\/\/nsf.pt\/wp-content\/uploads\/2024\/09\/grafico-3-300x192.jpg 300w\" sizes=\"(max-width: 644px) 100vw, 644px\" \/><\/figure>\n\n\n\n<div style=\"height:27px\" aria-hidden=\"true\" class=\"wp-block-spacer\"><\/div>\n\n\n\n<p>Leituras distintas podem ser tiradas para a evolu\u00e7\u00e3o dos rendimentos reais, d\u00f3lares constantes de 2023 para cada ano, para as classes de maiores rendimentos, rendimentos m\u00e9dios entre os dos 60% e os dos 80% (<em>fourth fifth<\/em> no gr\u00e1fico), rendimentos entre os dos 80% e os dos 100% (<em>highest fifth<\/em>)&nbsp; e os do <em>top 5 per cent<\/em> que mantiveram rendimentos m\u00e9dios reais relativamente est\u00e1veis entre 2000 e 2014 mas que subiram sensivelmente at\u00e9 ao final de 2023 para n\u00edveis reais bastante superiores aos de 2000.<\/p>\n\n\n\n<div style=\"height:28px\" aria-hidden=\"true\" class=\"wp-block-spacer\"><\/div>\n\n\n\n<figure class=\"wp-block-image size-full\"><img decoding=\"async\" loading=\"lazy\" width=\"653\" height=\"429\" src=\"https:\/\/nsf.pt\/wp-content\/uploads\/2024\/09\/grafico-4.jpg\" alt=\"\" class=\"wp-image-12331\" srcset=\"https:\/\/nsf.pt\/wp-content\/uploads\/2024\/09\/grafico-4.jpg 653w, https:\/\/nsf.pt\/wp-content\/uploads\/2024\/09\/grafico-4-300x197.jpg 300w\" sizes=\"(max-width: 653px) 100vw, 653px\" \/><\/figure>\n\n\n\n<div style=\"height:22px\" aria-hidden=\"true\" class=\"wp-block-spacer\"><\/div>\n\n\n\n<p>O \u00edndice&nbsp; de Gini (que varia entre 0 e 1, em que 0 identifica uma distribui\u00e7\u00e3o igualit\u00e1ria e 1 identifica uma desigualdade extrema) quando aplicado ao c\u00e1lculo das desigualdades na distribui\u00e7\u00e3o do rendimento das fam\u00edlias dos EUA (c\u00e1lculos oficiais americanos, US Census Bureau) revela uma subida significativa acentuada, atingindo nos \u00faltimos anos n\u00edveis similares aos verificados em sociedades menos desenvolvidas, por exemplo, da Am\u00e9rica Latina. A pandemia agravou as desigualdades, com um \u00edndice historicamente alto em 2021, e a ligeira correc\u00e7\u00e3o p\u00f3s-pand\u00e9mica manteve esse \u00edndice num n\u00edvel muito elevado.<\/p>\n\n\n\n<figure class=\"wp-block-image size-full\"><img decoding=\"async\" loading=\"lazy\" width=\"663\" height=\"441\" src=\"https:\/\/nsf.pt\/wp-content\/uploads\/2024\/09\/grafico-5.jpg\" alt=\"\" class=\"wp-image-12332\" srcset=\"https:\/\/nsf.pt\/wp-content\/uploads\/2024\/09\/grafico-5.jpg 663w, https:\/\/nsf.pt\/wp-content\/uploads\/2024\/09\/grafico-5-300x200.jpg 300w\" sizes=\"(max-width: 663px) 100vw, 663px\" \/><\/figure>\n\n\n\n<div style=\"height:21px\" aria-hidden=\"true\" class=\"wp-block-spacer\"><\/div>\n\n\n\n<p>Esta ligeira correc\u00e7\u00e3o das desigualdades estar\u00e1 a continuar em 2024, dada a evolu\u00e7\u00e3o positiva entretanto registada pelo emprego e pelos sal\u00e1rios reais nos EUA. O emprego n\u00e3o agr\u00edcola subiu significativamente at\u00e9 ao final de Agosto de 2024, enquanto a taxa de desemprego estabilizava em torno de 4,5% no final de Agosto.<\/p>\n\n\n\n<figure class=\"wp-block-image size-full\"><img decoding=\"async\" loading=\"lazy\" width=\"628\" height=\"417\" src=\"https:\/\/nsf.pt\/wp-content\/uploads\/2024\/09\/grafico-6.jpg\" alt=\"\" class=\"wp-image-12333\" srcset=\"https:\/\/nsf.pt\/wp-content\/uploads\/2024\/09\/grafico-6.jpg 628w, https:\/\/nsf.pt\/wp-content\/uploads\/2024\/09\/grafico-6-300x199.jpg 300w\" sizes=\"(max-width: 628px) 100vw, 628px\" \/><\/figure>\n\n\n\n<div style=\"height:26px\" aria-hidden=\"true\" class=\"wp-block-spacer\"><\/div>\n\n\n\n<p>Entretanto os sal\u00e1rios hor\u00e1rios no sector privado dos USA voltaram a subir mais do que a infla\u00e7\u00e3o a partir do in\u00edcio de 2022, mantendo este comportamento at\u00e9 Agosto de 2024, \u00faltima informa\u00e7\u00e3o dispon\u00edvel.<\/p>\n\n\n\n<figure class=\"wp-block-image size-full\"><img decoding=\"async\" loading=\"lazy\" width=\"658\" height=\"411\" src=\"https:\/\/nsf.pt\/wp-content\/uploads\/2024\/09\/grafico-7.jpg\" alt=\"\" class=\"wp-image-12334\" srcset=\"https:\/\/nsf.pt\/wp-content\/uploads\/2024\/09\/grafico-7.jpg 658w, https:\/\/nsf.pt\/wp-content\/uploads\/2024\/09\/grafico-7-300x187.jpg 300w, https:\/\/nsf.pt\/wp-content\/uploads\/2024\/09\/grafico-7-400x250.jpg 400w\" sizes=\"(max-width: 658px) 100vw, 658px\" \/><\/figure>\n\n\n\n<div style=\"height:25px\" aria-hidden=\"true\" class=\"wp-block-spacer\"><\/div>\n\n\n\n<h2 class=\"wp-block-heading has-text-align-center\">Francisco Melro &#8211; Economista<\/h2>\n\n\n\n<figure class=\"wp-block-image aligncenter size-full is-resized\"><img decoding=\"async\" loading=\"lazy\" width=\"651\" height=\"473\" src=\"https:\/\/nsf.pt\/wp-content\/uploads\/2022\/03\/melro-2.jpg\" alt=\"\" class=\"wp-image-5340\" style=\"aspect-ratio:1.3763213530655392;width:279px;height:auto\" srcset=\"https:\/\/nsf.pt\/wp-content\/uploads\/2022\/03\/melro-2.jpg 651w, https:\/\/nsf.pt\/wp-content\/uploads\/2022\/03\/melro-2-300x218.jpg 300w\" sizes=\"(max-width: 651px) 100vw, 651px\" \/><\/figure>\n","protected":false},"excerpt":{"rendered":"<p>As desigualdades criadas entre classes e regi\u00f5es ao longo de mais de duas \u00faltimas d\u00e9cadas&#8230;<\/p>\n","protected":false},"author":2,"featured_media":12335,"comment_status":"open","ping_status":"open","sticky":true,"template":"","format":"standard","meta":{"sfsi_plus_gutenberg_text_before_share":"","sfsi_plus_gutenberg_show_text_before_share":"","sfsi_plus_gutenberg_icon_type":"","sfsi_plus_gutenberg_icon_alignemt":"","sfsi_plus_gutenburg_max_per_row":"","ngg_post_thumbnail":0,"footnotes":""},"categories":[238,174,239,455],"tags":[155],"featured_image_urls":{"full":["https:\/\/nsf.pt\/wp-content\/uploads\/2024\/09\/eua.jpg",1061,672,false],"thumbnail":["https:\/\/nsf.pt\/wp-content\/uploads\/2024\/09\/eua-150x150.jpg",150,150,true],"medium":["https:\/\/nsf.pt\/wp-content\/uploads\/2024\/09\/eua-300x190.jpg",300,190,true],"medium_large":["https:\/\/nsf.pt\/wp-content\/uploads\/2024\/09\/eua-768x486.jpg",640,405,true],"large":["https:\/\/nsf.pt\/wp-content\/uploads\/2024\/09\/eua-1024x649.jpg",640,406,true],"1536x1536":["https:\/\/nsf.pt\/wp-content\/uploads\/2024\/09\/eua.jpg",1061,672,false],"2048x2048":["https:\/\/nsf.pt\/wp-content\/uploads\/2024\/09\/eua.jpg",1061,672,false],"covernews-slider-full":["https:\/\/nsf.pt\/wp-content\/uploads\/2024\/09\/eua.jpg",1061,672,false],"covernews-slider-center":["https:\/\/nsf.pt\/wp-content\/uploads\/2024\/09\/eua-800x500.jpg",800,500,true],"covernews-featured":["https:\/\/nsf.pt\/wp-content\/uploads\/2024\/09\/eua-1024x649.jpg",1024,649,true],"covernews-medium":["https:\/\/nsf.pt\/wp-content\/uploads\/2024\/09\/eua-540x340.jpg",540,340,true],"covernews-medium-square":["https:\/\/nsf.pt\/wp-content\/uploads\/2024\/09\/eua-400x250.jpg",400,250,true]},"author_info":{"info":["Carlos Ribeiro"]},"category_info":"<a href=\"https:\/\/nsf.pt\/index.php\/category\/destaque\/\" rel=\"category tag\">DESTAQUE<\/a> <a href=\"https:\/\/nsf.pt\/index.php\/category\/especial-sf\/dossies\/\" rel=\"category tag\">DOSSI\u00caS<\/a> <a href=\"https:\/\/nsf.pt\/index.php\/category\/especial-sf\/\" rel=\"category tag\">ESPECIAL-SF<\/a> <a href=\"https:\/\/nsf.pt\/index.php\/category\/tribuna-2\/\" rel=\"category tag\">TRIBUNA<\/a>","tag_info":"TRIBUNA","comment_count":"0","_links":{"self":[{"href":"https:\/\/nsf.pt\/index.php\/wp-json\/wp\/v2\/posts\/12327"}],"collection":[{"href":"https:\/\/nsf.pt\/index.php\/wp-json\/wp\/v2\/posts"}],"about":[{"href":"https:\/\/nsf.pt\/index.php\/wp-json\/wp\/v2\/types\/post"}],"author":[{"embeddable":true,"href":"https:\/\/nsf.pt\/index.php\/wp-json\/wp\/v2\/users\/2"}],"replies":[{"embeddable":true,"href":"https:\/\/nsf.pt\/index.php\/wp-json\/wp\/v2\/comments?post=12327"}],"version-history":[{"count":3,"href":"https:\/\/nsf.pt\/index.php\/wp-json\/wp\/v2\/posts\/12327\/revisions"}],"predecessor-version":[{"id":12378,"href":"https:\/\/nsf.pt\/index.php\/wp-json\/wp\/v2\/posts\/12327\/revisions\/12378"}],"wp:featuredmedia":[{"embeddable":true,"href":"https:\/\/nsf.pt\/index.php\/wp-json\/wp\/v2\/media\/12335"}],"wp:attachment":[{"href":"https:\/\/nsf.pt\/index.php\/wp-json\/wp\/v2\/media?parent=12327"}],"wp:term":[{"taxonomy":"category","embeddable":true,"href":"https:\/\/nsf.pt\/index.php\/wp-json\/wp\/v2\/categories?post=12327"},{"taxonomy":"post_tag","embeddable":true,"href":"https:\/\/nsf.pt\/index.php\/wp-json\/wp\/v2\/tags?post=12327"}],"curies":[{"name":"wp","href":"https:\/\/api.w.org\/{rel}","templated":true}]}}