{"id":12407,"date":"2024-09-28T09:49:50","date_gmt":"2024-09-28T09:49:50","guid":{"rendered":"https:\/\/nsf.pt\/?p=12407"},"modified":"2024-09-28T09:59:26","modified_gmt":"2024-09-28T09:59:26","slug":"12407","status":"publish","type":"post","link":"https:\/\/nsf.pt\/index.php\/2024\/09\/28\/12407\/","title":{"rendered":"Enfrentar interesses imobili\u00e1rios e financeiros"},"content":{"rendered":"\n<h2 class=\"wp-block-heading\">Pelo direito \u00e0 habita\u00e7\u00e3o manifesta\u00e7\u00f5es em 22 cidades<\/h2>\n\n\n<div class=\"wp-block-post-date\"><time datetime=\"2024-09-28T09:49:50+00:00\">28 de Setembro, 2024<\/time><\/div>\n\n\n<p>Casa para Viver, hoje de novo na rua. A base da convocat\u00f3ria para as manifesta\u00e7\u00f5es de hoje est\u00e1 inscrita na Plataforma e pretende pressionar os eleitos na Assembleia da Rep\u00fablica a agirem em favor de quem precisa de habita\u00e7\u00e3o para viver. <\/p>\n\n\n\n<div style=\"height:15px\" aria-hidden=\"true\" class=\"wp-block-spacer\"><\/div>\n\n\n\n<figure class=\"wp-block-gallery has-nested-images columns-default is-cropped wp-block-gallery-1 is-layout-flex wp-block-gallery-is-layout-flex\">\n<figure class=\"wp-block-image size-large\"><img decoding=\"async\" loading=\"lazy\" width=\"865\" height=\"417\" data-id=\"12408\" src=\"https:\/\/nsf.pt\/wp-content\/uploads\/2024\/09\/casa3.jpg\" alt=\"\" class=\"wp-image-12408\" srcset=\"https:\/\/nsf.pt\/wp-content\/uploads\/2024\/09\/casa3.jpg 865w, https:\/\/nsf.pt\/wp-content\/uploads\/2024\/09\/casa3-300x145.jpg 300w, https:\/\/nsf.pt\/wp-content\/uploads\/2024\/09\/casa3-768x370.jpg 768w\" sizes=\"(max-width: 865px) 100vw, 865px\" \/><\/figure>\n<\/figure>\n\n\n\n<p class=\"has-text-align-center\">Manifesta\u00e7\u00f5es ter\u00e3o in\u00edcio, na sua maioria, \u00e0s 15h<\/p>\n\n\n\n<p><\/p>\n\n\n\n<p>&#8220;Com o novo governo PSD-CDS, e uma maioria de direita, s\u00e3o os promotores privados que lucram com a crise da habita\u00e7\u00e3o. Um Alojamento Local novamente sem barreiras, a manuten\u00e7\u00e3o do regime dos Residentes N\u00e3o Habituais e a recupera\u00e7\u00e3o dos Vistos Gold \u2014 ou Investimentos Solid\u00e1rios, como lhes chamam agora \u2014, fazem das cidades verdadeiros parques de divers\u00e3o para quem pratica a especula\u00e7\u00e3o imobili\u00e1ria e rentista.<\/p>\n\n\n\n<h3 class=\"wp-block-heading\">Est\u00e1 na altura de voltar \u00e0 rua e exigir a deputadas e deputados que tenham a coragem para enfrentar interesses imobili\u00e1rios e financeiros, dia 28 de Setembro, juntem-se a n\u00f3s!&#8221;<\/h3>\n\n\n\n<h2 class=\"wp-block-heading\">Manifesta\u00e7\u00f5es programadas para hoje<\/h2>\n\n\n\n<p><\/p>\n\n\n\n<p>10h \u2014 Portalegre (Bairro do Atalai\u00e3o)<br>10h \u2014 Beja (Jardim do Bacalhau)<br>10h \u2014 Vila Nova de Santo Andr\u00e9<\/p>\n\n\n\n<p>10h30 \u2014 Almada (Esta\u00e7\u00e3o de Almada \u2014 metro)<br>10h30 \u2014 \u00c9vora (Mercado 1.\u00ba Maio)<\/p>\n\n\n\n<p>11h \u2014 Funchal (Assembleia Legislativa)<\/p>\n\n\n\n<p>15h \u2014 Lisboa (Alameda)<br>15h \u2014 Coimbra (Largo da Portagem)<br>15h \u2014 Covilh\u00e3 (Pelourinho)<br>15h \u2014 Faro (Jardim Manuel B\u00edvar)<br>15h \u2014 Guarda (Pra\u00e7a do munic\u00edpio)<br>15h \u2014 Porto (Pra\u00e7a da Batalha)<br>15h \u2014 Viseu (Rua Formosa)<br>15h \u2014 Guimar\u00e3es (Coreto do Jardim da Alameda)<br>15h \u2014 Aveiro (Pra\u00e7a Dr. Joaquim Melo Freitas)<br>15h \u2014 Portim\u00e3o (Largo 1.\u00ba Dezembro)<br>15h \u2014 Lagos (Traseiras da Adega da Marina)<br>15h \u2014 Santar\u00e9m (Loja do Cidad\u00e3o)<br>15h \u2014 A\u00e7ores (Ponta Delgada \u2014 Portas da Cidade)<br>15h \u2014 Viana do Castelo (Urbaniza\u00e7\u00e3o Capit\u00e3es de Abril)<\/p>\n\n\n\n<p>15h30 \u2014 Braga (Coreto)<\/p>\n\n\n\n<p>16h \u2014 Leiria (Fonte Luminosa)<\/p>\n\n\n\n<p>Fonte: Plataforma Casa para Viver<\/p>\n","protected":false},"excerpt":{"rendered":"<p>Pelo direito \u00e0 habita\u00e7\u00e3o manifesta\u00e7\u00f5es em 22 cidades Casa para Viver, hoje de novo na&#8230;<\/p>\n","protected":false},"author":2,"featured_media":12408,"comment_status":"open","ping_status":"open","sticky":true,"template":"","format":"standard","meta":{"sfsi_plus_gutenberg_text_before_share":"","sfsi_plus_gutenberg_show_text_before_share":"","sfsi_plus_gutenberg_icon_type":"","sfsi_plus_gutenberg_icon_alignemt":"","sfsi_plus_gutenburg_max_per_row":"","ngg_post_thumbnail":0,"footnotes":""},"categories":[489,238,447],"tags":[574],"featured_image_urls":{"full":["https:\/\/nsf.pt\/wp-content\/uploads\/2024\/09\/casa3.jpg",865,417,false],"thumbnail":["https:\/\/nsf.pt\/wp-content\/uploads\/2024\/09\/casa3-150x150.jpg",150,150,true],"medium":["https:\/\/nsf.pt\/wp-content\/uploads\/2024\/09\/casa3-300x145.jpg",300,145,true],"medium_large":["https:\/\/nsf.pt\/wp-content\/uploads\/2024\/09\/casa3-768x370.jpg",640,308,true],"large":["https:\/\/nsf.pt\/wp-content\/uploads\/2024\/09\/casa3.jpg",640,309,false],"1536x1536":["https:\/\/nsf.pt\/wp-content\/uploads\/2024\/09\/casa3.jpg",865,417,false],"2048x2048":["https:\/\/nsf.pt\/wp-content\/uploads\/2024\/09\/casa3.jpg",865,417,false],"covernews-slider-full":["https:\/\/nsf.pt\/wp-content\/uploads\/2024\/09\/casa3.jpg",865,417,false],"covernews-slider-center":["https:\/\/nsf.pt\/wp-content\/uploads\/2024\/09\/casa3-800x417.jpg",800,417,true],"covernews-featured":["https:\/\/nsf.pt\/wp-content\/uploads\/2024\/09\/casa3.jpg",865,417,false],"covernews-medium":["https:\/\/nsf.pt\/wp-content\/uploads\/2024\/09\/casa3-540x340.jpg",540,340,true],"covernews-medium-square":["https:\/\/nsf.pt\/wp-content\/uploads\/2024\/09\/casa3-400x250.jpg",400,250,true]},"author_info":{"info":["Carlos Ribeiro"]},"category_info":"<a href=\"https:\/\/nsf.pt\/index.php\/category\/agir\/\" rel=\"category tag\">AGIR<\/a> <a href=\"https:\/\/nsf.pt\/index.php\/category\/destaque\/\" rel=\"category tag\">DESTAQUE<\/a> <a href=\"https:\/\/nsf.pt\/index.php\/category\/movimentos\/\" rel=\"category tag\">MOVIMENTOS<\/a>","tag_info":"MOVIMENTOS","comment_count":"0","_links":{"self":[{"href":"https:\/\/nsf.pt\/index.php\/wp-json\/wp\/v2\/posts\/12407"}],"collection":[{"href":"https:\/\/nsf.pt\/index.php\/wp-json\/wp\/v2\/posts"}],"about":[{"href":"https:\/\/nsf.pt\/index.php\/wp-json\/wp\/v2\/types\/post"}],"author":[{"embeddable":true,"href":"https:\/\/nsf.pt\/index.php\/wp-json\/wp\/v2\/users\/2"}],"replies":[{"embeddable":true,"href":"https:\/\/nsf.pt\/index.php\/wp-json\/wp\/v2\/comments?post=12407"}],"version-history":[{"count":2,"href":"https:\/\/nsf.pt\/index.php\/wp-json\/wp\/v2\/posts\/12407\/revisions"}],"predecessor-version":[{"id":12410,"href":"https:\/\/nsf.pt\/index.php\/wp-json\/wp\/v2\/posts\/12407\/revisions\/12410"}],"wp:featuredmedia":[{"embeddable":true,"href":"https:\/\/nsf.pt\/index.php\/wp-json\/wp\/v2\/media\/12408"}],"wp:attachment":[{"href":"https:\/\/nsf.pt\/index.php\/wp-json\/wp\/v2\/media?parent=12407"}],"wp:term":[{"taxonomy":"category","embeddable":true,"href":"https:\/\/nsf.pt\/index.php\/wp-json\/wp\/v2\/categories?post=12407"},{"taxonomy":"post_tag","embeddable":true,"href":"https:\/\/nsf.pt\/index.php\/wp-json\/wp\/v2\/tags?post=12407"}],"curies":[{"name":"wp","href":"https:\/\/api.w.org\/{rel}","templated":true}]}}