{"id":12550,"date":"2024-10-15T17:29:13","date_gmt":"2024-10-15T17:29:13","guid":{"rendered":"https:\/\/nsf.pt\/?p=12550"},"modified":"2024-10-15T22:47:43","modified_gmt":"2024-10-15T22:47:43","slug":"ribeiro-dos-santos","status":"publish","type":"post","link":"https:\/\/nsf.pt\/index.php\/2024\/10\/15\/ribeiro-dos-santos\/","title":{"rendered":"Ribeiro dos Santos"},"content":{"rendered":"\n<h2 class=\"wp-block-heading\">OPINI\u00c3O &#8211; H\u00e1 52 anos assassinaram Jos\u00e9 Ribeiro Santos<\/h2>\n\n\n<div class=\"wp-block-post-date\"><time datetime=\"2024-10-15T17:29:13+00:00\">15 de Outubro, 2024<\/time><\/div>\n\n\n<h3 class=\"wp-block-heading\">Foi meu amigo e colega na Faculdade de Direito de Lisboa. Particip\u00e1mos nas lutas acad\u00e9micas. Fizemos parte das listas para a Associa\u00e7\u00e3o de Estudantes da Faculdade de Direito. Foi pela sua m\u00e3o que entrei para uma c\u00e9lula clandestina do MRPP. Mais tarde havia de me afastar deste partido, mas isso agora n\u00e3o importa.<\/h3>\n\n\n\n<div style=\"height:21px\" aria-hidden=\"true\" class=\"wp-block-spacer\"><\/div>\n\n\n\n<figure class=\"wp-block-image size-full is-resized\"><img decoding=\"async\" loading=\"lazy\" width=\"640\" height=\"562\" src=\"https:\/\/nsf.pt\/wp-content\/uploads\/2024\/10\/MJT4.jpg\" alt=\"\" class=\"wp-image-12561\" style=\"aspect-ratio:1.0463157894736843;width:204px;height:auto\" srcset=\"https:\/\/nsf.pt\/wp-content\/uploads\/2024\/10\/MJT4.jpg 640w, https:\/\/nsf.pt\/wp-content\/uploads\/2024\/10\/MJT4-300x263.jpg 300w\" sizes=\"(max-width: 640px) 100vw, 640px\" \/><\/figure>\n\n\n\n<h3 class=\"wp-block-heading\">Por Maria Jorgete Teixeira<\/h3>\n\n\n\n<div style=\"height:31px\" aria-hidden=\"true\" class=\"wp-block-spacer\"><\/div>\n\n\n\n<p>O Jos\u00e9 era um l\u00edder am\u00e1vel e bem disposto. Lembro-me dele a cantarolar enquanto a velha impressora da Associa\u00e7\u00e3o de Estudantes de Medicina lan\u00e7ava comunicados contra a guerra colonial. Aqueles que comigo viveram esse tempo de luta, de escurid\u00e3o e de medo devem lembrar-se do ru\u00eddo caracter\u00edstico, dos pap\u00e9is impressos a stencil, das m\u00e3os borradas de tinta. \u00cdamos para Medicina porque a Associa\u00e7\u00e3o de Estudantes de Direito tinha sido encerrada.<\/p>\n\n\n\n<p>Lembro-me do Jos\u00e9 Ribeiro Santos a entoar uma can\u00e7\u00e3o do seu &#8220;glorioso&#8221; : &#8220;Benfica, Benfica na terra e no mar, se perde o Benfica n\u00e3o quero jantar&#8221; .<\/p>\n\n\n\n<p>Nessa altura eu vivia num quarto numa rua ali para os lados do Jardim Zool\u00f3gico, S\u00e3o Domingos de Benfica.<\/p>\n\n\n\n<p>De noite ele vinha ter comigo e \u00edamos pinchar paredes, o cora\u00e7\u00e3o do tamanho de uma noz. Sempre que algu\u00e9m se aproximava fing\u00edamos que est\u00e1vamos a namorar muito enroladinhos.<\/p>\n\n\n\n<p>No dia em que o assassinaram n\u00e3o fui a Econ\u00f3micas como era habitual. Fiquei em casa e lembro-me de ter feito, para mim e o meu companheiro, um pudim de morango. Nunca o chegamos a comer.<\/p>\n\n\n\n<p>Quando ele chegou contou-me o que se tinha passado e que o Ribeiro Santos tinha sido ferido gravemente. Tivemos de sair para a Cantina da Cidade Universit\u00e1ria para saber que ele afinal tinha falecido.<\/p>\n\n\n\n<p>A revolta e a tristeza foram imensas.<\/p>\n\n\n\n<p>Nessa altura estava com 2 meses de gravidez da minha filha mais velha. Nada que conseguisse reter-me em casa.<\/p>\n\n\n\n<p>No funeral uma imensid\u00e3o de gente, estudantes, principalmente, de todas os quadrantes pol\u00edticos ( eramos bem sect\u00e1rios na altura), mas aquele crime tinha unido a academia.<\/p>\n\n\n\n<p>Quando o carro funer\u00e1rio saiu quer\u00edamos levar a urna em ombros e fazer o cortejo a p\u00e9 para o cemit\u00e9rio. A pol\u00edcia que estava em for\u00e7a no local n\u00e3o o permitiu.<\/p>\n\n\n\n<p>Mesmo assim n\u00e3o desmobilizamos e ali nos manifestamos contra a ditadura, a repress\u00e3o, os esbirros da PIDE.<\/p>\n\n\n\n<p>Carregaram sobre n\u00f3s. Na primeira linha, levei umas bordoadas. Que nem senti verdadeiramente. Virei-me para o pol\u00edcia e gritei: seu est\u00fapido, n\u00e3o v\u00ea que estou gr\u00e1vida? Claro que o pol\u00edcia nada descortinava da minha invis\u00edvel gravidez. O certo \u00e9 que parou.<\/p>\n\n\n\n<p>Meses mais tarde, a\u00ed a poucos dias de nascer a minha filha, \u00e0 porta do anfiteatro onde Soares Martinez dava aulas, ele vira-se para mim e para o Jo\u00e3o Soares e diz, apontando-nos o dedo: os senhores identifiquem-se.<\/p>\n\n\n\n<p>Foi assim que fui suspensa e que o meu percurso na Faculdade de Direito terminou. Mas n\u00e3o as lutas.<\/p>\n\n\n\n<p>MJT<\/p>\n\n\n\n<p>Texto de Maria Jorgete Ferreira | Transcrito com autoriza\u00e7\u00e3o da autora<\/p>\n\n\n\n<p><\/p>\n\n\n\n<h2 class=\"wp-block-heading\">OUTRAS ABORDAGENS | V\u00eddeo &#8211; Fotos<\/h2>\n\n\n\n<div style=\"height:23px\" aria-hidden=\"true\" class=\"wp-block-spacer\"><\/div>\n\n\n\n<figure class=\"wp-block-embed is-type-video is-provider-youtube wp-block-embed-youtube wp-embed-aspect-16-9 wp-has-aspect-ratio\"><div class=\"wp-block-embed__wrapper\">\n<iframe loading=\"lazy\" title=\"Recordar Ribeiro Santos: o testemunho de Irene Pimentel\" width=\"640\" height=\"360\" src=\"https:\/\/www.youtube.com\/embed\/mJLglLDJ-68?feature=oembed\" frameborder=\"0\" allow=\"accelerometer; autoplay; clipboard-write; encrypted-media; gyroscope; picture-in-picture; web-share\" referrerpolicy=\"strict-origin-when-cross-origin\" allowfullscreen><\/iframe>\n<\/div><\/figure>\n\n\n\n<div style=\"height:21px\" aria-hidden=\"true\" class=\"wp-block-spacer\"><\/div>\n\n\n\n<p><\/p>\n\n\n\n<figure class=\"wp-block-gallery has-nested-images columns-default is-cropped wp-block-gallery-1 is-layout-flex wp-block-gallery-is-layout-flex\">\n<figure class=\"wp-block-image size-large\"><img decoding=\"async\" loading=\"lazy\" width=\"686\" height=\"469\" data-id=\"12555\" src=\"https:\/\/nsf.pt\/wp-content\/uploads\/2024\/10\/jrs.jpg\" alt=\"\" class=\"wp-image-12555\" srcset=\"https:\/\/nsf.pt\/wp-content\/uploads\/2024\/10\/jrs.jpg 686w, https:\/\/nsf.pt\/wp-content\/uploads\/2024\/10\/jrs-300x205.jpg 300w\" sizes=\"(max-width: 686px) 100vw, 686px\" \/><\/figure>\n<\/figure>\n\n\n\n<p>Foto \u00a9 Zacarias Duarte Ferreira<\/p>\n","protected":false},"excerpt":{"rendered":"<p>OPINI\u00c3O &#8211; H\u00e1 52 anos assassinaram Jos\u00e9 Ribeiro Santos Foi meu amigo e colega na&#8230;<\/p>\n","protected":false},"author":2,"featured_media":12555,"comment_status":"open","ping_status":"open","sticky":true,"template":"","format":"standard","meta":{"sfsi_plus_gutenberg_text_before_share":"","sfsi_plus_gutenberg_show_text_before_share":"","sfsi_plus_gutenberg_icon_type":"","sfsi_plus_gutenberg_icon_alignemt":"","sfsi_plus_gutenburg_max_per_row":"","ngg_post_thumbnail":0,"footnotes":""},"categories":[93,238,99],"tags":[585,586],"featured_image_urls":{"full":["https:\/\/nsf.pt\/wp-content\/uploads\/2024\/10\/jrs.jpg",686,469,false],"thumbnail":["https:\/\/nsf.pt\/wp-content\/uploads\/2024\/10\/jrs-150x150.jpg",150,150,true],"medium":["https:\/\/nsf.pt\/wp-content\/uploads\/2024\/10\/jrs-300x205.jpg",300,205,true],"medium_large":["https:\/\/nsf.pt\/wp-content\/uploads\/2024\/10\/jrs.jpg",640,438,false],"large":["https:\/\/nsf.pt\/wp-content\/uploads\/2024\/10\/jrs.jpg",640,438,false],"1536x1536":["https:\/\/nsf.pt\/wp-content\/uploads\/2024\/10\/jrs.jpg",686,469,false],"2048x2048":["https:\/\/nsf.pt\/wp-content\/uploads\/2024\/10\/jrs.jpg",686,469,false],"covernews-slider-full":["https:\/\/nsf.pt\/wp-content\/uploads\/2024\/10\/jrs.jpg",686,469,false],"covernews-slider-center":["https:\/\/nsf.pt\/wp-content\/uploads\/2024\/10\/jrs.jpg",686,469,false],"covernews-featured":["https:\/\/nsf.pt\/wp-content\/uploads\/2024\/10\/jrs.jpg",686,469,false],"covernews-medium":["https:\/\/nsf.pt\/wp-content\/uploads\/2024\/10\/jrs-540x340.jpg",540,340,true],"covernews-medium-square":["https:\/\/nsf.pt\/wp-content\/uploads\/2024\/10\/jrs-400x250.jpg",400,250,true]},"author_info":{"info":["Carlos Ribeiro"]},"category_info":"<a href=\"https:\/\/nsf.pt\/index.php\/category\/memorias-vivas\/combatentes-da-liberdade\/\" rel=\"category tag\">Combatentes da Liberdade<\/a> <a href=\"https:\/\/nsf.pt\/index.php\/category\/destaque\/\" rel=\"category tag\">DESTAQUE<\/a> <a href=\"https:\/\/nsf.pt\/index.php\/category\/opiniao\/\" rel=\"category tag\">OPINI\u00c3O<\/a>","tag_info":"OPINI\u00c3O","comment_count":"0","_links":{"self":[{"href":"https:\/\/nsf.pt\/index.php\/wp-json\/wp\/v2\/posts\/12550"}],"collection":[{"href":"https:\/\/nsf.pt\/index.php\/wp-json\/wp\/v2\/posts"}],"about":[{"href":"https:\/\/nsf.pt\/index.php\/wp-json\/wp\/v2\/types\/post"}],"author":[{"embeddable":true,"href":"https:\/\/nsf.pt\/index.php\/wp-json\/wp\/v2\/users\/2"}],"replies":[{"embeddable":true,"href":"https:\/\/nsf.pt\/index.php\/wp-json\/wp\/v2\/comments?post=12550"}],"version-history":[{"count":8,"href":"https:\/\/nsf.pt\/index.php\/wp-json\/wp\/v2\/posts\/12550\/revisions"}],"predecessor-version":[{"id":12583,"href":"https:\/\/nsf.pt\/index.php\/wp-json\/wp\/v2\/posts\/12550\/revisions\/12583"}],"wp:featuredmedia":[{"embeddable":true,"href":"https:\/\/nsf.pt\/index.php\/wp-json\/wp\/v2\/media\/12555"}],"wp:attachment":[{"href":"https:\/\/nsf.pt\/index.php\/wp-json\/wp\/v2\/media?parent=12550"}],"wp:term":[{"taxonomy":"category","embeddable":true,"href":"https:\/\/nsf.pt\/index.php\/wp-json\/wp\/v2\/categories?post=12550"},{"taxonomy":"post_tag","embeddable":true,"href":"https:\/\/nsf.pt\/index.php\/wp-json\/wp\/v2\/tags?post=12550"}],"curies":[{"name":"wp","href":"https:\/\/api.w.org\/{rel}","templated":true}]}}