{"id":12806,"date":"2024-11-01T13:42:19","date_gmt":"2024-11-01T13:42:19","guid":{"rendered":"https:\/\/nsf.pt\/?p=12806"},"modified":"2024-11-01T13:42:59","modified_gmt":"2024-11-01T13:42:59","slug":"camilo-mortagua-um-combatente-pela-liberdade","status":"publish","type":"post","link":"https:\/\/nsf.pt\/index.php\/2024\/11\/01\/camilo-mortagua-um-combatente-pela-liberdade\/","title":{"rendered":"Camilo Mort\u00e1gua, um combatente pela liberdade\u00a0"},"content":{"rendered":"\n<h2 class=\"wp-block-heading\">Faleceu o hist\u00f3rico militante revolucion\u00e1rio e antisfascista&nbsp;<\/h2>\n\n\n<div class=\"wp-block-post-date\"><time datetime=\"2024-11-01T13:42:19+00:00\">1 de Novembro, 2024<\/time><\/div>\n\n\n<h3 class=\"wp-block-heading\">O seu percurso e as suas a\u00e7\u00f5es contra o a ditadura marcelo-salazarista s\u00e3o conhecidas de todos e constituem um patrim\u00f3nio dos combatentes pela liberdade, sendo necess\u00e1rio carimbar estas iniciativas, do Santa Maria, do avi\u00e3o da TAP, do Banco da Figueira da Foz e muitas outras, como a\u00e7\u00f5es corajosas e com verdadeiro impacto na destabiliza\u00e7\u00e3o do regime fascista.&nbsp;<\/h3>\n\n\n\n<div style=\"height:19px\" aria-hidden=\"true\" class=\"wp-block-spacer\"><\/div>\n\n\n\n<figure class=\"wp-block-gallery has-nested-images columns-default is-cropped wp-block-gallery-1 is-layout-flex wp-block-gallery-is-layout-flex\">\n<figure class=\"wp-block-image size-large\"><img decoding=\"async\" loading=\"lazy\" width=\"903\" height=\"493\" data-id=\"12808\" src=\"https:\/\/nsf.pt\/wp-content\/uploads\/2024\/11\/mortagua-no-tt.jpg\" alt=\"\" class=\"wp-image-12808\" srcset=\"https:\/\/nsf.pt\/wp-content\/uploads\/2024\/11\/mortagua-no-tt.jpg 903w, https:\/\/nsf.pt\/wp-content\/uploads\/2024\/11\/mortagua-no-tt-300x164.jpg 300w, https:\/\/nsf.pt\/wp-content\/uploads\/2024\/11\/mortagua-no-tt-768x419.jpg 768w\" sizes=\"(max-width: 903px) 100vw, 903px\" \/><\/figure>\n<\/figure>\n\n\n\n<p class=\"has-text-align-center\">Camilo Mort\u00e1gua no Espa\u00e7o Carmen no Alentejo | Foto \u00a9CVR<\/p>\n\n\n\n<div style=\"height:12px\" aria-hidden=\"true\" class=\"wp-block-spacer\"><\/div>\n\n\n\n<p>Mais tarde, Camilo Mort\u00e1gua esteve associado a movimentos de interven\u00e7\u00e3o, &nbsp;principalmente no mundo rural, numa rela\u00e7\u00e3o ativa com as organiza\u00e7\u00f5es do desenvolvimento local e com objetivos de anima\u00e7\u00e3o comunit\u00e1ria de base local.&nbsp;<\/p>\n\n\n\n<p><\/p>\n\n\n\n<h2 class=\"wp-block-heading\">Transitions Transversales<\/h2>\n\n\n\n<p>Em 2017 partilh\u00e1mos objetivos em torno da Plataforma TT18 \u2013 Transitions Transversales, com companheiros investigadores e animadores locais oriundos de Fran\u00e7a, de It\u00e1lia e de Portugal.&nbsp;<\/p>\n\n\n\n<p><strong>As finalidades da converg\u00eancia das v\u00e1rias abordagens presentes na Plataforma permitiram desenhar algumas bases comuns:<\/strong>&nbsp;<\/p>\n\n\n\n<ul>\n<li>Que todos possam viver dignamente satisfazendo as suas necessidades b\u00e1sicas&nbsp;<\/li>\n\n\n\n<li>Que cada um seja o criador da sua pr\u00f3pria vida&nbsp;<\/li>\n\n\n\n<li>Deixar \u00e0s futuras gera\u00e7\u00f5es um planeta habit\u00e1vel&nbsp;<\/li>\n\n\n\n<li>Identificar e reapropriar-se dos bens comuns&nbsp;<\/li>\n\n\n\n<li>Descentraliza\u00e7\u00e3o e prioridade aos processos locais&nbsp;<\/li>\n\n\n\n<li>A Pol\u00edtica \u00e9 assunto de todos&nbsp;<\/li>\n\n\n\n<li>Efici\u00eancia sist\u00eamica, colaborativa e cooperativa&nbsp;<\/li>\n\n\n\n<li>Inventar uma rela\u00e7\u00e3o com a pol\u00edtica que facilite uma rutura com o estar virado apenas para si pr\u00f3prio.&nbsp;<\/li>\n<\/ul>\n\n\n\n<p>Esta refer\u00eancia ao projeto TT18 serve antes de mais para sinalizar o sentido de pesquisa e de debate que sempre animaram Camilo Mort\u00e1gua. No fundo procurou noutros dom\u00ednios de interven\u00e7\u00e3o uma continuidade do seu esp\u00edrito revolucion\u00e1rio. Essa \u00e9 a sua marca que merece o agradecimento e o maior elogio, mesmo daqueles que n\u00e3o partilhavam as suas op\u00e7\u00f5es pol\u00edtico-ideol\u00f3gicas.&nbsp;<\/p>\n\n\n\n<p>Camilo Mort\u00e1gua tornou-se uma refer\u00eancia incontorn\u00e1vel do Portugal do s\u00e9culo XX e do in\u00edcio do XXI.<\/p>\n\n\n\n<p><\/p>\n","protected":false},"excerpt":{"rendered":"<p>Faleceu o hist\u00f3rico militante revolucion\u00e1rio e antisfascista&nbsp; O seu percurso e as suas a\u00e7\u00f5es contra&#8230;<\/p>\n","protected":false},"author":2,"featured_media":12808,"comment_status":"open","ping_status":"open","sticky":true,"template":"","format":"standard","meta":{"sfsi_plus_gutenberg_text_before_share":"","sfsi_plus_gutenberg_show_text_before_share":"","sfsi_plus_gutenberg_icon_type":"","sfsi_plus_gutenberg_icon_alignemt":"","sfsi_plus_gutenburg_max_per_row":"","ngg_post_thumbnail":0,"footnotes":""},"categories":[93,238],"tags":[107],"featured_image_urls":{"full":["https:\/\/nsf.pt\/wp-content\/uploads\/2024\/11\/mortagua-no-tt.jpg",903,493,false],"thumbnail":["https:\/\/nsf.pt\/wp-content\/uploads\/2024\/11\/mortagua-no-tt-150x150.jpg",150,150,true],"medium":["https:\/\/nsf.pt\/wp-content\/uploads\/2024\/11\/mortagua-no-tt-300x164.jpg",300,164,true],"medium_large":["https:\/\/nsf.pt\/wp-content\/uploads\/2024\/11\/mortagua-no-tt-768x419.jpg",640,349,true],"large":["https:\/\/nsf.pt\/wp-content\/uploads\/2024\/11\/mortagua-no-tt.jpg",640,349,false],"1536x1536":["https:\/\/nsf.pt\/wp-content\/uploads\/2024\/11\/mortagua-no-tt.jpg",903,493,false],"2048x2048":["https:\/\/nsf.pt\/wp-content\/uploads\/2024\/11\/mortagua-no-tt.jpg",903,493,false],"covernews-slider-full":["https:\/\/nsf.pt\/wp-content\/uploads\/2024\/11\/mortagua-no-tt.jpg",903,493,false],"covernews-slider-center":["https:\/\/nsf.pt\/wp-content\/uploads\/2024\/11\/mortagua-no-tt-800x493.jpg",800,493,true],"covernews-featured":["https:\/\/nsf.pt\/wp-content\/uploads\/2024\/11\/mortagua-no-tt.jpg",903,493,false],"covernews-medium":["https:\/\/nsf.pt\/wp-content\/uploads\/2024\/11\/mortagua-no-tt-540x340.jpg",540,340,true],"covernews-medium-square":["https:\/\/nsf.pt\/wp-content\/uploads\/2024\/11\/mortagua-no-tt-400x250.jpg",400,250,true]},"author_info":{"info":["Carlos Ribeiro"]},"category_info":"<a href=\"https:\/\/nsf.pt\/index.php\/category\/memorias-vivas\/combatentes-da-liberdade\/\" rel=\"category tag\">Combatentes da Liberdade<\/a> <a href=\"https:\/\/nsf.pt\/index.php\/category\/destaque\/\" rel=\"category tag\">DESTAQUE<\/a>","tag_info":"DESTAQUE","comment_count":"0","_links":{"self":[{"href":"https:\/\/nsf.pt\/index.php\/wp-json\/wp\/v2\/posts\/12806"}],"collection":[{"href":"https:\/\/nsf.pt\/index.php\/wp-json\/wp\/v2\/posts"}],"about":[{"href":"https:\/\/nsf.pt\/index.php\/wp-json\/wp\/v2\/types\/post"}],"author":[{"embeddable":true,"href":"https:\/\/nsf.pt\/index.php\/wp-json\/wp\/v2\/users\/2"}],"replies":[{"embeddable":true,"href":"https:\/\/nsf.pt\/index.php\/wp-json\/wp\/v2\/comments?post=12806"}],"version-history":[{"count":2,"href":"https:\/\/nsf.pt\/index.php\/wp-json\/wp\/v2\/posts\/12806\/revisions"}],"predecessor-version":[{"id":12810,"href":"https:\/\/nsf.pt\/index.php\/wp-json\/wp\/v2\/posts\/12806\/revisions\/12810"}],"wp:featuredmedia":[{"embeddable":true,"href":"https:\/\/nsf.pt\/index.php\/wp-json\/wp\/v2\/media\/12808"}],"wp:attachment":[{"href":"https:\/\/nsf.pt\/index.php\/wp-json\/wp\/v2\/media?parent=12806"}],"wp:term":[{"taxonomy":"category","embeddable":true,"href":"https:\/\/nsf.pt\/index.php\/wp-json\/wp\/v2\/categories?post=12806"},{"taxonomy":"post_tag","embeddable":true,"href":"https:\/\/nsf.pt\/index.php\/wp-json\/wp\/v2\/tags?post=12806"}],"curies":[{"name":"wp","href":"https:\/\/api.w.org\/{rel}","templated":true}]}}