{"id":12850,"date":"2024-11-05T19:26:47","date_gmt":"2024-11-05T19:26:47","guid":{"rendered":"https:\/\/nsf.pt\/?p=12850"},"modified":"2024-11-05T19:26:50","modified_gmt":"2024-11-05T19:26:50","slug":"nao-apaguem-a-memoria-de-camilo-mortagua","status":"publish","type":"post","link":"https:\/\/nsf.pt\/index.php\/2024\/11\/05\/nao-apaguem-a-memoria-de-camilo-mortagua\/","title":{"rendered":"N\u00e3o apaguem a mem\u00f3ria de Camilo Mort\u00e1gua"},"content":{"rendered":"\n<h2 class=\"wp-block-heading\">NAM emitiu comunicado sobre o falecimento do combatente pela liberdade <\/h2>\n\n\n<div class=\"wp-block-post-date\"><time datetime=\"2024-11-05T19:26:47+00:00\">5 de Novembro, 2024<\/time><\/div>\n\n\n<p><\/p>\n\n\n\n<h2 class=\"wp-block-heading\">Faleceu no passado dia 1 de novembro deste ano de 2024 o resistente anti-fascista e lutador pela Democracia e pela Liberdade Camilo Mort\u00e1gua<\/h2>\n\n\n\n<div style=\"height:19px\" aria-hidden=\"true\" class=\"wp-block-spacer\"><\/div>\n\n\n\n<figure class=\"wp-block-gallery has-nested-images columns-default is-cropped wp-block-gallery-1 is-layout-flex wp-block-gallery-is-layout-flex\">\n<figure class=\"wp-block-image size-large\"><img decoding=\"async\" loading=\"lazy\" width=\"1024\" height=\"545\" data-id=\"12874\" src=\"https:\/\/nsf.pt\/wp-content\/uploads\/2024\/11\/mortagua--1024x545.jpg\" alt=\"\" class=\"wp-image-12874\" srcset=\"https:\/\/nsf.pt\/wp-content\/uploads\/2024\/11\/mortagua--1024x545.jpg 1024w, https:\/\/nsf.pt\/wp-content\/uploads\/2024\/11\/mortagua--300x160.jpg 300w, https:\/\/nsf.pt\/wp-content\/uploads\/2024\/11\/mortagua--768x409.jpg 768w, https:\/\/nsf.pt\/wp-content\/uploads\/2024\/11\/mortagua--1536x817.jpg 1536w, https:\/\/nsf.pt\/wp-content\/uploads\/2024\/11\/mortagua-.jpg 1661w\" sizes=\"(max-width: 1024px) 100vw, 1024px\" \/><\/figure>\n<\/figure>\n\n\n\n<p>Camilo Mort\u00e1gua &#8211; <em>Fonte \u00a9 Enric Vives-Rubio<\/em><\/p>\n\n\n\n<div style=\"height:19px\" aria-hidden=\"true\" class=\"wp-block-spacer\"><\/div>\n\n\n\n<p>Nesta hora de m\u00e1goa e de luto, a Associa\u00e7\u00e3o \u201cMovimento C\u00edvico N\u00e3o Apaguem a Mem\u00f3ria (NAM)\u201d quer, em primeiro lugar, enviar as mais sentidas e solid\u00e1rias condol\u00eancias \u00e0 Fam\u00edlia enlutada &#8211; a vi\u00fava Maria In\u00eas Rodrigues, as filhas F\u00e1tima, Joana e Mariana Mort\u00e1gua, e os netos e bisnetos (infelizmente, o que \u00e9 algo que nenhum progenitor deveria alguma vez ter de suportar, o filho Jorge faleceu antes do pai).<\/p>\n\n\n\n<p>Mas este \u00e9 \u2013 tem de ser \u2013 tamb\u00e9m um momento de evoca\u00e7\u00e3o do passado de resist\u00eancia e de luta desse homem de coragem que fisicamente deixou de estar entre n\u00f3s. Um homem que nunca desistiu de defender os seus ideais de Igualdade, Bem Estar e Progresso Social para todos, quer nos tempos do Estado Novo, quando n\u00e3o era nem f\u00e1cil nem seguro lutar pela Liberdade e pela Democracia, quer no per\u00edodo ap\u00f3s o 25 de Abril de 1974.<\/p>\n\n\n\n<p>S\u00e3o bem conhecidas e agora relembradas, as suas participa\u00e7\u00f5es em bem sucedidos actos de grande espectacularidade contra o regime salazarista, como sejam a tomada de assalto, na madrugada do dia 22 de janeiro de 1961, do&nbsp;<a href=\"https:\/\/pt.wikipedia.org\/wiki\/Paquete_Santa_Maria\">paquete Santa Maria<\/a>, que transportava 600 turistas em viagem para Miami e mais de 300 tripulantes, o desvio \u00e0 m\u00e3o armada um avi\u00e3o da&nbsp;<a href=\"https:\/\/pt.wikipedia.org\/wiki\/TAP\">TAP<\/a>, no voo&nbsp;<a href=\"https:\/\/pt.wikipedia.org\/wiki\/Casablanca\">Casablanca<\/a>&#8211;<a href=\"https:\/\/pt.wikipedia.org\/wiki\/Lisboa\">Lisboa<\/a>, no 10 de novembro de 1961, com o objetivo de sobrevoar Lisboa e outras cidades portuguesas a baixa altitude para lan\u00e7ar milhares de folhetos subversivos (foram largados sobre as cidades de Lisboa, Set\u00fabal, Barreiro, Beja e Faro cerca de 100 mil panfletos), o assalto, em 17 de maio de 1967, \u00e0 filial do Banco de Portugal na Figueira da Foz&nbsp;com o objetivo de financiar ac\u00e7\u00f5es contra o regime encabe\u00e7ado por&nbsp;<a href=\"https:\/\/pt.wikipedia.org\/wiki\/Ant%C3%B3nio_de_Oliveira_Salazar\">Ant\u00f3nio de Oliveira Salazar<\/a> (acto que est\u00e1 na origem da funda\u00e7\u00e3o da&nbsp;<a href=\"https:\/\/pt.wikipedia.org\/wiki\/Liga_de_Unidade_e_A%C3%A7%C3%A3o_Revolucion%C3%A1ria\">Liga de Unidade e A\u00e7\u00e3o Revolucion\u00e1ria<\/a>, organiza\u00e7\u00e3o a que Camilo Mort\u00e1gua pertenceu).<\/p>\n\n\n\n<p>Mas, de igual modo, \u00e9 indispens\u00e1vel recordar uma outra ac\u00e7\u00e3o a que o seu nome est\u00e1 ligado, esta ocorrida em 1975. Referimo-nos \u00e0 ocupa\u00e7\u00e3o, em abril de 1975, da herdade da&nbsp;<a href=\"https:\/\/pt.wikipedia.org\/wiki\/Torre_Bela\">Torre Bela<\/a>, ent\u00e3o a maior \u00e1rea de terra agr\u00edcola murada de Portugal, com 1700 hectares, propriedade do<\/p>\n\n\n\n<p><a href=\"https:\/\/pt.wikipedia.org\/wiki\/Duque_de_Laf%C3%B5es\">Duque de Laf\u00f5es<\/a>, que n\u00e3o estava a ser usada, h\u00e1 muito, para o cultivo, e que, durante um per\u00edodo temporal muito curto, foi palco de uma transforma\u00e7\u00e3o radical na vida de dezenas de camponeses sem terra. E, passados que s\u00e3o tantos anos, essa experi\u00eancia social revolucion\u00e1ria bem que merece que sobre ela fosse realizada uma an\u00e1lise cr\u00edtica s\u00e9ria, isenta e serena.<\/p>\n\n\n\n<p>Essa seria\/ser\u00e1 a melhor homenagem que pode ser feita \u00e0 vida e \u00e0 mem\u00f3ria de Camilo Mort\u00e1gua.<\/p>\n\n\n\n<p>E ele bem a merece.<\/p>\n\n\n\n<p>Lisboa, 02\/11\/2024<\/p>\n\n\n\n<h3 class=\"wp-block-heading\">A Direc\u00e7\u00e3o da Associa\u00e7\u00e3o <em>\u201cMovimento C\u00edvico N\u00e3o Apaguem a Mem\u00f3ria (NAM)\u201d<\/em><\/h3>\n","protected":false},"excerpt":{"rendered":"<p>NAM emitiu comunicado sobre o falecimento do combatente pela liberdade Faleceu no passado dia 1&#8230;<\/p>\n","protected":false},"author":2,"featured_media":12874,"comment_status":"open","ping_status":"open","sticky":true,"template":"","format":"standard","meta":{"sfsi_plus_gutenberg_text_before_share":"","sfsi_plus_gutenberg_show_text_before_share":"","sfsi_plus_gutenberg_icon_type":"","sfsi_plus_gutenberg_icon_alignemt":"","sfsi_plus_gutenburg_max_per_row":"","ngg_post_thumbnail":0,"footnotes":""},"categories":[93,238,447],"tags":[384],"featured_image_urls":{"full":["https:\/\/nsf.pt\/wp-content\/uploads\/2024\/11\/mortagua-.jpg",1661,884,false],"thumbnail":["https:\/\/nsf.pt\/wp-content\/uploads\/2024\/11\/mortagua--150x150.jpg",150,150,true],"medium":["https:\/\/nsf.pt\/wp-content\/uploads\/2024\/11\/mortagua--300x160.jpg",300,160,true],"medium_large":["https:\/\/nsf.pt\/wp-content\/uploads\/2024\/11\/mortagua--768x409.jpg",640,341,true],"large":["https:\/\/nsf.pt\/wp-content\/uploads\/2024\/11\/mortagua--1024x545.jpg",640,341,true],"1536x1536":["https:\/\/nsf.pt\/wp-content\/uploads\/2024\/11\/mortagua--1536x817.jpg",1536,817,true],"2048x2048":["https:\/\/nsf.pt\/wp-content\/uploads\/2024\/11\/mortagua-.jpg",1661,884,false],"covernews-slider-full":["https:\/\/nsf.pt\/wp-content\/uploads\/2024\/11\/mortagua--1115x715.jpg",1115,715,true],"covernews-slider-center":["https:\/\/nsf.pt\/wp-content\/uploads\/2024\/11\/mortagua--800x500.jpg",800,500,true],"covernews-featured":["https:\/\/nsf.pt\/wp-content\/uploads\/2024\/11\/mortagua--1024x545.jpg",1024,545,true],"covernews-medium":["https:\/\/nsf.pt\/wp-content\/uploads\/2024\/11\/mortagua--540x340.jpg",540,340,true],"covernews-medium-square":["https:\/\/nsf.pt\/wp-content\/uploads\/2024\/11\/mortagua--400x250.jpg",400,250,true]},"author_info":{"info":["Carlos Ribeiro"]},"category_info":"<a href=\"https:\/\/nsf.pt\/index.php\/category\/memorias-vivas\/combatentes-da-liberdade\/\" rel=\"category tag\">Combatentes da Liberdade<\/a> <a href=\"https:\/\/nsf.pt\/index.php\/category\/destaque\/\" rel=\"category tag\">DESTAQUE<\/a> <a href=\"https:\/\/nsf.pt\/index.php\/category\/movimentos\/\" rel=\"category tag\">MOVIMENTOS<\/a>","tag_info":"MOVIMENTOS","comment_count":"0","_links":{"self":[{"href":"https:\/\/nsf.pt\/index.php\/wp-json\/wp\/v2\/posts\/12850"}],"collection":[{"href":"https:\/\/nsf.pt\/index.php\/wp-json\/wp\/v2\/posts"}],"about":[{"href":"https:\/\/nsf.pt\/index.php\/wp-json\/wp\/v2\/types\/post"}],"author":[{"embeddable":true,"href":"https:\/\/nsf.pt\/index.php\/wp-json\/wp\/v2\/users\/2"}],"replies":[{"embeddable":true,"href":"https:\/\/nsf.pt\/index.php\/wp-json\/wp\/v2\/comments?post=12850"}],"version-history":[{"count":1,"href":"https:\/\/nsf.pt\/index.php\/wp-json\/wp\/v2\/posts\/12850\/revisions"}],"predecessor-version":[{"id":12875,"href":"https:\/\/nsf.pt\/index.php\/wp-json\/wp\/v2\/posts\/12850\/revisions\/12875"}],"wp:featuredmedia":[{"embeddable":true,"href":"https:\/\/nsf.pt\/index.php\/wp-json\/wp\/v2\/media\/12874"}],"wp:attachment":[{"href":"https:\/\/nsf.pt\/index.php\/wp-json\/wp\/v2\/media?parent=12850"}],"wp:term":[{"taxonomy":"category","embeddable":true,"href":"https:\/\/nsf.pt\/index.php\/wp-json\/wp\/v2\/categories?post=12850"},{"taxonomy":"post_tag","embeddable":true,"href":"https:\/\/nsf.pt\/index.php\/wp-json\/wp\/v2\/tags?post=12850"}],"curies":[{"name":"wp","href":"https:\/\/api.w.org\/{rel}","templated":true}]}}