{"id":12883,"date":"2024-11-06T22:10:00","date_gmt":"2024-11-06T22:10:00","guid":{"rendered":"https:\/\/nsf.pt\/?p=12883"},"modified":"2024-11-07T23:18:14","modified_gmt":"2024-11-07T23:18:14","slug":"trump-e-o-que-se-segue","status":"publish","type":"post","link":"https:\/\/nsf.pt\/index.php\/2024\/11\/06\/trump-e-o-que-se-segue\/","title":{"rendered":"Trump e o que se segue"},"content":{"rendered":"\n<h2 class=\"wp-block-heading\">Esta um lindo dia de sol e o Benfica tem de ganhar ao Bayern<\/h2>\n\n\n<div class=\"wp-block-post-date\"><time datetime=\"2024-11-06T22:10:00+00:00\">6 de Novembro, 2024<\/time><\/div>\n\n\n<p><mark style=\"background-color:rgba(0, 0, 0, 0)\" class=\"has-inline-color has-vivid-red-color\">OPINI\u00c3O<\/mark> &#8211; Francisco Melro<\/p>\n\n\n\n<div style=\"height:18px\" aria-hidden=\"true\" class=\"wp-block-spacer\"><\/div>\n\n\n\n<figure class=\"wp-block-image size-full is-resized\"><img decoding=\"async\" loading=\"lazy\" width=\"533\" height=\"486\" src=\"https:\/\/nsf.pt\/wp-content\/uploads\/2024\/11\/FMELRO-_COL.jpg\" alt=\"\" class=\"wp-image-12857\" style=\"aspect-ratio:1.0967078189300412;width:203px;height:auto\" srcset=\"https:\/\/nsf.pt\/wp-content\/uploads\/2024\/11\/FMELRO-_COL.jpg 533w, https:\/\/nsf.pt\/wp-content\/uploads\/2024\/11\/FMELRO-_COL-300x274.jpg 300w\" sizes=\"(max-width: 533px) 100vw, 533px\" \/><\/figure>\n\n\n\n<div style=\"height:18px\" aria-hidden=\"true\" class=\"wp-block-spacer\"><\/div>\n\n\n\n<p>Ontem tinha programado ficar desperto madrugada fora a acompanhar o apuramento dos resultados das elei\u00e7\u00f5es presidenciais dos Estados Unidos. Previa uma disputa apertada com de resultado incerto at\u00e9 ao final. Temia o desfecho mas reservava uma t\u00e9nue r\u00e9stia de esperan\u00e7a para a vit\u00f3ria de Kamala. Para bem de todos.\u00a0<\/p>\n\n\n\n<p>\u00c0s 2 da manh\u00e3 j\u00e1 n\u00e3o tinha ganas. \u00c0s 3 fui para a cama. A percentagem de resultados apurados ainda era reduzida mas a minha sensibilidade para a an\u00e1lise estat\u00edstica de tend\u00eancias subjacentes n\u00e3o me deixava d\u00favidas. Trump iria ganhar.<\/p>\n\n\n\n<p>Quando acordei, ignorei as desgra\u00e7as, fiz os meus exerc\u00edcios f\u00edsicos matinais, tomei o exigido banho e sa\u00ed para a minha caminhada . Dei de caras com um lindo dia de Sol, \u00f3ptimo para curtir m\u00e1goas. Passei por um an\u00fancio de um jackpot de 100 milh\u00f5es no Euromilh\u00f5es. Decidi arriscar. Sabe-se l\u00e1\u2026S\u00f3 no in\u00edcio do almo\u00e7o tive coragem para ligar a televis\u00e3o e espreitar a dimens\u00e3o do desastre.<\/p>\n\n\n\n<p>O que \u00e9 que me acode dizer?<\/p>\n\n\n\n<p>Tenho medo do que se avizinha. A ordem internacional em que nasci e os valores que a inspiraram ficaram de rastos. O seu hist\u00f3rico pilar, os Estados Unidos, estar\u00e1 durante quatro longos anos nas m\u00e3os de um ignorante irrespons\u00e1vel, aldrab\u00e3o, troca-tintas, sem um m\u00ednimo de dec\u00eancia, com tend\u00eancias vincadamente nacionalistas, autorit\u00e1rias e fascizantes, que menospreza as Na\u00e7\u00f5es Unidas. Ter\u00e1 a partir da Presid\u00eancia poder absoluto, temor absoluto e rever\u00eancia absoluta, nos membros do Partido, no Senado, na C\u00e2mara dos Representantes e at\u00e9 no Tribunal Constitucional.<\/p>\n\n\n\n<p>Poder com raio de ac\u00e7\u00e3o e efic\u00e1cia absolutamente ampliados por interessados magnatas da comunica\u00e7\u00e3o social americana, com destaque para Elon Musk, garantia de uma capacidade ilimitada para a manipula\u00e7\u00e3o da opini\u00e3o p\u00fablica e ataque a opositores atrav\u00e9s de fake news e campanhas orquestradas nas redes sociais.<\/p>\n\n\n\n<p>Segue-se um futuro complicado e inseguro para a Uni\u00e3o Europeia, criada e protegida desde o fim da Segunda Guerra Mundial pelo guarda-chuva protector dos Estados Unidos, de que Trump n\u00e3o gosta. Os amores de Trump com Putin e a eventual concretiza\u00e7\u00e3o das suas amea\u00e7as enfraquecer\u00e3o e limitar\u00e3o a ac\u00e7\u00e3o da Nato, podendo conduzir \u00e0 rendi\u00e7\u00e3o da Ucr\u00e2nia aos ditames de Putin e \u00e0 fragiliza\u00e7\u00e3o da seguran\u00e7a dos pa\u00edses do Leste Europeu. Sem for\u00e7as armadas nem ind\u00fastria militar pr\u00f3pria, \u00e0 altura, quem \u00e9 que na Europa conter\u00e1 os apetites e ditames de Putin?<\/p>\n\n\n\n<p>Os movimentos nacionalistas populistas e autorit\u00e1rios, inspirados, estimulados e financiados por Trump e Putin, ganhar\u00e3o novo impulso na EU, incentivando a sua desagrega\u00e7\u00e3o. Basta ver o entusiasmo com que porta-vozes de Putin, Orban e Ventura saudaram os resultados.&nbsp; Os dirigentes europeus foram enterrando a cabe\u00e7a na areia \u00e0 medida que as amea\u00e7as foram surgindo. Est\u00e3o agora \u201centalados\u201d entre as depend\u00eancias e as investidas de Trump, de Putin e da China. Neste \u00e2mbito, a pragm\u00e1tica Hungria de Orban faz tr\u00eas em um, podendo servir de tenta\u00e7\u00e3o como modelo para a resigna\u00e7\u00e3o dos pa\u00edses europeus \u00e0s novas realidades.&nbsp;<\/p>\n\n\n\n<p>Para a economia mundial trata-se do enterro definitivo da globaliza\u00e7\u00e3o e a institucionaliza\u00e7\u00e3o de uma grande desordem, com os \u00faltimos pregos do caix\u00e3o a serem cravados pelas v\u00edtimas ocidentais do processo. Anunciam-se protecionismos, taxas alfandeg\u00e1rias, guerras comerciais, americanas contra o resto do Mundo, incluindo EU, da EU contra a China e condizentes medidas retaliat\u00f3rias. A conflitualidade dificilmente ficar\u00e1 limitada \u00e0s trocas comerciais.<\/p>\n\n\n\n<p>Com a prov\u00e1vel liberdade ilimitada de ac\u00e7\u00e3o para Netanyahu, poder\u00e1 ser o fim da leg\u00edtima aspira\u00e7\u00e3o dos abandonados palestinianos ao reconhecimento do seu Estado independente e um agudizar de tens\u00f5es de consequ\u00eancias imprevis\u00edveis para o conjunto do M\u00e9dio Oriente.&nbsp; A enorme satisfa\u00e7\u00e3o de Netanyahu fala por si. E quem poder\u00e1 estar confiante na gest\u00e3o americana das rela\u00e7\u00f5es com a China e da conflitualidade na zona de Taiwan e dos pa\u00edses aliados ocidentais com fronteiras mar\u00edtimas com este pa\u00eds?<\/p>\n\n\n\n<p>Paz no Mundo com Trump? E combate \u00e0s altera\u00e7\u00f5es clim\u00e1ticas? E financiamento da ac\u00e7\u00e3o das Na\u00e7\u00f5es Unidas em diversos continentes nos dom\u00ednios, das crises, da sa\u00fade, da pobreza e da fome?<\/p>\n\n\n\n<p>Reservo o resto dia para o meu apoio ao Benfica.&nbsp; Vamos ganhar em Munique.&nbsp;<\/p>\n","protected":false},"excerpt":{"rendered":"<p>Esta um lindo dia de sol e o Benfica tem de ganhar ao Bayern OPINI\u00c3O&#8230;<\/p>\n","protected":false},"author":2,"featured_media":12868,"comment_status":"open","ping_status":"open","sticky":true,"template":"","format":"standard","meta":{"sfsi_plus_gutenberg_text_before_share":"","sfsi_plus_gutenberg_show_text_before_share":"","sfsi_plus_gutenberg_icon_type":"","sfsi_plus_gutenberg_icon_alignemt":"","sfsi_plus_gutenburg_max_per_row":"","ngg_post_thumbnail":0,"footnotes":""},"categories":[238,99,455],"tags":[296],"featured_image_urls":{"full":["https:\/\/nsf.pt\/wp-content\/uploads\/2024\/11\/FM-BANNE3.jpg",834,505,false],"thumbnail":["https:\/\/nsf.pt\/wp-content\/uploads\/2024\/11\/FM-BANNE3-150x150.jpg",150,150,true],"medium":["https:\/\/nsf.pt\/wp-content\/uploads\/2024\/11\/FM-BANNE3-300x182.jpg",300,182,true],"medium_large":["https:\/\/nsf.pt\/wp-content\/uploads\/2024\/11\/FM-BANNE3-768x465.jpg",640,388,true],"large":["https:\/\/nsf.pt\/wp-content\/uploads\/2024\/11\/FM-BANNE3.jpg",640,388,false],"1536x1536":["https:\/\/nsf.pt\/wp-content\/uploads\/2024\/11\/FM-BANNE3.jpg",834,505,false],"2048x2048":["https:\/\/nsf.pt\/wp-content\/uploads\/2024\/11\/FM-BANNE3.jpg",834,505,false],"covernews-slider-full":["https:\/\/nsf.pt\/wp-content\/uploads\/2024\/11\/FM-BANNE3.jpg",834,505,false],"covernews-slider-center":["https:\/\/nsf.pt\/wp-content\/uploads\/2024\/11\/FM-BANNE3-800x500.jpg",800,500,true],"covernews-featured":["https:\/\/nsf.pt\/wp-content\/uploads\/2024\/11\/FM-BANNE3.jpg",834,505,false],"covernews-medium":["https:\/\/nsf.pt\/wp-content\/uploads\/2024\/11\/FM-BANNE3-540x340.jpg",540,340,true],"covernews-medium-square":["https:\/\/nsf.pt\/wp-content\/uploads\/2024\/11\/FM-BANNE3-400x250.jpg",400,250,true]},"author_info":{"info":["Carlos Ribeiro"]},"category_info":"<a href=\"https:\/\/nsf.pt\/index.php\/category\/destaque\/\" rel=\"category tag\">DESTAQUE<\/a> <a href=\"https:\/\/nsf.pt\/index.php\/category\/opiniao\/\" rel=\"category tag\">OPINI\u00c3O<\/a> <a href=\"https:\/\/nsf.pt\/index.php\/category\/tribuna-2\/\" rel=\"category tag\">TRIBUNA<\/a>","tag_info":"TRIBUNA","comment_count":"0","_links":{"self":[{"href":"https:\/\/nsf.pt\/index.php\/wp-json\/wp\/v2\/posts\/12883"}],"collection":[{"href":"https:\/\/nsf.pt\/index.php\/wp-json\/wp\/v2\/posts"}],"about":[{"href":"https:\/\/nsf.pt\/index.php\/wp-json\/wp\/v2\/types\/post"}],"author":[{"embeddable":true,"href":"https:\/\/nsf.pt\/index.php\/wp-json\/wp\/v2\/users\/2"}],"replies":[{"embeddable":true,"href":"https:\/\/nsf.pt\/index.php\/wp-json\/wp\/v2\/comments?post=12883"}],"version-history":[{"count":1,"href":"https:\/\/nsf.pt\/index.php\/wp-json\/wp\/v2\/posts\/12883\/revisions"}],"predecessor-version":[{"id":12884,"href":"https:\/\/nsf.pt\/index.php\/wp-json\/wp\/v2\/posts\/12883\/revisions\/12884"}],"wp:featuredmedia":[{"embeddable":true,"href":"https:\/\/nsf.pt\/index.php\/wp-json\/wp\/v2\/media\/12868"}],"wp:attachment":[{"href":"https:\/\/nsf.pt\/index.php\/wp-json\/wp\/v2\/media?parent=12883"}],"wp:term":[{"taxonomy":"category","embeddable":true,"href":"https:\/\/nsf.pt\/index.php\/wp-json\/wp\/v2\/categories?post=12883"},{"taxonomy":"post_tag","embeddable":true,"href":"https:\/\/nsf.pt\/index.php\/wp-json\/wp\/v2\/tags?post=12883"}],"curies":[{"name":"wp","href":"https:\/\/api.w.org\/{rel}","templated":true}]}}