{"id":12898,"date":"2024-11-07T21:38:01","date_gmt":"2024-11-07T21:38:01","guid":{"rendered":"https:\/\/nsf.pt\/?p=12898"},"modified":"2024-11-07T21:38:04","modified_gmt":"2024-11-07T21:38:04","slug":"foi-trump-que-ganhou-ou-foi-o-partido-democrata-que-desapareceu-em-combate","status":"publish","type":"post","link":"https:\/\/nsf.pt\/index.php\/2024\/11\/07\/foi-trump-que-ganhou-ou-foi-o-partido-democrata-que-desapareceu-em-combate\/","title":{"rendered":"Foi Trump que ganhou ou foi o Partido Democrata que desapareceu em combate?\u00a0"},"content":{"rendered":"\n<h2 class=\"wp-block-heading\">Bernie Sanders acusa o Partido Democrata de ter abandonado a causa dos trabalhadores\u00a0<\/h2>\n\n\n<div class=\"wp-block-post-date\"><time datetime=\"2024-11-07T21:38:01+00:00\">7 de Novembro, 2024<\/time><\/div>\n\n\n<h3 class=\"wp-block-heading\">Na mesma linha de coer\u00eancia de alguns artigos de opini\u00e3o  que defenderam no NSF que as quest\u00f5es da economia e principalmente as consequ\u00eancias negativas da globaliza\u00e7\u00e3o para os trabalhadores estadunidenses seriam determinantes para os resultados eleitorais nos EUA, uma opini\u00e3o consagrada e respeitada da pol\u00edtica americana, Bernie Sanders, surgiu a divulgar uma tese clara <strong>\u201cN\u00e3o deveria ser grande surpresa que um Partido Democrata que abandonou a classe trabalhadora descobrisse que a classe trabalhadora os abandonou&#8221;,<\/strong><\/h3>\n\n\n\n<div style=\"height:18px\" aria-hidden=\"true\" class=\"wp-block-spacer\"><\/div>\n\n\n\n<figure class=\"wp-block-gallery has-nested-images columns-default is-cropped wp-block-gallery-1 is-layout-flex wp-block-gallery-is-layout-flex\">\n<figure class=\"wp-block-image size-large\"><img decoding=\"async\" loading=\"lazy\" width=\"1024\" height=\"527\" data-id=\"12899\" src=\"https:\/\/nsf.pt\/wp-content\/uploads\/2024\/11\/sanders-1024x527.jpg\" alt=\"\" class=\"wp-image-12899\" srcset=\"https:\/\/nsf.pt\/wp-content\/uploads\/2024\/11\/sanders-1024x527.jpg 1024w, https:\/\/nsf.pt\/wp-content\/uploads\/2024\/11\/sanders-300x154.jpg 300w, https:\/\/nsf.pt\/wp-content\/uploads\/2024\/11\/sanders-768x395.jpg 768w, https:\/\/nsf.pt\/wp-content\/uploads\/2024\/11\/sanders.jpg 1266w\" sizes=\"(max-width: 1024px) 100vw, 1024px\" \/><\/figure>\n<\/figure>\n\n\n\n<p>Bernie Sanders<\/p>\n\n\n\n<p>A imprensa internacional faz eco das declara\u00e7\u00f5es do senador independente de Vermont sobre as causas da derrota de Kamala Harris nas \u00faltimas elei\u00e7\u00f5es nos EUA. Sanders \u00e9 muito claro ao afirmar que o Partido Democrata, que j\u00e1 tinha sido abandonado pelos trabalhadores brancos,\u00a0foi neste \u00faltimo acto eleitoral tamb\u00e9m rejeitado pelos latinos e pelos negros que deixaram de o considerar como um defensor dos seus direitos e das suas expectativas no plano econ\u00f3mico e social.\u00a0<\/p>\n\n\n\n<p>Apoiante de Harris, Bernie Sanders fez campanha a favor da candidata dos democratas ali\u00e1s como outros dirigentes ou influenciadores com posi\u00e7\u00f5es mais radicais, como a congressista Alexandria Ocasio-Cortez. Terminada a batalha eleitoral o senador de 83 anos de idade retomou as suas ideias-for\u00e7a a favor de altera\u00e7\u00f5es profundas no seio do partido.\u00a0<\/p>\n\n\n\n<p>N\u00e3o \u00e9 de agora o seu alerta sobre este div\u00f3rcio entre os democratas e os trabalhadores. Conhecido pela sua milit\u00e2ncia no espa\u00e7o p\u00fablico e medi\u00e1tico a partir de posi\u00e7\u00f5es bem \u00e0 esquerda, por vezes associ\u00e1veis a um certo radicalismo, o senador n\u00e3o deixou passar a ocasi\u00e3o para denunciar os montantes astron\u00f3micos mobilizados para a chamada \u201cguerra total\u201d que ocorre na Palestina e no M\u00e9dio-Oriente enquanto milh\u00f5es de trabalhadores americanos est\u00e3o arredados de quaisquer sistemas de sa\u00fade e pagam os medicamentos a pre\u00e7os exorbitantes.&nbsp;<\/p>\n\n\n\n<p>O tema est\u00e1 lan\u00e7ado e os caminhos que se apresentam ao Partido Democrata para a defini\u00e7\u00e3o de uma estrat\u00e9gia que facilite a retoma de influ\u00eancia decisiva na cena pol\u00edtica do pa\u00eds, n\u00e3o ser\u00e3o nem f\u00e1ceis nem lineares. Dominado pelos\u00a0grandes interesses financeiros e por consultores pagos a pre\u00e7o de ouro, como Sanders refere nas suas declara\u00e7\u00f5es, os democratas ter\u00e3o que ultrapassar esta barreira para que uma reconcilia\u00e7\u00e3o do partido com o mundo do trabalho ocorra. Assim como adiantou Bernie Sanders <strong>\u201cNas pr\u00f3ximas semanas e meses, aqueles entre n\u00f3s que est\u00e3o preocupados com a democracia de bases e a justi\u00e7a econ\u00f3mica t\u00eam de ter discuss\u00f5es pol\u00edticas muito s\u00e9rias\u201d<\/strong>, declarou, deixando o desafio.\u00a0<\/p>\n\n\n\n<p><\/p>\n","protected":false},"excerpt":{"rendered":"<p>Bernie Sanders acusa o Partido Democrata de ter abandonado a causa dos trabalhadores\u00a0 Na mesma&#8230;<\/p>\n","protected":false},"author":2,"featured_media":12899,"comment_status":"open","ping_status":"open","sticky":true,"template":"","format":"standard","meta":{"sfsi_plus_gutenberg_text_before_share":"","sfsi_plus_gutenberg_show_text_before_share":"","sfsi_plus_gutenberg_icon_type":"","sfsi_plus_gutenberg_icon_alignemt":"","sfsi_plus_gutenburg_max_per_row":"","ngg_post_thumbnail":0,"footnotes":""},"categories":[238,455],"tags":[601],"featured_image_urls":{"full":["https:\/\/nsf.pt\/wp-content\/uploads\/2024\/11\/sanders.jpg",1266,651,false],"thumbnail":["https:\/\/nsf.pt\/wp-content\/uploads\/2024\/11\/sanders-150x150.jpg",150,150,true],"medium":["https:\/\/nsf.pt\/wp-content\/uploads\/2024\/11\/sanders-300x154.jpg",300,154,true],"medium_large":["https:\/\/nsf.pt\/wp-content\/uploads\/2024\/11\/sanders-768x395.jpg",640,329,true],"large":["https:\/\/nsf.pt\/wp-content\/uploads\/2024\/11\/sanders-1024x527.jpg",640,329,true],"1536x1536":["https:\/\/nsf.pt\/wp-content\/uploads\/2024\/11\/sanders.jpg",1266,651,false],"2048x2048":["https:\/\/nsf.pt\/wp-content\/uploads\/2024\/11\/sanders.jpg",1266,651,false],"covernews-slider-full":["https:\/\/nsf.pt\/wp-content\/uploads\/2024\/11\/sanders-1115x651.jpg",1115,651,true],"covernews-slider-center":["https:\/\/nsf.pt\/wp-content\/uploads\/2024\/11\/sanders-800x500.jpg",800,500,true],"covernews-featured":["https:\/\/nsf.pt\/wp-content\/uploads\/2024\/11\/sanders-1024x527.jpg",1024,527,true],"covernews-medium":["https:\/\/nsf.pt\/wp-content\/uploads\/2024\/11\/sanders-540x340.jpg",540,340,true],"covernews-medium-square":["https:\/\/nsf.pt\/wp-content\/uploads\/2024\/11\/sanders-400x250.jpg",400,250,true]},"author_info":{"info":["Carlos Ribeiro"]},"category_info":"<a href=\"https:\/\/nsf.pt\/index.php\/category\/destaque\/\" rel=\"category tag\">DESTAQUE<\/a> <a href=\"https:\/\/nsf.pt\/index.php\/category\/tribuna-2\/\" rel=\"category tag\">TRIBUNA<\/a>","tag_info":"TRIBUNA","comment_count":"0","_links":{"self":[{"href":"https:\/\/nsf.pt\/index.php\/wp-json\/wp\/v2\/posts\/12898"}],"collection":[{"href":"https:\/\/nsf.pt\/index.php\/wp-json\/wp\/v2\/posts"}],"about":[{"href":"https:\/\/nsf.pt\/index.php\/wp-json\/wp\/v2\/types\/post"}],"author":[{"embeddable":true,"href":"https:\/\/nsf.pt\/index.php\/wp-json\/wp\/v2\/users\/2"}],"replies":[{"embeddable":true,"href":"https:\/\/nsf.pt\/index.php\/wp-json\/wp\/v2\/comments?post=12898"}],"version-history":[{"count":1,"href":"https:\/\/nsf.pt\/index.php\/wp-json\/wp\/v2\/posts\/12898\/revisions"}],"predecessor-version":[{"id":12900,"href":"https:\/\/nsf.pt\/index.php\/wp-json\/wp\/v2\/posts\/12898\/revisions\/12900"}],"wp:featuredmedia":[{"embeddable":true,"href":"https:\/\/nsf.pt\/index.php\/wp-json\/wp\/v2\/media\/12899"}],"wp:attachment":[{"href":"https:\/\/nsf.pt\/index.php\/wp-json\/wp\/v2\/media?parent=12898"}],"wp:term":[{"taxonomy":"category","embeddable":true,"href":"https:\/\/nsf.pt\/index.php\/wp-json\/wp\/v2\/categories?post=12898"},{"taxonomy":"post_tag","embeddable":true,"href":"https:\/\/nsf.pt\/index.php\/wp-json\/wp\/v2\/tags?post=12898"}],"curies":[{"name":"wp","href":"https:\/\/api.w.org\/{rel}","templated":true}]}}